{"id":8728,"date":"2018-01-29T17:41:11","date_gmt":"2018-01-29T16:41:11","guid":{"rendered":"http:\/\/jumelage.org\/francais\/?p=8728"},"modified":"2020-11-10T11:26:45","modified_gmt":"2020-11-10T10:26:45","slug":"9-11-2001","status":"publish","type":"post","link":"http:\/\/jumelage.org\/francais\/9-11-2001\/","title":{"rendered":"9 \/ 11 (2001)"},"content":{"rendered":"<div id=\"pl-8728\"  class=\"panel-layout\" ><div id=\"pg-8728-0\"  class=\"panel-grid panel-has-style\" ><div style=\"padding: 100px 0; \" data-overlay=\"true\" class=\"panel-row-style panel-row-style-for-8728-0\" ><div id=\"pgc-8728-0-0\"  class=\"panel-grid-cell\" ><div id=\"panel-8728-0-0-0\" class=\"so-panel widget widget_sow-editor panel-first-child panel-last-child\" data-index=\"0\" ><div\n\t\t\t\n\t\t\tclass=\"so-widget-sow-editor so-widget-sow-editor-base\"\n\t\t\t\n\t\t>\n<div class=\"siteorigin-widget-tinymce textwidget\">\n\t<h3 style=\"text-align: center;\"><span style=\"font-size: 24px;\"><strong>11 septembre 2001 - Attentats contre le World Trade Center et le Pentagone<\/strong><\/span><\/h3>\n<pre><em>Herodote.net \u2013 Andr\u00e9 Laran\u00e9 \u2013 11 sep 2016<\/em><\/pre>\n<p style=\"text-align: center;\"><strong><em>Le 11 septembre 2001, pour la troisi\u00e8me fois de leur Histoire apr\u00e8s la guerre anglo-am\u00e9ricaine de 1812, l\u2019attaque de Pearl Harbor le 7 d\u00e9cembre 1941, les \u00c9tats-Unis sont agress\u00e9s sur leur propre sol.<\/em><\/strong><\/p>\n<p><img decoding=\"async\" class=\"wp-image-8729 aligncenter\" src=\"http:\/\/jumelage.org\/francais\/wp-content\/uploads\/2018\/01\/9-11.jpg\" alt=\"\" width=\"921\" height=\"639\" srcset=\"https:\/\/jumelage.org\/francais\/wp-content\/uploads\/2018\/01\/9-11.jpg 643w, https:\/\/jumelage.org\/francais\/wp-content\/uploads\/2018\/01\/9-11-300x208.jpg 300w, https:\/\/jumelage.org\/francais\/wp-content\/uploads\/2018\/01\/9-11-230x160.jpg 230w, https:\/\/jumelage.org\/francais\/wp-content\/uploads\/2018\/01\/9-11-350x243.jpg 350w, https:\/\/jumelage.org\/francais\/wp-content\/uploads\/2018\/01\/9-11-480x333.jpg 480w\" sizes=\"(max-width: 921px) 100vw, 921px\" \/><\/p>\n<p style=\"text-align: center;\"><span style=\"font-size: 12px;\"><em>Les tours du World Trade Center frapp\u00e9es par les avions des terroristes (11 septembre 2001)<\/em><\/span><\/p>\n<p style=\"text-align: justify;\"><span style=\"color: #ffffff;\">.\u00a0\u00a0\u00a0\u00a0\u00a0\u00a0\u00a0\u00a0\u00a0\u00a0\u00a0<\/span> Quatre avions de ligne sont d\u00e9tourn\u00e9s par des terroristes islamistes de la mouvance <em>al-Qaida<\/em>. Deux s'\u00e9crasent avec leurs occupants sur les tours jumelles du <em>World Trade Center<\/em>, \u00e0 New York, et un troisi\u00e8me sur le Pentagone (le minist\u00e8re des arm\u00e9es), \u00e0 Washington. Le quatri\u00e8me s'\u00e9crase dans un bois de Pennsylvanie, les passagers ayant tent\u00e9 au sacrifice de leur vie de ma\u00eetriser les terroristes.<\/p>\n<p style=\"text-align: justify;\">Au total, environ 3\u00a0000 morts et disparus. L'effondrement des tours ayant \u00e9t\u00e9 film\u00e9 en direct, l'\u00e9motion est immense dans le monde.<\/p>\n<p style=\"text-align: justify;\">Les Am\u00e9ricains sont d'autant plus constern\u00e9s que le chef du commando terroriste,\u00a0Mohammed Atta, jeune architecte d'origine \u00e9gyptienne, donnait l'apparence d'\u00eatre bien int\u00e9gr\u00e9 dans leur soci\u00e9t\u00e9, tout comme ses acolytes.<\/p>\n<p style=\"text-align: justify;\">Le pr\u00e9sident George Bush <em>Jr<\/em>, apr\u00e8s un moment d'\u00e9garement, engage le fer contre <em>al-Qaida<\/em> et son chef myst\u00e9rieux\u00a0Oussama Ben Laden, h\u00e9ritier d'une richissime famille d'Arabie s\u00e9oudite originaire du Y\u00e9men, tr\u00e8s proche des cercles du pouvoir de Riyad. Moins d'un mois plus tard, une coalition internationale envahit l'Afghanistan, o\u00f9 Ben Laden a trouv\u00e9 refuge aupr\u00e8s des <em>talibans<\/em> islamistes. Au bout de quelques mois de frappes militaires, le gouvernement am\u00e9ricain et ses alli\u00e9s caressent l'espoir\u00a0d'avoir vaincu l'hydre terroriste. Ben Laden lui-m\u00eame est abattu dans son repaire pakistanais, le 2 mai 2011, soit dix ans apr\u00e8s les attentats...<\/p>\n<p style=\"text-align: justify;\">En d\u00e9pit de leur retentissement m\u00e9diatique, les attentats de New York et Washington inaugurent une d\u00e9cennie relativement peu meurtri\u00e8re,\u00a0en d\u00e9finitive comme\u00a0la moins belliciste\u00a0dans le monde depuis au moins un si\u00e8cle.<\/p>\n<p style=\"text-align: justify;\">Cette premi\u00e8re d\u00e9cennie du XXIe si\u00e8cle s'ach\u00e8ve sur les r\u00e9volutions arabes, per\u00e7ues comme un pied-de-nez aux terroristes d'<em>al-Qaida<\/em> et \u00e0 l'islamisme apparu\u00a0vingt ans plus t\u00f4t en Iran. Elles vont malheureusement tourner court.<\/p>\n<p style=\"text-align: justify;\"><strong>De graves cons\u00e9quences sur le long terme<\/strong><\/p>\n<p style=\"text-align: justify;\"><span style=\"color: #ffffff;\">.\u00a0\u00a0\u00a0\u00a0\u00a0\u00a0\u00a0\u00a0\u00a0\u00a0\u00a0<\/span> Les attentats ont de graves cons\u00e9quences int\u00e9rieures aux \u00c9tats-Unis, avec des r\u00e9percussions \u00e9normes et dramatiques en Europe occidentale et au Moyen-Orient. Celles-ci sont de trois ordres :<\/p>\n<p style=\"text-align: justify;\">- Soucieux\u00a0de lutter\u00a0contre le terrorisme, les gouvernements multiplient les mesures r\u00e9pressives jusqu'\u00e0 banaliser des dispositions orwelliennes (cam\u00e9ras de surveillance, fichage des empreintes ADN, fouilles au corps...).<\/p>\n<p style=\"text-align: justify;\">- Pour restaurer la confiance apr\u00e8s le choc \u00e9motionnel des attentats, le gouvernement am\u00e9ricain convainc la <em>R\u00e9serve F\u00e9d\u00e9rale<\/em> et les banques d'ouvrir les vannes du cr\u00e9dit. Il va s'ensuivre une bulle sp\u00e9culative et le d\u00e9veloppement des <em>\u00ab\u00a0hedge funds\u00a0\u00bb<\/em> ou <em>fonds de couverture<\/em> jusqu'\u00e0 l'effondrement bancaire de 2008 avec ses r\u00e9percussions foudroyantes sur l'Europe et la zone euro.<\/p>\n<p style=\"text-align: justify;\">- Ayant\u00a0engag\u00e9\u00a0des op\u00e9rations militaires tr\u00e8s co\u00fbteuses (et vaines) en Afghanistan et en Irak, le\u00a0gouvernement de George Bush se refuse \u00e0 couvrir les d\u00e9penses suppl\u00e9mentaires par des hausses d'imp\u00f4t. Il s'ensuit une aggravation exponentielle des d\u00e9ficits am\u00e9ricains\u00a0: dette publique et d\u00e9ficit commercial (<em>\u00ab\u00a0twin deficits\u00a0\u00bb<\/em> ou <em>d\u00e9ficits jumeaux<\/em>) au profit surtout de la Chine.<\/p>\n<p style=\"text-align: justify;\">- Plus gravement, au Moyen-Orient, les interventions en Afghanistan et surtout en Irak ont pour effet de d\u00e9stabiliser tout l'Orient arabe et de r\u00e9activer avec une ampleur in\u00e9dite les conflits communautaires entre sunnites, chiites et autres.<\/p>\n<p style=\"text-align: justify;\">Tous les ingr\u00e9dients des crises des ann\u00e9es 2010, en Europe comme au Moyen-Orient trouvent ainsi une bonne part de leur origine dans les attentats du 11 septembre 2001 et, plus encore, dans la mani\u00e8re dont le gouvernement am\u00e9ricain a r\u00e9agi \u00e0 celles-ci. De ce point de vue, la mort du terroriste Mohammed Atta, de ses complices et de leurs malheureuses victimes n'a pas \u00e9t\u00e9 sans effet sur le d\u00e9roulement de l'Histoire.<\/p>\n<\/div>\n<\/div><\/div><\/div><\/div><\/div><\/div>","protected":false},"excerpt":{"rendered":"<p>11 septembre 2001 &#8211; Attentats contre le World Trade Center et le Pentagone Herodote.net \u2013 Andr\u00e9 Laran\u00e9 \u2013 11 sep 2016 Le 11 septembre 2001, [&hellip;]<\/p>\n","protected":false},"author":1,"featured_media":8729,"comment_status":"open","ping_status":"open","sticky":false,"template":"post-templates\/post_full.php","format":"standard","meta":{"two_page_speed":[],"footnotes":""},"categories":[13],"tags":[],"class_list":["post-8728","post","type-post","status-publish","format-standard","has-post-thumbnail","hentry","category-la-voie-des-usa"],"yoast_head":"<!-- This site is optimized with the Yoast SEO plugin v27.5 - https:\/\/yoast.com\/product\/yoast-seo-wordpress\/ -->\n<title>9 \/ 11 (2001) Jumelage<\/title>\n<meta name=\"robots\" content=\"index, follow, max-snippet:-1, max-image-preview:large, max-video-preview:-1\" \/>\n<link rel=\"canonical\" href=\"http:\/\/jumelage.org\/francais\/9-11-2001\/\" \/>\n<meta property=\"og:locale\" content=\"fr_FR\" \/>\n<meta property=\"og:type\" content=\"article\" \/>\n<meta property=\"og:title\" content=\"9 \/ 11 (2001) Jumelage\" \/>\n<meta property=\"og:description\" content=\"11 septembre 2001 - Attentats contre le World Trade Center et le Pentagone Herodote.net \u2013 Andr\u00e9 Laran\u00e9 \u2013 11 sep 2016 Le 11 septembre 2001, [&hellip;]\" \/>\n<meta property=\"og:url\" content=\"http:\/\/jumelage.org\/francais\/9-11-2001\/\" \/>\n<meta property=\"og:site_name\" content=\"Jumelage\" \/>\n<meta property=\"article:publisher\" content=\"http:\/\/www.facebook.com\/jumelagew.sgl\/\" \/>\n<meta property=\"article:published_time\" content=\"2018-01-29T16:41:11+00:00\" \/>\n<meta property=\"article:modified_time\" content=\"2020-11-10T10:26:45+00:00\" \/>\n<meta property=\"og:image\" content=\"https:\/\/jumelage.org\/francais\/wp-content\/uploads\/2018\/01\/9-11.jpg\" \/>\n\t<meta property=\"og:image:width\" content=\"643\" \/>\n\t<meta property=\"og:image:height\" content=\"446\" \/>\n\t<meta property=\"og:image:type\" content=\"image\/jpeg\" \/>\n<meta name=\"author\" content=\"JumSGLW\" \/>\n<meta name=\"twitter:card\" content=\"summary_large_image\" \/>\n<meta name=\"twitter:label1\" content=\"\u00c9crit par\" \/>\n\t<meta name=\"twitter:data1\" content=\"JumSGLW\" \/>\n\t<meta name=\"twitter:label2\" content=\"Dur\u00e9e de lecture estim\u00e9e\" \/>\n\t<meta name=\"twitter:data2\" content=\"3 minutes\" \/>\n<script type=\"application\/ld+json\" class=\"yoast-schema-graph\">{\"@context\":\"https:\\\/\\\/schema.org\",\"@graph\":[{\"@type\":\"Article\",\"@id\":\"http:\\\/\\\/jumelage.org\\\/francais\\\/9-11-2001\\\/#article\",\"isPartOf\":{\"@id\":\"http:\\\/\\\/jumelage.org\\\/francais\\\/9-11-2001\\\/\"},\"author\":{\"name\":\"JumSGLW\",\"@id\":\"https:\\\/\\\/jumelage.org\\\/francais\\\/#\\\/schema\\\/person\\\/74dafcd8c5dfbdc6c0bfb7efcd1020be\"},\"headline\":\"9 \\\/ 11 (2001)\",\"datePublished\":\"2018-01-29T16:41:11+00:00\",\"dateModified\":\"2020-11-10T10:26:45+00:00\",\"mainEntityOfPage\":{\"@id\":\"http:\\\/\\\/jumelage.org\\\/francais\\\/9-11-2001\\\/\"},\"wordCount\":679,\"commentCount\":0,\"image\":{\"@id\":\"http:\\\/\\\/jumelage.org\\\/francais\\\/9-11-2001\\\/#primaryimage\"},\"thumbnailUrl\":\"https:\\\/\\\/jumelage.org\\\/francais\\\/wp-content\\\/uploads\\\/2018\\\/01\\\/9-11.jpg\",\"articleSection\":[\"La voie des USA\"],\"inLanguage\":\"fr-FR\",\"potentialAction\":[{\"@type\":\"CommentAction\",\"name\":\"Comment\",\"target\":[\"http:\\\/\\\/jumelage.org\\\/francais\\\/9-11-2001\\\/#respond\"]}]},{\"@type\":\"WebPage\",\"@id\":\"http:\\\/\\\/jumelage.org\\\/francais\\\/9-11-2001\\\/\",\"url\":\"http:\\\/\\\/jumelage.org\\\/francais\\\/9-11-2001\\\/\",\"name\":\"9 \\\/ 11 (2001) Jumelage\",\"isPartOf\":{\"@id\":\"https:\\\/\\\/jumelage.org\\\/francais\\\/#website\"},\"primaryImageOfPage\":{\"@id\":\"http:\\\/\\\/jumelage.org\\\/francais\\\/9-11-2001\\\/#primaryimage\"},\"image\":{\"@id\":\"http:\\\/\\\/jumelage.org\\\/francais\\\/9-11-2001\\\/#primaryimage\"},\"thumbnailUrl\":\"https:\\\/\\\/jumelage.org\\\/francais\\\/wp-content\\\/uploads\\\/2018\\\/01\\\/9-11.jpg\",\"datePublished\":\"2018-01-29T16:41:11+00:00\",\"dateModified\":\"2020-11-10T10:26:45+00:00\",\"author\":{\"@id\":\"https:\\\/\\\/jumelage.org\\\/francais\\\/#\\\/schema\\\/person\\\/74dafcd8c5dfbdc6c0bfb7efcd1020be\"},\"breadcrumb\":{\"@id\":\"http:\\\/\\\/jumelage.org\\\/francais\\\/9-11-2001\\\/#breadcrumb\"},\"inLanguage\":\"fr-FR\",\"potentialAction\":[{\"@type\":\"ReadAction\",\"target\":[\"http:\\\/\\\/jumelage.org\\\/francais\\\/9-11-2001\\\/\"]}]},{\"@type\":\"ImageObject\",\"inLanguage\":\"fr-FR\",\"@id\":\"http:\\\/\\\/jumelage.org\\\/francais\\\/9-11-2001\\\/#primaryimage\",\"url\":\"https:\\\/\\\/jumelage.org\\\/francais\\\/wp-content\\\/uploads\\\/2018\\\/01\\\/9-11.jpg\",\"contentUrl\":\"https:\\\/\\\/jumelage.org\\\/francais\\\/wp-content\\\/uploads\\\/2018\\\/01\\\/9-11.jpg\",\"width\":643,\"height\":446},{\"@type\":\"BreadcrumbList\",\"@id\":\"http:\\\/\\\/jumelage.org\\\/francais\\\/9-11-2001\\\/#breadcrumb\",\"itemListElement\":[{\"@type\":\"ListItem\",\"position\":1,\"name\":\"Accueil\",\"item\":\"https:\\\/\\\/jumelage.org\\\/francais\\\/\"},{\"@type\":\"ListItem\",\"position\":2,\"name\":\"9 \\\/ 11 (2001)\"}]},{\"@type\":\"WebSite\",\"@id\":\"https:\\\/\\\/jumelage.org\\\/francais\\\/#website\",\"url\":\"https:\\\/\\\/jumelage.org\\\/francais\\\/\",\"name\":\"Jumelage\",\"description\":\"Saint-Germain-en-Laye &amp; Winchester (MA)\",\"potentialAction\":[{\"@type\":\"SearchAction\",\"target\":{\"@type\":\"EntryPoint\",\"urlTemplate\":\"https:\\\/\\\/jumelage.org\\\/francais\\\/?s={search_term_string}\"},\"query-input\":{\"@type\":\"PropertyValueSpecification\",\"valueRequired\":true,\"valueName\":\"search_term_string\"}}],\"inLanguage\":\"fr-FR\"},{\"@type\":\"Person\",\"@id\":\"https:\\\/\\\/jumelage.org\\\/francais\\\/#\\\/schema\\\/person\\\/74dafcd8c5dfbdc6c0bfb7efcd1020be\",\"name\":\"JumSGLW\",\"image\":{\"@type\":\"ImageObject\",\"inLanguage\":\"fr-FR\",\"@id\":\"https:\\\/\\\/secure.gravatar.com\\\/avatar\\\/3d3cad377d924d636d7d20ae9f968d4816d16114a561888c0a1668606eb9b7be?s=96&d=mm&r=g\",\"url\":\"https:\\\/\\\/secure.gravatar.com\\\/avatar\\\/3d3cad377d924d636d7d20ae9f968d4816d16114a561888c0a1668606eb9b7be?s=96&d=mm&r=g\",\"contentUrl\":\"https:\\\/\\\/secure.gravatar.com\\\/avatar\\\/3d3cad377d924d636d7d20ae9f968d4816d16114a561888c0a1668606eb9b7be?s=96&d=mm&r=g\",\"caption\":\"JumSGLW\"},\"url\":\"http:\\\/\\\/jumelage.org\\\/francais\\\/author\\\/jumsglw\\\/\"}]}<\/script>\n<!-- \/ Yoast SEO plugin. -->","yoast_head_json":{"title":"9 \/ 11 (2001) Jumelage","robots":{"index":"index","follow":"follow","max-snippet":"max-snippet:-1","max-image-preview":"max-image-preview:large","max-video-preview":"max-video-preview:-1"},"canonical":"http:\/\/jumelage.org\/francais\/9-11-2001\/","og_locale":"fr_FR","og_type":"article","og_title":"9 \/ 11 (2001) Jumelage","og_description":"11 septembre 2001 - Attentats contre le World Trade Center et le Pentagone Herodote.net \u2013 Andr\u00e9 Laran\u00e9 \u2013 11 sep 2016 Le 11 septembre 2001, [&hellip;]","og_url":"http:\/\/jumelage.org\/francais\/9-11-2001\/","og_site_name":"Jumelage","article_publisher":"http:\/\/www.facebook.com\/jumelagew.sgl\/","article_published_time":"2018-01-29T16:41:11+00:00","article_modified_time":"2020-11-10T10:26:45+00:00","og_image":[{"width":643,"height":446,"url":"https:\/\/jumelage.org\/francais\/wp-content\/uploads\/2018\/01\/9-11.jpg","type":"image\/jpeg"}],"author":"JumSGLW","twitter_card":"summary_large_image","twitter_misc":{"\u00c9crit par":"JumSGLW","Dur\u00e9e de lecture estim\u00e9e":"3 minutes"},"schema":{"@context":"https:\/\/schema.org","@graph":[{"@type":"Article","@id":"http:\/\/jumelage.org\/francais\/9-11-2001\/#article","isPartOf":{"@id":"http:\/\/jumelage.org\/francais\/9-11-2001\/"},"author":{"name":"JumSGLW","@id":"https:\/\/jumelage.org\/francais\/#\/schema\/person\/74dafcd8c5dfbdc6c0bfb7efcd1020be"},"headline":"9 \/ 11 (2001)","datePublished":"2018-01-29T16:41:11+00:00","dateModified":"2020-11-10T10:26:45+00:00","mainEntityOfPage":{"@id":"http:\/\/jumelage.org\/francais\/9-11-2001\/"},"wordCount":679,"commentCount":0,"image":{"@id":"http:\/\/jumelage.org\/francais\/9-11-2001\/#primaryimage"},"thumbnailUrl":"https:\/\/jumelage.org\/francais\/wp-content\/uploads\/2018\/01\/9-11.jpg","articleSection":["La voie des USA"],"inLanguage":"fr-FR","potentialAction":[{"@type":"CommentAction","name":"Comment","target":["http:\/\/jumelage.org\/francais\/9-11-2001\/#respond"]}]},{"@type":"WebPage","@id":"http:\/\/jumelage.org\/francais\/9-11-2001\/","url":"http:\/\/jumelage.org\/francais\/9-11-2001\/","name":"9 \/ 11 (2001) Jumelage","isPartOf":{"@id":"https:\/\/jumelage.org\/francais\/#website"},"primaryImageOfPage":{"@id":"http:\/\/jumelage.org\/francais\/9-11-2001\/#primaryimage"},"image":{"@id":"http:\/\/jumelage.org\/francais\/9-11-2001\/#primaryimage"},"thumbnailUrl":"https:\/\/jumelage.org\/francais\/wp-content\/uploads\/2018\/01\/9-11.jpg","datePublished":"2018-01-29T16:41:11+00:00","dateModified":"2020-11-10T10:26:45+00:00","author":{"@id":"https:\/\/jumelage.org\/francais\/#\/schema\/person\/74dafcd8c5dfbdc6c0bfb7efcd1020be"},"breadcrumb":{"@id":"http:\/\/jumelage.org\/francais\/9-11-2001\/#breadcrumb"},"inLanguage":"fr-FR","potentialAction":[{"@type":"ReadAction","target":["http:\/\/jumelage.org\/francais\/9-11-2001\/"]}]},{"@type":"ImageObject","inLanguage":"fr-FR","@id":"http:\/\/jumelage.org\/francais\/9-11-2001\/#primaryimage","url":"https:\/\/jumelage.org\/francais\/wp-content\/uploads\/2018\/01\/9-11.jpg","contentUrl":"https:\/\/jumelage.org\/francais\/wp-content\/uploads\/2018\/01\/9-11.jpg","width":643,"height":446},{"@type":"BreadcrumbList","@id":"http:\/\/jumelage.org\/francais\/9-11-2001\/#breadcrumb","itemListElement":[{"@type":"ListItem","position":1,"name":"Accueil","item":"https:\/\/jumelage.org\/francais\/"},{"@type":"ListItem","position":2,"name":"9 \/ 11 (2001)"}]},{"@type":"WebSite","@id":"https:\/\/jumelage.org\/francais\/#website","url":"https:\/\/jumelage.org\/francais\/","name":"Jumelage","description":"Saint-Germain-en-Laye &amp; Winchester (MA)","potentialAction":[{"@type":"SearchAction","target":{"@type":"EntryPoint","urlTemplate":"https:\/\/jumelage.org\/francais\/?s={search_term_string}"},"query-input":{"@type":"PropertyValueSpecification","valueRequired":true,"valueName":"search_term_string"}}],"inLanguage":"fr-FR"},{"@type":"Person","@id":"https:\/\/jumelage.org\/francais\/#\/schema\/person\/74dafcd8c5dfbdc6c0bfb7efcd1020be","name":"JumSGLW","image":{"@type":"ImageObject","inLanguage":"fr-FR","@id":"https:\/\/secure.gravatar.com\/avatar\/3d3cad377d924d636d7d20ae9f968d4816d16114a561888c0a1668606eb9b7be?s=96&d=mm&r=g","url":"https:\/\/secure.gravatar.com\/avatar\/3d3cad377d924d636d7d20ae9f968d4816d16114a561888c0a1668606eb9b7be?s=96&d=mm&r=g","contentUrl":"https:\/\/secure.gravatar.com\/avatar\/3d3cad377d924d636d7d20ae9f968d4816d16114a561888c0a1668606eb9b7be?s=96&d=mm&r=g","caption":"JumSGLW"},"url":"http:\/\/jumelage.org\/francais\/author\/jumsglw\/"}]}},"_links":{"self":[{"href":"http:\/\/jumelage.org\/francais\/wp-json\/wp\/v2\/posts\/8728","targetHints":{"allow":["GET"]}}],"collection":[{"href":"http:\/\/jumelage.org\/francais\/wp-json\/wp\/v2\/posts"}],"about":[{"href":"http:\/\/jumelage.org\/francais\/wp-json\/wp\/v2\/types\/post"}],"author":[{"embeddable":true,"href":"http:\/\/jumelage.org\/francais\/wp-json\/wp\/v2\/users\/1"}],"replies":[{"embeddable":true,"href":"http:\/\/jumelage.org\/francais\/wp-json\/wp\/v2\/comments?post=8728"}],"version-history":[{"count":0,"href":"http:\/\/jumelage.org\/francais\/wp-json\/wp\/v2\/posts\/8728\/revisions"}],"wp:featuredmedia":[{"embeddable":true,"href":"http:\/\/jumelage.org\/francais\/wp-json\/wp\/v2\/media\/8729"}],"wp:attachment":[{"href":"http:\/\/jumelage.org\/francais\/wp-json\/wp\/v2\/media?parent=8728"}],"wp:term":[{"taxonomy":"category","embeddable":true,"href":"http:\/\/jumelage.org\/francais\/wp-json\/wp\/v2\/categories?post=8728"},{"taxonomy":"post_tag","embeddable":true,"href":"http:\/\/jumelage.org\/francais\/wp-json\/wp\/v2\/tags?post=8728"}],"curies":[{"name":"wp","href":"https:\/\/api.w.org\/{rel}","templated":true}]}}