{"id":8340,"date":"2018-01-03T19:27:40","date_gmt":"2018-01-03T18:27:40","guid":{"rendered":"http:\/\/jumelage.org\/francais\/?p=8340"},"modified":"2018-02-16T13:53:57","modified_gmt":"2018-02-16T12:53:57","slug":"laventure-demographique-des-etats-unis","status":"publish","type":"post","link":"http:\/\/jumelage.org\/francais\/laventure-demographique-des-etats-unis\/","title":{"rendered":"L&rsquo;aventure d\u00e9mographique des Etats-Unis"},"content":{"rendered":"<div id=\"ez-toc-container\" class=\"ez-toc-v2_0_82_2 counter-hierarchy ez-toc-counter ez-toc-custom ez-toc-container-direction\">\n<nav><ul class='ez-toc-list ez-toc-list-level-1 ' ><li class='ez-toc-page-1 ez-toc-heading-level-4'><a class=\"ez-toc-link ez-toc-heading-1\" href=\"http:\/\/jumelage.org\/francais\/laventure-demographique-des-etats-unis\/#Laventure-demographique-des-Etats-Unis\" >L&rsquo;aventure d\u00e9mographique des Etats-Unis<\/a><\/li><li class='ez-toc-page-1 ez-toc-heading-level-4'><a class=\"ez-toc-link ez-toc-heading-2\" href=\"http:\/\/jumelage.org\/francais\/laventure-demographique-des-etats-unis\/#Ces-Francais-dAmerique\" >Ces Fran\u00e7ais d\u2019Am\u00e9rique<\/a><\/li><\/ul><\/nav><\/div>\n<h4 style=\"text-align: center;\"><span class=\"ez-toc-section\" id=\"Laventure-demographique-des-Etats-Unis\"><\/span><span style=\"text-decoration: underline;\"><span style=\"font-size: 20px;\"><strong>L&rsquo;aventure d\u00e9mographique des Etats-Unis<\/strong><\/span><\/span><em><br \/>\n<\/em><span class=\"ez-toc-section-end\"><\/span><\/h4>\n<p>&nbsp;<\/p>\n<pre><em>H\u00e9rodote.net - G\u00e9rard-Fran\u00e7ois Dumont \u2013 10 d\u00e9c 2015<\/em> \u2013 Extraits -<\/pre>\n<p><em><span style=\"color: #ffffff;\">.\u00a0\u00a0\u00a0\u00a0\u00a0\u00a0\u00a0\u00a0\u00a0\u00a0\u00a0<\/span> \u2026<\/em> L&rsquo;Am\u00e9rique du Nord a 6 millions d&rsquo;habitants en 1800. En 2017, ils sont estim\u00e9s \u00e0 495 millions (+8\u00a0200%). Son poids d\u00e9mographique relatif dans le monde est ainsi pass\u00e9 de 0,7 \u00e0 6.5%. Les Etats-Unis compteront un peu plus de 323 millions d\u2019habitants en 2017, soit 4.2% de la population mondiale (estim\u00e9e \u00e0 7,550 milliards). \u2026<\/p>\n<p><strong><u>Diversit\u00e9 des flux migratoires<\/u><\/strong><\/p>\n<p><span style=\"color: #ffffff;\"><em>.\u00a0\u00a0\u00a0\u00a0\u00a0\u00a0\u00a0\u00a0\u00a0\u00a0\u00a0 <\/em><\/span>Le peuplement de l&rsquo;Am\u00e9rique provient d&rsquo;abord de l&rsquo;immigration, ou plut\u00f4t des immigrations, car il y a eu diverses vagues migratoires \u00e0 des \u00e9poques vari\u00e9es, provenant de pays non moins vari\u00e9s. Il convient par exemple de distinguer les premiers immigrants, espagnols, portugais, anglais, fran\u00e7ais, sans n\u00e9gliger l&rsquo;importation d&rsquo;esclaves noirs, puis la vague irlandaise, la vague allemande et la vague italienne.<\/p>\n<p>Le symbole que repr\u00e9sente le <em>Mayflower<\/em> est sans rapport avec son poids d\u00e9mographique. Les <em>\u00abp\u00e8lerins\u00bb<\/em> puritains anglais, partis le 6 septembre 1620 de Southampton et qui vont fonder Plymouth en Nouvelle-Angleterre, ne sont qu&rsquo;une centaine. Leur poids d\u00e9mographique est donc infime dans un continent qui comptait d\u00e9j\u00e0 une population dispers\u00e9e estim\u00e9e entre 500 000 et 1 500 000 habitants. Mais ce sont les premiers colons qui s&rsquo;installent sur cette terre et qui apprennent pour cela \u00e0 cultiver le ma\u00efs. Leur exemple attirera des milliers, puis des dizaines de milliers et des millions de personnes.<\/p>\n<p>Autre exemple, la vague irlandaise de 1846-48. Elle est le r\u00e9sultat de calamit\u00e9s naturelles, et plus pr\u00e9cis\u00e9ment de la maladie de la pomme de terre, \u00e0 l&rsquo;origine de la <a href=\"https:\/\/www.herodote.net\/histoire\/synthese.php?ID=37\"><em>Grande Famine<\/em><\/a> qui provoqua un choc d\u00e9mographique consid\u00e9rable: un million de morts et l&rsquo;\u00e9migration d&rsquo;un autre million de personnes, pour une population estim\u00e9e en 1841 \u00e0 8 175 000 \u00e2mes. Cette vague migratoire d&rsquo;un million d&rsquo;Irlandais para\u00eet consid\u00e9rable, mais elle n&rsquo;est que la phase aigu\u00eb d&rsquo;une tendance plus durable, mettant en jeu des chiffres consid\u00e9rables, car il est peu de pays au monde qui ait enregistr\u00e9 une \u00e9migration aussi massive que celle de l&rsquo;Irlande. Pour la p\u00e9riode 1845-1870, le chiffre est estim\u00e9 \u00e0 trois millions de d\u00e9parts, et sur environ deux si\u00e8cles, 1780-1970, \u00e0 dix millions. L&rsquo;Irlande a ainsi connu, tout particuli\u00e8rement dans la seconde moiti\u00e9 du XIXe si\u00e8cle, une v\u00e9ritable h\u00e9morragie d\u00e9mographique, passant des 8 175 000 habitants cit\u00e9s ci-dessus \u00e0 4 705 000 en 1891, chute de42% en d\u00e9pit d&rsquo;une f\u00e9condit\u00e9 assez \u00e9lev\u00e9e.<\/p>\n<p>\u2026\u00a0 Quant \u00e0 l&rsquo;\u00e9migration italienne vers l&rsquo;Am\u00e9rique, elle devient importante \u00e0 partir de 1885\u2026 \u00a0en Am\u00e9rique du Sud, et en particulier l\u2019Argentine, avant de s\u2019orienter vers les \u00c9tats-Unis \u2026<\/p>\n<p><strong><u>Le facteur politique<\/u><\/strong><\/p>\n<p><span style=\"color: #ffffff;\"><em>.\u00a0\u00a0\u00a0\u00a0\u00a0\u00a0\u00a0\u00a0\u00a0\u00a0\u00a0 <\/em><\/span>Le facteur politique est certain et ne se r\u00e9sume pas \u00e0 l&rsquo;exemple du <em>Mayflower<\/em>. Nombre de minorit\u00e9s ont cherch\u00e9 dans l&rsquo;Am\u00e9rique une r\u00e9ponse \u00e0 l&rsquo;oppression dont elles \u00e9taient l&rsquo;objet ou au souci de quitter un territoire sur lequel r\u00e9gnait un pouvoir peu appr\u00e9ci\u00e9. Les \u00e9migrations fran\u00e7aises (notamment lors de la Terreur), russes (apr\u00e8s la r\u00e9volution bolchevique d&rsquo;octobre 1917), polonaise (provoqu\u00e9es par les partitions, puis par l&#8217;empire sovi\u00e9tique) ou juives rel\u00e8vent de facteurs politiques incontestables.<\/p>\n<p>Mais il ne faudrait pas oublier les \u00e9migrations provoqu\u00e9es par la mis\u00e8re r\u00e9sultant des mauvaises politiques des pays d&rsquo;origine. Par exemple, l&rsquo;une des vagues migratoires de Grande-Bretagne vers les \u00c9tats-Unis r\u00e9sulta de la politique des <em>enclosures<\/em>. <em>Enclosant<\/em> les terres auparavant communes, emp\u00eachant les paysans de les exploiter pour leur compte et d&rsquo;y trouver bois et gibier, les riches propri\u00e9taires les r\u00e9duisaient \u00e0 la famine. De 1620 et 1642, 80.000 paysans britanniques, hommes, femmes et enfants, furent amen\u00e9s \u00e0 abandonner leurs villages pour tenter l&rsquo;aventure de l&rsquo;installation en Am\u00e9rique.<\/p>\n<p>Plus r\u00e9cemment, l&rsquo;\u00e9migration iranienne apr\u00e8s la r\u00e9volution de 1979 et la prise de pouvoir par l&rsquo;imam Khomeiny a \u00e9t\u00e9 une \u00e9migration politique. Il en est de m\u00eame de celle des boat people, r\u00e9sultant des politiques liberticides des gouvernements marxistes du Vietnam.<\/p>\n<p><strong><u>Le facteur \u00e9conomique<\/u><\/strong><\/p>\n<p><span style=\"color: #ffffff;\"><em>.\u00a0\u00a0\u00a0\u00a0\u00a0\u00a0\u00a0\u00a0\u00a0\u00a0\u00a0 <\/em><\/span>Mais d\u00e9j\u00e0, dans les derniers exemples, s&rsquo;entrem\u00ealent facteur politique et facteur \u00e9conomique. La naissance d\u00e9mographique de l&rsquo;Am\u00e9rique d\u00e9rive de l&rsquo;espoir \u00e9conomique que ce continent avait fait na\u00eetre : de vastes espaces, des terres vierges, des possibilit\u00e9s agricoles et m\u00eame une sorte de loterie avec l&rsquo;attrait des mines d&rsquo;or que de nombreux films, comme <em>La ru\u00e9e vers l&rsquo;or<\/em> de Chaplin, ont immortalis\u00e9. L&rsquo;essentiel a \u00e9t\u00e9 la disponibilit\u00e9 des terres, enlev\u00e9es sans scrupule, si n\u00e9cessaire, \u00e0 leurs premiers occupants. D&rsquo;ailleurs l&rsquo;Am\u00e9rique a \u00e9t\u00e9 un continent d&rsquo;agriculteurs. Cela a \u00e9t\u00e9 notamment vrai pour les Etats-Unis qui ont longtemps d\u00e9pendu de l&rsquo;Europe, et notamment de la Grande-Bretagne, pour leurs besoins industriels. Pour alimenter en eau San Francisco, il \u00e9tait plus simple de faire venir des tuyaux de Pont-\u00e0-Mousson en France que de la c\u00f4te Est de la f\u00e9d\u00e9ration.<\/p>\n<p>Le facteur \u00e9conomique a donc une double face: d&rsquo;un c\u00f4t\u00e9, il convient de consid\u00e9rer les difficult\u00e9s \u00e9conomiques subies par telle ou telle partie de la population. Ainsi la Grande-Bretagne, au XIXe si\u00e8cle, avait une situation \u00e9conomique plut\u00f4t meilleure que celles des autres pays et elle \u00e9tait m\u00eame le phare \u00e9conomique du monde, disposant d&rsquo;un Empire sur lequel <em>\u00able soleil ne se couchait jamais\u00bb<\/em>. Mais les \u00e9migrants furent des ruraux, confront\u00e9s aux \u00e9volutions des sp\u00e9culations agricoles moins exigeantes en main d&rsquo;oeuvre. D&rsquo;un autre c\u00f4t\u00e9, la situation \u00e9conomique des pays de destination a beaucoup d&rsquo;importance, selon les potentialit\u00e9s les plus apparentes, les variations conjoncturelles, la l\u00e9gislation et les facilit\u00e9s apport\u00e9es aux migrations (comme, par exemple, l&rsquo;octroi de terres).<\/p>\n<p><strong><u>Le facteur humain<\/u><\/strong><\/p>\n<p><em><span style=\"color: #ffffff;\">.\u00a0\u00a0\u00a0\u00a0\u00a0\u00a0\u00a0\u00a0\u00a0\u00a0\u00a0<\/span> <\/em>Il ne faudrait pas omettre le r\u00f4le des facteurs humains. L&rsquo;\u00e9migr\u00e9 potentiel est davantage tent\u00e9 de concr\u00e9tiser son projet s&rsquo;il sait qu&rsquo;il pourra \u00eatre accueilli dans le pays de destination par des compatriotes d\u00e9j\u00e0 install\u00e9s. Dans notre fin du XXe si\u00e8cle, ce type de migration est largement facilit\u00e9 d&rsquo;une part par les nouvelles techniques de communication permettant d&rsquo;avoir des \u00e9changes ais\u00e9s et fr\u00e9quents entre pays, et d&rsquo;autre part par la rapidit\u00e9 et le faible co\u00fbt des transports.<\/p>\n<p><strong><u>La transition migratoire<\/u><\/strong><\/p>\n<p><span style=\"color: #ffffff;\"><em>.\u00a0\u00a0\u00a0\u00a0\u00a0\u00a0\u00a0\u00a0\u00a0\u00a0\u00a0 <\/em><\/span>\u2026 Le taux d&rsquo;\u00e9migration des populations du Royaume-Uni, d&rsquo;Irlande, d&rsquo;Allemagne, puis apr\u00e8s de Norv\u00e8ge et de Su\u00e8de, culmine dans les ann\u00e9es 1880, au moment m\u00eame o\u00f9 leur taux d&rsquo;accroissement naturel culmine \u00e9galement. La Norv\u00e8ge a envoy\u00e9 vers les \u00c9tats-Unis les deux tiers de l&rsquo;accroissement naturel de sa population, et la malheureuse Irlande plus que la totalit\u00e9 de cet accroissement naturel.<\/p>\n<p>Pour les pays d&rsquo;Europe m\u00e9ridionale et orientale, dont la transition d\u00e9mographique a \u00e9t\u00e9 plus tardive, les niveaux maximaux se constatent apr\u00e8s 1900\u2026<\/p>\n<p><strong><u>Les pays les plus attirants<\/u><\/strong><\/p>\n<p><span style=\"color: #ffffff;\"><em>.\u00a0\u00a0\u00a0\u00a0\u00a0\u00a0\u00a0\u00a0\u00a0\u00a0\u00a0 <\/em><\/span>L&rsquo;ensemble des causes de l&rsquo;\u00e9migration va entra\u00eener entre 1821 et 1933, ces dates r\u00e9sultant des donn\u00e9es statistiques disponibles, une \u00e9migration consid\u00e9rable, particuli\u00e8rement vers les Am\u00e9riques. En effet, parmi les onze pays qui re\u00e7oivent pendant cette p\u00e9riode plus de 500 000 immigrants, quatre seulement ne sont pas am\u00e9ricains: l&rsquo;Australie, l&rsquo;Afrique du Sud, la Nouvelle-Z\u00e9lande et Maurice. Ils ont re\u00e7u 4 932 000 immigrants, soit une proportion limit\u00e9e, 8,71% du total, alors que les sept autres pays, tous en Am\u00e9rique, en ont re\u00e7u 51 856 000. Ces apports ont \u00e9t\u00e9 d&rsquo;ailleurs tr\u00e8s in\u00e9galement r\u00e9partis, puisque les \u00c9tats-Unis se sont taill\u00e9s la part du lion avec 34 244 000 immigrants, soit 66% du total. Ensuite viennent l&rsquo;Argentine (6 405 000), le Canada (5 906 000), le Br\u00e9sil (4 431 000), Cuba (857 000) et l&rsquo;Uruguay (713 000).<\/p>\n<p>Si l&rsquo;on rapporte ces flux d&rsquo;immigration \u00e0 la population initiale, le classement est l\u00e9g\u00e8rement diff\u00e9rent puis qu&rsquo;arrivent en t\u00eate, selon les estimations, l&rsquo;Uruguay, dont les immigrants auraient repr\u00e9sent\u00e9 huit fois la population initiale, le Canada, 5,5 fois plus, l&rsquo;Argentine, 5 fois plus comme les \u00c9tats-Unis, dont la population \u00e9tait estim\u00e9e en 1821 \u00e0 10 701 000 habitants\u2026<\/p>\n<p><strong><u>Effets indirects<\/u><\/strong><\/p>\n<p><span style=\"color: #ffffff;\"><em>.\u00a0\u00a0\u00a0\u00a0\u00a0\u00a0\u00a0\u00a0\u00a0\u00a0\u00a0 <\/em><\/span>\u2026. <em>In fine<\/em>, il serait tout \u00e0 fait excessif de pr\u00e9tendre que l&rsquo;Am\u00e9rique serait sous-peupl\u00e9e si elle n&rsquo;avait pas b\u00e9n\u00e9fici\u00e9 de l&rsquo;immigration. On peut en effet admettre que si sa population avait cru comme la moyenne des populations du monde, elle serait pass\u00e9e de 12 millions, chiffre estim\u00e9 pour 1750, \u00e0 86 millions en 1995, chiffre \u00e9videmment nettement inf\u00e9rieur aux 774 millions estim\u00e9s\u2026<\/p>\n<p style=\"text-align: justify;\"><em><span style=\"color: #ffffff;\">.\u00a0\u00a0\u00a0\u00a0\u00a0\u00a0\u00a0\u00a0\u00a0\u00a0<\/span><br \/>\n<\/em><\/p>\n<p><img decoding=\"async\" class=\"alignnone wp-image-8344\" src=\"http:\/\/jumelage.org\/francais\/wp-content\/uploads\/2018\/01\/Largest-ancestry.jpg\" alt=\"\" width=\"1309\" height=\"973\" srcset=\"https:\/\/jumelage.org\/francais\/wp-content\/uploads\/2018\/01\/Largest-ancestry.jpg 990w, https:\/\/jumelage.org\/francais\/wp-content\/uploads\/2018\/01\/Largest-ancestry-300x223.jpg 300w, https:\/\/jumelage.org\/francais\/wp-content\/uploads\/2018\/01\/Largest-ancestry-768x571.jpg 768w, https:\/\/jumelage.org\/francais\/wp-content\/uploads\/2018\/01\/Largest-ancestry-830x617.jpg 830w, https:\/\/jumelage.org\/francais\/wp-content\/uploads\/2018\/01\/Largest-ancestry-230x171.jpg 230w, https:\/\/jumelage.org\/francais\/wp-content\/uploads\/2018\/01\/Largest-ancestry-350x260.jpg 350w, https:\/\/jumelage.org\/francais\/wp-content\/uploads\/2018\/01\/Largest-ancestry-480x357.jpg 480w\" sizes=\"(max-width: 1309px) 100vw, 1309px\" \/><\/p>\n<p>&nbsp;<\/p>\n<h4 style=\"text-align: center;\"><span class=\"ez-toc-section\" id=\"Ces-Francais-dAmerique\"><\/span><span style=\"text-decoration: underline;\"><span style=\"font-size: 20px; color: #0000ff;\"><strong>Ces Fran\u00e7ais d\u2019Am\u00e9rique<\/strong><\/span><\/span><span class=\"ez-toc-section-end\"><\/span><\/h4>\n<p>&nbsp;<\/p>\n<pre><span style=\"color: #0000ff;\"><em>Contrepoints - \u00a0Guy Sorman \u2013 24 jan 2017<\/em><\/span><\/pre>\n<p style=\"text-align: justify;\"><span style=\"color: #0000ff;\"><strong><em><span style=\"color: #ffffff;\">.\u00a0\u00a0\u00a0\u00a0\u00a0\u00a0\u00a0\u00a0\u00a0\u00a0\u00a0<\/span> <\/em><\/strong><strong><em>La communaut\u00e9 des Fran\u00e7ais aux \u00c9tats-Unis, une France hors de France, est la plus vaste jamais recens\u00e9e en Am\u00e9rique : une petite r\u00e9volution.<\/em><\/strong><\/span><\/p>\n<p style=\"text-align: justify;\"><span style=\"color: #0000ff;\">Mais combien sont-ils\u00a0? De deux cent \u00e0 quatre cent mille Fran\u00e7ais selon le mode d\u2019\u00e9valuation. Le chiffre le plus bas correspond \u00e0 celui des expatri\u00e9s qui estiment n\u00e9cessaire de s\u2019inscrire dans les consulats. L\u2019inscription permet de participer \u00e0 nos \u00e9lections, locales et nationales\u00a0: hors de France, les Fran\u00e7ais d\u2019Am\u00e9rique peuvent \u00e9lire leur d\u00e9put\u00e9 pour une circonscription qui inclut les \u00c9tats-Unis et le Canada. Mais un nombre de nos concitoyens non-inscrits dans les consulats, au moins \u00e9quivalent, \u00e9tudient, vivent, et travaillent aux \u00c9tats-Unis avec l\u2019intention d\u2019en revenir un jour. Ou pas. Cette communaut\u00e9, une France hors de France, est la plus vaste jamais recens\u00e9e en Am\u00e9rique\u00a0: une petite r\u00e9volution.<\/span><\/p>\n<p style=\"text-align: justify;\"><span style=\"color: #0000ff;\">Il se trouve que de tous les pays europ\u00e9ens qui, depuis trois si\u00e8cles, ont peupl\u00e9 les \u00c9tats-Unis, le n\u00f4tre par son absence faisait exception. Au cours de l\u2019histoire am\u00e9ricaine, aux Anglais avaient succ\u00e9d\u00e9 Allemands, Su\u00e9dois, Irlandais, Italiens, Russes, Ukrainiens, Polonais, Juifs d\u2019Europe centrale mais \u00e0 peu pr\u00e8s aucun Fran\u00e7ais. Il faut remonter \u00e0 la R\u00e9vocation de l\u2019\u00c9dit de Nantes, en 1685, pour qu\u2019une vague de r\u00e9fugi\u00e9s protestants choisissent l\u2019Am\u00e9rique comme nouvelle patrie\u00a0: il en reste quelques traces comme une Rue des Huguenots dans le village de New Paltz, au nord de New York.<\/span><\/p>\n<p style=\"text-align: justify;\"><span style=\"color: #0000ff;\"><strong>Ces Fran\u00e7ais qui ont fait l\u2019Am\u00e9rique<\/strong><\/span><\/p>\n<p style=\"text-align: justify;\"><span style=\"color: #0000ff;\"><span style=\"color: #ffffff;\"><strong><em>.\u00a0\u00a0\u00a0\u00a0\u00a0\u00a0\u00a0\u00a0\u00a0\u00a0\u00a0 <\/em><\/strong><\/span>On doit \u00e0 ces pionniers la plantation des premiers vignobles, dans le New Jersey. On distingue aussi une poign\u00e9e de Fran\u00e7ais dans l\u2019entourage de Georges Washington, comme John Jay, originaire du Mans, premier Pr\u00e9sident de la Cour Supr\u00eame, le premier ministre des Finances, Alexander Hamilton, Fran\u00e7ais par sa m\u00e8re et le premier \u00e9crivain authentiquement am\u00e9ricain, St John de Cr\u00e8vec\u0153ur, normand et auteur de<em> Lettres d\u2019un fermier am\u00e9ricain<\/em>, un classique du temps. Suivront les Bretons \u00e0 New York, dans la restauration souvent, et les B\u00e9arnais \u00e0 San Francisco qui deviendront blanchisseurs. Mais cette immigration \u00e9tait limit\u00e9e. Envisageons que l\u2019on \u00e9tait assez heureux en France pour y rester au contraire des Irlandais ou des Italiens affam\u00e9s et des Juifs pers\u00e9cut\u00e9s.<\/span><\/p>\n<p style=\"text-align: justify;\"><span style=\"color: #0000ff;\">Tout change dans les ann\u00e9es 1980. Les universit\u00e9s am\u00e9ricaines font r\u00eaver les \u00e9tudiants fran\u00e7ais en qu\u00eate d\u2019une carri\u00e8re internationale\u00a0; des entrepreneurs, les plus jeunes surtout, veulent participer \u00e0 l\u2019aventure de la Silicon Valley et \u00e0 l\u2019envol\u00e9e de Wall Street\u00a0; des chercheurs de haut niveau, en biologie et en \u00e9conomie particuli\u00e8rement, fuient les id\u00e9ologies marxistes et \u00e9cologistes \u00e0 la mode dans nos universit\u00e9s autant que le manque de moyens. Et les grandes universit\u00e9s am\u00e9ricaines d\u00e9bauchent chez nous les meilleurs enseignants avec des\u00a0 offres irr\u00e9sistibles. C\u2019est pour \u00e9tudier et entreprendre que l\u2019exode vers les \u00c9tats-Unis commence et s\u2019amplifie.<\/span><\/p>\n<p style=\"text-align: justify;\"><span style=\"color: #0000ff;\"><strong>Le r\u00eave am\u00e9ricain des Fran\u00e7ais<\/strong><\/span><\/p>\n<p style=\"text-align: justify;\"><span style=\"color: #0000ff;\"><span style=\"color: #ffffff;\"><strong><em>.\u00a0\u00a0\u00a0\u00a0\u00a0\u00a0\u00a0\u00a0\u00a0\u00a0\u00a0 <\/em><\/strong><\/span>Aussi de grandes entreprises fran\u00e7aises s\u2019y installent et font venir leurs cadres, plus seulement dans la restauration mais dans l\u2019exploitation p\u00e9troli\u00e8re au Texas, la gestion des cantines (Sodexo compte neuf mille clients), l\u2019aviation d\u2019affaires avec Dassault-Falcon dans le New Jersey. Les enseignes fran\u00e7aises, dans le luxe surtout, essaiment sur tout le territoire am\u00e9ricain\u00a0: Ladur\u00e9e, l\u2019Or\u00e9al, Louis Vuitton, Sofitel, L\u2019Occitane\u2026 Pour en finir avec une rumeur persistante, on ne s\u2019installe pas aux \u00c9tats-Unis pour fuir le fisc.<\/span><\/p>\n<p style=\"text-align: justify;\"><span style=\"color: #0000ff;\">L\u2019Am\u00e9rique n\u2019est pas un refuge fiscal\u00a0: pour ceux qui y travaillent, le poids de l\u2019imp\u00f4t, si on y ajoute les d\u00e9penses scolaires et de sant\u00e9 \u00e0 votre charge, est \u00e0 New York ou San Francisco \u00e9quivalent \u00e0 ce qu\u2019il est en France. La Floride fait exception\u00a0: \u00e9chappant \u00e0 l\u2019imp\u00f4t sur le revenu local comme sur le patrimoine, quelques Fran\u00e7ais fortun\u00e9s et retrait\u00e9s s\u2019y sont install\u00e9s pour cette raison. Mais mieux vaut la Suisse ou la Belgique.<\/span><\/p>\n<p style=\"text-align: justify;\"><span style=\"color: #0000ff;\">Habitant \u00e0 New York, la moiti\u00e9 de l\u2019ann\u00e9e, et dirigeant l\u00e0-bas le magazine bilingue France-<em>Am\u00e9rique<\/em> (fond\u00e9 en 1943 pour soutenir De Gaulle contre les Vichystes locaux), je constate combien les Fran\u00e7ais d\u2019Am\u00e9rique restent des Fran\u00e7ais en Am\u00e9rique, de culture et de langue fran\u00e7aise, transmises aux enfants s\u2019il y a lieu, se consid\u00e9rant toujours comme des citoyens fran\u00e7ais, fut-ce apr\u00e8s des d\u00e9cennies pass\u00e9es aux \u00c9tats-Unis.<\/span><\/p>\n<p style=\"text-align: justify;\"><span style=\"color: #0000ff;\">Cet ancrage dans les origines se manifeste dans la multiplication spectaculaire des \u00e9coles bilingues, franco-am\u00e9ricaines, sur tout le territoire am\u00e9ricain\u00a0: on en d\u00e9nombre environ trois cents, petites et grandes alors qu\u2019il n\u2019y en avait pas dix, il y a vingt ans. Des \u00e9coles priv\u00e9es, on est aux \u00c9tats-Unis, co\u00fbteuses et de bon niveau. \u00c0 ce seuil, la pr\u00e9sence fran\u00e7aise change de sens\u00a0: ces \u00e9coles attirent maintenant autant d\u2019Am\u00e9ricains que d\u2019enfants de la communaut\u00e9 fran\u00e7aise.<\/span><\/p>\n<p style=\"text-align: justify;\"><span style=\"color: #0000ff;\"><strong>La culture fran\u00e7aise aux yeux des Am\u00e9ricains<\/strong><\/span><\/p>\n<p style=\"text-align: justify;\"><span style=\"color: #0000ff;\"><strong><em><span style=\"color: #ffffff;\">.\u00a0\u00a0\u00a0\u00a0\u00a0\u00a0\u00a0\u00a0\u00a0\u00a0\u00a0<\/span> <\/em><\/strong>La culture fran\u00e7aise, pris\u00e9e aux \u00c9tats-Unis depuis La Fayette, est plus appr\u00e9ci\u00e9e que jamais\u00a0: les francophiles sont infiniment plus nombreux que les francophones. Des \u00e9coles bilingues, ces francophiles attendent qu\u2019elles apportent \u00e0 leurs enfants la langue, la culture, les bonnes mani\u00e8res que n\u2019enseignent pas les \u00e9coles am\u00e9ricaines. R\u00e9cemment, elles voient aussi affluer des \u00e9l\u00e8ves d\u2019origine chinoise\u00a0: les parents estiment que l\u2019addition de la culture fran\u00e7aise \u00e0 l\u2019efficacit\u00e9 am\u00e9ricaine dotera leur prog\u00e9niture du meilleur dans la mondialisation. Des \u00e9coles publiques approuvent, puisque l\u2019on observe \u00e0 Harlem \u00e0 New York, en Louisiane, au Texas et, avant tout, dans l\u2019Utah \u00e0 la demande du gouverneur local, le d\u00e9veloppement du bilinguisme franco-am\u00e9ricain\u00a0dans le secteur public.<\/span><\/p>\n<p style=\"text-align: justify;\"><span style=\"color: #0000ff;\">En plus de ces \u00e9coles, \u00e0 mon sens, le trait le plus spectaculaire dans l\u2019influence fran\u00e7aise, applaudissons le succ\u00e8s de TV5, de sa cha\u00eene de cin\u00e9ma et de ses programmes pour les enfants, diffus\u00e9e sur abonnement payant\u00a0; les spectateurs de TV5 sont des Am\u00e9ricains francophiles plus souvent que des francophones. Autre symbole d\u2019influence, les Alliances fran\u00e7aises\u00a0; associations priv\u00e9es, soutenues par leurs adh\u00e9rents et des m\u00e9c\u00e8nes locaux, une centaine sur tout le territoire, con\u00e7ues au d\u00e9part pour enseigner notre langue, elles sont devenues des centres culturels vivants pour un public am\u00e9ricain.<\/span><\/p>\n<p style=\"text-align: justify;\"><span style=\"color: #0000ff;\"><strong>Une classe politique francophile<\/strong><\/span><\/p>\n<p style=\"text-align: justify;\"><span style=\"color: #0000ff;\"><span style=\"color: #ffffff;\"><strong><em>.\u00a0\u00a0\u00a0\u00a0\u00a0\u00a0\u00a0\u00a0\u00a0\u00a0\u00a0 <\/em><\/strong><\/span>La classe politique est gagn\u00e9e par cette francophilie\u00a0: il s\u2019est cr\u00e9\u00e9 en 2003, en pleine crise diplomatique quand Jacques Chirac refusa de se joindre \u00e0 l\u2019invasion de l\u2019Irak, \u00e0 l\u2019initiative de l\u2019ambassadeur d\u2019alors, Jean-David Levitte, un \u00ab\u00a0caucus\u00a0\u00bb \u2013 une alliance \u2013 de parlementaires francophiles, une centaine de repr\u00e9sentants et s\u00e9nateurs, fid\u00e8les \u00e0 la France quoiqu\u2019il arrive. Donald Trump aura affaire \u00e0 eux s\u2019il s\u2019aventurait \u00e0 imposer des visas aux visiteurs fran\u00e7ais.<\/span><\/p>\n<p style=\"text-align: justify;\"><span style=\"color: #0000ff;\">Cette francophilie est parfois embarrassante quand elle vire \u00e0 l\u2019exc\u00e8s d\u2019admiration pour une France r\u00eav\u00e9e plus que contemporaine et r\u00e9elle. On r\u00e9v\u00e8re Versailles plus que le Centre Pompidou, on lit Flaubert plus que Modiano, on pr\u00e9f\u00e8re le cin\u00e9ma de la Nouvelle vague aux productions r\u00e9centes. Woody Allen ne s\u2019habitue pas \u00e0 ce que Paris soit devenu aussi cosmopolite, ou presque, que Manhattan. Le dernier livre \u00e0 succ\u00e8s d\u2019Adam Gopnik, journaliste au New Yorker, consacr\u00e9 \u00e0 la gastronomie, affirme que la vraie cuisine ne saurait qu\u2019\u00eatre fran\u00e7aise, sans d\u00e9noncer le succ\u00e8s de McDonald\u2019s en France.<\/span><\/p>\n<p style=\"text-align: justify;\"><span style=\"color: #0000ff;\">Chaque mois, il se publie quelque ouvrage h\u00e2tif pour expliquer que seules les Fran\u00e7aises savent \u00e9lever leurs enfants, qu\u2019en amour elles restent insurpassables et qu\u2019elles ne prennent jamais de poids \u00e0 l\u2019inverse des Am\u00e9ricaines mal fagot\u00e9es et ob\u00e8ses. \u00c0 gauche, les intellectuels am\u00e9ricains id\u00e9alisent notre S\u00e9curit\u00e9 sociale et nos allocations publiques sans trop s\u2019interroger sur leur co\u00fbt ni leurs cons\u00e9quences ambigu\u00ebs sur le ch\u00f4mage.<\/span><\/p>\n<p style=\"text-align: justify;\"><span style=\"color: #0000ff;\">De conf\u00e9rences en colloques universitaires, je d\u00e9couvre que je ne dois pas critiquer la France sauf \u00e0 me faire huer par la salle plus francophile que nous autres Fran\u00e7ais ne le seront jamais\u00a0; mais il n\u2019est pas interdit d\u2019expliquer, avec m\u00e9nagement, que chaque pays \u00e9prouve son lot de contradictions. Dans l\u2019\u00e9change franco-am\u00e9ricain, un pr\u00e9cepte \u00e9dict\u00e9 par Tocqueville en 1831, reste valable\u00a0: <em>\u00ab\u00a0Pour comprendre les \u00c9tats-Unis et la France,<\/em> \u00e9crit-il, <em>il convient de ne jamais les comparer\u00a0\u00bb.<\/em><\/span><\/p>\n<p style=\"text-align: justify;\"><span style=\"color: #0000ff;\">Ne concluez pas qu\u2019il est ais\u00e9, si le d\u00e9sir vous saisit, de s\u2019installer aux \u00c9tats-Unis\u00a0; les visas de travail sont rares, ils exigent une longue d\u00e9marche. Mais les chanceux d\u00e9crocheront une Carte verte, permis de s\u00e9jour et de travail, \u00e0 la loterie annuelle qu\u2019organise le gouvernement am\u00e9ricain. Les amoureux peuvent devenir Am\u00e9ricains par le mariage, tout en conservant la nationalit\u00e9 fran\u00e7aise, et les aventuriers abuser de leur visa de touriste. Par toutes ces portes \u00e9troites se faufilent, chaque ann\u00e9e, vingt \u00e0 trente mille nouveaux Fran\u00e7ais d\u2019Am\u00e9rique.<\/span><\/p>\n","protected":false},"excerpt":{"rendered":"<p>L&rsquo;aventure d\u00e9mographique des Etats-Unis &nbsp; H\u00e9rodote.net &#8211; G\u00e9rard-Fran\u00e7ois Dumont \u2013 10 d\u00e9c 2015 \u2013 Extraits &#8211; .\u00a0\u00a0\u00a0\u00a0\u00a0\u00a0\u00a0\u00a0\u00a0\u00a0\u00a0 \u2026 L&rsquo;Am\u00e9rique du Nord a 6 millions d&rsquo;habitants [&hellip;]<\/p>\n","protected":false},"author":1,"featured_media":8341,"comment_status":"open","ping_status":"open","sticky":false,"template":"post-templates\/post_full.php","format":"standard","meta":{"two_page_speed":[],"footnotes":""},"categories":[8],"tags":[],"class_list":["post-8340","post","type-post","status-publish","format-standard","has-post-thumbnail","hentry","category-only-in-the-usa"],"yoast_head":"<!-- This site is optimized with the Yoast SEO plugin v27.5 - https:\/\/yoast.com\/product\/yoast-seo-wordpress\/ -->\n<title>L&#039;aventure d\u00e9mographique des Etats-Unis Jumelage<\/title>\n<meta name=\"robots\" content=\"index, follow, max-snippet:-1, max-image-preview:large, max-video-preview:-1\" \/>\n<link rel=\"canonical\" href=\"https:\/\/jumelage.org\/francais\/laventure-demographique-des-etats-unis\/\" \/>\n<meta property=\"og:locale\" content=\"fr_FR\" \/>\n<meta property=\"og:type\" content=\"article\" \/>\n<meta property=\"og:title\" content=\"L&#039;aventure d\u00e9mographique des Etats-Unis Jumelage\" \/>\n<meta property=\"og:description\" content=\"L&rsquo;aventure d\u00e9mographique des Etats-Unis &nbsp; H\u00e9rodote.net - G\u00e9rard-Fran\u00e7ois Dumont \u2013 10 d\u00e9c 2015 \u2013 Extraits - .\u00a0\u00a0\u00a0\u00a0\u00a0\u00a0\u00a0\u00a0\u00a0\u00a0\u00a0 \u2026 L&rsquo;Am\u00e9rique du Nord a 6 millions d&rsquo;habitants [&hellip;]\" \/>\n<meta property=\"og:url\" content=\"https:\/\/jumelage.org\/francais\/laventure-demographique-des-etats-unis\/\" \/>\n<meta property=\"og:site_name\" content=\"Jumelage\" \/>\n<meta property=\"article:publisher\" content=\"http:\/\/www.facebook.com\/jumelagew.sgl\/\" \/>\n<meta property=\"article:published_time\" content=\"2018-01-03T18:27:40+00:00\" \/>\n<meta property=\"article:modified_time\" content=\"2018-02-16T12:53:57+00:00\" \/>\n<meta property=\"og:image\" content=\"https:\/\/jumelage.org\/francais\/wp-content\/uploads\/2018\/01\/Mayflower.jpg\" \/>\n\t<meta property=\"og:image:width\" content=\"500\" \/>\n\t<meta property=\"og:image:height\" content=\"290\" \/>\n\t<meta property=\"og:image:type\" content=\"image\/jpeg\" \/>\n<meta name=\"author\" content=\"JumSGLW\" \/>\n<meta name=\"twitter:card\" content=\"summary_large_image\" \/>\n<meta name=\"twitter:label1\" content=\"\u00c9crit par\" \/>\n\t<meta name=\"twitter:data1\" content=\"JumSGLW\" \/>\n\t<meta name=\"twitter:label2\" content=\"Dur\u00e9e de lecture estim\u00e9e\" \/>\n\t<meta name=\"twitter:data2\" content=\"15 minutes\" \/>\n<script type=\"application\/ld+json\" class=\"yoast-schema-graph\">{\"@context\":\"https:\\\/\\\/schema.org\",\"@graph\":[{\"@type\":\"Article\",\"@id\":\"https:\\\/\\\/jumelage.org\\\/francais\\\/laventure-demographique-des-etats-unis\\\/#article\",\"isPartOf\":{\"@id\":\"https:\\\/\\\/jumelage.org\\\/francais\\\/laventure-demographique-des-etats-unis\\\/\"},\"author\":{\"name\":\"JumSGLW\",\"@id\":\"https:\\\/\\\/jumelage.org\\\/francais\\\/#\\\/schema\\\/person\\\/74dafcd8c5dfbdc6c0bfb7efcd1020be\"},\"headline\":\"L&rsquo;aventure d\u00e9mographique des Etats-Unis\",\"datePublished\":\"2018-01-03T18:27:40+00:00\",\"dateModified\":\"2018-02-16T12:53:57+00:00\",\"mainEntityOfPage\":{\"@id\":\"https:\\\/\\\/jumelage.org\\\/francais\\\/laventure-demographique-des-etats-unis\\\/\"},\"wordCount\":2910,\"commentCount\":0,\"image\":{\"@id\":\"https:\\\/\\\/jumelage.org\\\/francais\\\/laventure-demographique-des-etats-unis\\\/#primaryimage\"},\"thumbnailUrl\":\"https:\\\/\\\/jumelage.org\\\/francais\\\/wp-content\\\/uploads\\\/2018\\\/01\\\/Mayflower.jpg\",\"articleSection\":[\"Only in the USA\"],\"inLanguage\":\"fr-FR\",\"potentialAction\":[{\"@type\":\"CommentAction\",\"name\":\"Comment\",\"target\":[\"https:\\\/\\\/jumelage.org\\\/francais\\\/laventure-demographique-des-etats-unis\\\/#respond\"]}]},{\"@type\":\"WebPage\",\"@id\":\"https:\\\/\\\/jumelage.org\\\/francais\\\/laventure-demographique-des-etats-unis\\\/\",\"url\":\"https:\\\/\\\/jumelage.org\\\/francais\\\/laventure-demographique-des-etats-unis\\\/\",\"name\":\"L'aventure d\u00e9mographique des Etats-Unis Jumelage\",\"isPartOf\":{\"@id\":\"https:\\\/\\\/jumelage.org\\\/francais\\\/#website\"},\"primaryImageOfPage\":{\"@id\":\"https:\\\/\\\/jumelage.org\\\/francais\\\/laventure-demographique-des-etats-unis\\\/#primaryimage\"},\"image\":{\"@id\":\"https:\\\/\\\/jumelage.org\\\/francais\\\/laventure-demographique-des-etats-unis\\\/#primaryimage\"},\"thumbnailUrl\":\"https:\\\/\\\/jumelage.org\\\/francais\\\/wp-content\\\/uploads\\\/2018\\\/01\\\/Mayflower.jpg\",\"datePublished\":\"2018-01-03T18:27:40+00:00\",\"dateModified\":\"2018-02-16T12:53:57+00:00\",\"author\":{\"@id\":\"https:\\\/\\\/jumelage.org\\\/francais\\\/#\\\/schema\\\/person\\\/74dafcd8c5dfbdc6c0bfb7efcd1020be\"},\"breadcrumb\":{\"@id\":\"https:\\\/\\\/jumelage.org\\\/francais\\\/laventure-demographique-des-etats-unis\\\/#breadcrumb\"},\"inLanguage\":\"fr-FR\",\"potentialAction\":[{\"@type\":\"ReadAction\",\"target\":[\"https:\\\/\\\/jumelage.org\\\/francais\\\/laventure-demographique-des-etats-unis\\\/\"]}]},{\"@type\":\"ImageObject\",\"inLanguage\":\"fr-FR\",\"@id\":\"https:\\\/\\\/jumelage.org\\\/francais\\\/laventure-demographique-des-etats-unis\\\/#primaryimage\",\"url\":\"https:\\\/\\\/jumelage.org\\\/francais\\\/wp-content\\\/uploads\\\/2018\\\/01\\\/Mayflower.jpg\",\"contentUrl\":\"https:\\\/\\\/jumelage.org\\\/francais\\\/wp-content\\\/uploads\\\/2018\\\/01\\\/Mayflower.jpg\",\"width\":500,\"height\":290},{\"@type\":\"BreadcrumbList\",\"@id\":\"https:\\\/\\\/jumelage.org\\\/francais\\\/laventure-demographique-des-etats-unis\\\/#breadcrumb\",\"itemListElement\":[{\"@type\":\"ListItem\",\"position\":1,\"name\":\"Accueil\",\"item\":\"https:\\\/\\\/jumelage.org\\\/francais\\\/\"},{\"@type\":\"ListItem\",\"position\":2,\"name\":\"L&rsquo;aventure d\u00e9mographique des Etats-Unis\"}]},{\"@type\":\"WebSite\",\"@id\":\"https:\\\/\\\/jumelage.org\\\/francais\\\/#website\",\"url\":\"https:\\\/\\\/jumelage.org\\\/francais\\\/\",\"name\":\"Jumelage\",\"description\":\"Saint-Germain-en-Laye &amp; Winchester (MA)\",\"potentialAction\":[{\"@type\":\"SearchAction\",\"target\":{\"@type\":\"EntryPoint\",\"urlTemplate\":\"https:\\\/\\\/jumelage.org\\\/francais\\\/?s={search_term_string}\"},\"query-input\":{\"@type\":\"PropertyValueSpecification\",\"valueRequired\":true,\"valueName\":\"search_term_string\"}}],\"inLanguage\":\"fr-FR\"},{\"@type\":\"Person\",\"@id\":\"https:\\\/\\\/jumelage.org\\\/francais\\\/#\\\/schema\\\/person\\\/74dafcd8c5dfbdc6c0bfb7efcd1020be\",\"name\":\"JumSGLW\",\"image\":{\"@type\":\"ImageObject\",\"inLanguage\":\"fr-FR\",\"@id\":\"https:\\\/\\\/secure.gravatar.com\\\/avatar\\\/3d3cad377d924d636d7d20ae9f968d4816d16114a561888c0a1668606eb9b7be?s=96&d=mm&r=g\",\"url\":\"https:\\\/\\\/secure.gravatar.com\\\/avatar\\\/3d3cad377d924d636d7d20ae9f968d4816d16114a561888c0a1668606eb9b7be?s=96&d=mm&r=g\",\"contentUrl\":\"https:\\\/\\\/secure.gravatar.com\\\/avatar\\\/3d3cad377d924d636d7d20ae9f968d4816d16114a561888c0a1668606eb9b7be?s=96&d=mm&r=g\",\"caption\":\"JumSGLW\"},\"url\":\"http:\\\/\\\/jumelage.org\\\/francais\\\/author\\\/jumsglw\\\/\"}]}<\/script>\n<!-- \/ Yoast SEO plugin. -->","yoast_head_json":{"title":"L'aventure d\u00e9mographique des Etats-Unis Jumelage","robots":{"index":"index","follow":"follow","max-snippet":"max-snippet:-1","max-image-preview":"max-image-preview:large","max-video-preview":"max-video-preview:-1"},"canonical":"https:\/\/jumelage.org\/francais\/laventure-demographique-des-etats-unis\/","og_locale":"fr_FR","og_type":"article","og_title":"L'aventure d\u00e9mographique des Etats-Unis Jumelage","og_description":"L&rsquo;aventure d\u00e9mographique des Etats-Unis &nbsp; H\u00e9rodote.net - G\u00e9rard-Fran\u00e7ois Dumont \u2013 10 d\u00e9c 2015 \u2013 Extraits - .\u00a0\u00a0\u00a0\u00a0\u00a0\u00a0\u00a0\u00a0\u00a0\u00a0\u00a0 \u2026 L&rsquo;Am\u00e9rique du Nord a 6 millions d&rsquo;habitants [&hellip;]","og_url":"https:\/\/jumelage.org\/francais\/laventure-demographique-des-etats-unis\/","og_site_name":"Jumelage","article_publisher":"http:\/\/www.facebook.com\/jumelagew.sgl\/","article_published_time":"2018-01-03T18:27:40+00:00","article_modified_time":"2018-02-16T12:53:57+00:00","og_image":[{"width":500,"height":290,"url":"https:\/\/jumelage.org\/francais\/wp-content\/uploads\/2018\/01\/Mayflower.jpg","type":"image\/jpeg"}],"author":"JumSGLW","twitter_card":"summary_large_image","twitter_misc":{"\u00c9crit par":"JumSGLW","Dur\u00e9e de lecture estim\u00e9e":"15 minutes"},"schema":{"@context":"https:\/\/schema.org","@graph":[{"@type":"Article","@id":"https:\/\/jumelage.org\/francais\/laventure-demographique-des-etats-unis\/#article","isPartOf":{"@id":"https:\/\/jumelage.org\/francais\/laventure-demographique-des-etats-unis\/"},"author":{"name":"JumSGLW","@id":"https:\/\/jumelage.org\/francais\/#\/schema\/person\/74dafcd8c5dfbdc6c0bfb7efcd1020be"},"headline":"L&rsquo;aventure d\u00e9mographique des Etats-Unis","datePublished":"2018-01-03T18:27:40+00:00","dateModified":"2018-02-16T12:53:57+00:00","mainEntityOfPage":{"@id":"https:\/\/jumelage.org\/francais\/laventure-demographique-des-etats-unis\/"},"wordCount":2910,"commentCount":0,"image":{"@id":"https:\/\/jumelage.org\/francais\/laventure-demographique-des-etats-unis\/#primaryimage"},"thumbnailUrl":"https:\/\/jumelage.org\/francais\/wp-content\/uploads\/2018\/01\/Mayflower.jpg","articleSection":["Only in the USA"],"inLanguage":"fr-FR","potentialAction":[{"@type":"CommentAction","name":"Comment","target":["https:\/\/jumelage.org\/francais\/laventure-demographique-des-etats-unis\/#respond"]}]},{"@type":"WebPage","@id":"https:\/\/jumelage.org\/francais\/laventure-demographique-des-etats-unis\/","url":"https:\/\/jumelage.org\/francais\/laventure-demographique-des-etats-unis\/","name":"L'aventure d\u00e9mographique des Etats-Unis Jumelage","isPartOf":{"@id":"https:\/\/jumelage.org\/francais\/#website"},"primaryImageOfPage":{"@id":"https:\/\/jumelage.org\/francais\/laventure-demographique-des-etats-unis\/#primaryimage"},"image":{"@id":"https:\/\/jumelage.org\/francais\/laventure-demographique-des-etats-unis\/#primaryimage"},"thumbnailUrl":"https:\/\/jumelage.org\/francais\/wp-content\/uploads\/2018\/01\/Mayflower.jpg","datePublished":"2018-01-03T18:27:40+00:00","dateModified":"2018-02-16T12:53:57+00:00","author":{"@id":"https:\/\/jumelage.org\/francais\/#\/schema\/person\/74dafcd8c5dfbdc6c0bfb7efcd1020be"},"breadcrumb":{"@id":"https:\/\/jumelage.org\/francais\/laventure-demographique-des-etats-unis\/#breadcrumb"},"inLanguage":"fr-FR","potentialAction":[{"@type":"ReadAction","target":["https:\/\/jumelage.org\/francais\/laventure-demographique-des-etats-unis\/"]}]},{"@type":"ImageObject","inLanguage":"fr-FR","@id":"https:\/\/jumelage.org\/francais\/laventure-demographique-des-etats-unis\/#primaryimage","url":"https:\/\/jumelage.org\/francais\/wp-content\/uploads\/2018\/01\/Mayflower.jpg","contentUrl":"https:\/\/jumelage.org\/francais\/wp-content\/uploads\/2018\/01\/Mayflower.jpg","width":500,"height":290},{"@type":"BreadcrumbList","@id":"https:\/\/jumelage.org\/francais\/laventure-demographique-des-etats-unis\/#breadcrumb","itemListElement":[{"@type":"ListItem","position":1,"name":"Accueil","item":"https:\/\/jumelage.org\/francais\/"},{"@type":"ListItem","position":2,"name":"L&rsquo;aventure d\u00e9mographique des Etats-Unis"}]},{"@type":"WebSite","@id":"https:\/\/jumelage.org\/francais\/#website","url":"https:\/\/jumelage.org\/francais\/","name":"Jumelage","description":"Saint-Germain-en-Laye &amp; Winchester (MA)","potentialAction":[{"@type":"SearchAction","target":{"@type":"EntryPoint","urlTemplate":"https:\/\/jumelage.org\/francais\/?s={search_term_string}"},"query-input":{"@type":"PropertyValueSpecification","valueRequired":true,"valueName":"search_term_string"}}],"inLanguage":"fr-FR"},{"@type":"Person","@id":"https:\/\/jumelage.org\/francais\/#\/schema\/person\/74dafcd8c5dfbdc6c0bfb7efcd1020be","name":"JumSGLW","image":{"@type":"ImageObject","inLanguage":"fr-FR","@id":"https:\/\/secure.gravatar.com\/avatar\/3d3cad377d924d636d7d20ae9f968d4816d16114a561888c0a1668606eb9b7be?s=96&d=mm&r=g","url":"https:\/\/secure.gravatar.com\/avatar\/3d3cad377d924d636d7d20ae9f968d4816d16114a561888c0a1668606eb9b7be?s=96&d=mm&r=g","contentUrl":"https:\/\/secure.gravatar.com\/avatar\/3d3cad377d924d636d7d20ae9f968d4816d16114a561888c0a1668606eb9b7be?s=96&d=mm&r=g","caption":"JumSGLW"},"url":"http:\/\/jumelage.org\/francais\/author\/jumsglw\/"}]}},"_links":{"self":[{"href":"http:\/\/jumelage.org\/francais\/wp-json\/wp\/v2\/posts\/8340","targetHints":{"allow":["GET"]}}],"collection":[{"href":"http:\/\/jumelage.org\/francais\/wp-json\/wp\/v2\/posts"}],"about":[{"href":"http:\/\/jumelage.org\/francais\/wp-json\/wp\/v2\/types\/post"}],"author":[{"embeddable":true,"href":"http:\/\/jumelage.org\/francais\/wp-json\/wp\/v2\/users\/1"}],"replies":[{"embeddable":true,"href":"http:\/\/jumelage.org\/francais\/wp-json\/wp\/v2\/comments?post=8340"}],"version-history":[{"count":0,"href":"http:\/\/jumelage.org\/francais\/wp-json\/wp\/v2\/posts\/8340\/revisions"}],"wp:featuredmedia":[{"embeddable":true,"href":"http:\/\/jumelage.org\/francais\/wp-json\/wp\/v2\/media\/8341"}],"wp:attachment":[{"href":"http:\/\/jumelage.org\/francais\/wp-json\/wp\/v2\/media?parent=8340"}],"wp:term":[{"taxonomy":"category","embeddable":true,"href":"http:\/\/jumelage.org\/francais\/wp-json\/wp\/v2\/categories?post=8340"},{"taxonomy":"post_tag","embeddable":true,"href":"http:\/\/jumelage.org\/francais\/wp-json\/wp\/v2\/tags?post=8340"}],"curies":[{"name":"wp","href":"https:\/\/api.w.org\/{rel}","templated":true}]}}