{"id":31117,"date":"2022-05-19T23:33:28","date_gmt":"2022-05-19T21:33:28","guid":{"rendered":"http:\/\/jumelage.org\/francais\/?p=31117"},"modified":"2022-05-20T00:02:07","modified_gmt":"2022-05-19T22:02:07","slug":"guerres-et-batailles-americaines-a-travers-lhistoire","status":"publish","type":"post","link":"http:\/\/jumelage.org\/francais\/guerres-et-batailles-americaines-a-travers-lhistoire\/","title":{"rendered":"Guerres et batailles am\u00e9ricaines \u00e0 travers l&rsquo;histoire"},"content":{"rendered":"<div id=\"ez-toc-container\" class=\"ez-toc-v2_0_82_2 counter-hierarchy ez-toc-counter ez-toc-custom ez-toc-container-direction\">\n<nav><ul class='ez-toc-list ez-toc-list-level-1 ' ><li class='ez-toc-page-1 ez-toc-heading-level-1'><a class=\"ez-toc-link ez-toc-heading-1\" href=\"http:\/\/jumelage.org\/francais\/guerres-et-batailles-americaines-a-travers-lhistoire\/#Guerres-et-batailles-americaines-a-travers-lhistoire\" >Guerres et batailles am\u00e9ricaines \u00e0 travers l&rsquo;histoire<\/a><ul class='ez-toc-list-level-2' ><li class='ez-toc-heading-level-2'><a class=\"ez-toc-link ez-toc-heading-2\" href=\"http:\/\/jumelage.org\/francais\/guerres-et-batailles-americaines-a-travers-lhistoire\/#La-guerre-des-Pequots\" >La guerre des Pequots.<\/a><\/li><li class='ez-toc-page-1 ez-toc-heading-level-2'><a class=\"ez-toc-link ez-toc-heading-3\" href=\"http:\/\/jumelage.org\/francais\/guerres-et-batailles-americaines-a-travers-lhistoire\/#La-guerre-franco-anglaise-et-la-guerre-de-Sept-Ans\" >La guerre franco-anglaise et la guerre de Sept Ans<\/a><\/li><li class='ez-toc-page-1 ez-toc-heading-level-2'><a class=\"ez-toc-link ez-toc-heading-4\" href=\"http:\/\/jumelage.org\/francais\/guerres-et-batailles-americaines-a-travers-lhistoire\/#La-revolution-americaine\" >La r\u00e9volution am\u00e9ricaine<\/a><\/li><li class='ez-toc-page-1 ez-toc-heading-level-2'><a class=\"ez-toc-link ez-toc-heading-5\" href=\"http:\/\/jumelage.org\/francais\/guerres-et-batailles-americaines-a-travers-lhistoire\/#La-guerre-de-1812\" >La guerre de 1812<\/a><\/li><li class='ez-toc-page-1 ez-toc-heading-level-2'><a class=\"ez-toc-link ez-toc-heading-6\" href=\"http:\/\/jumelage.org\/francais\/guerres-et-batailles-americaines-a-travers-lhistoire\/#La-guerre-americano-mexicaine\" >La guerre am\u00e9ricano-mexicaine<\/a><\/li><li class='ez-toc-page-1 ez-toc-heading-level-2'><a class=\"ez-toc-link ez-toc-heading-7\" href=\"http:\/\/jumelage.org\/francais\/guerres-et-batailles-americaines-a-travers-lhistoire\/#La-guerre-civile-americaine\" >La guerre civile am\u00e9ricaine<\/a><\/li><li class='ez-toc-page-1 ez-toc-heading-level-2'><a class=\"ez-toc-link ez-toc-heading-8\" href=\"http:\/\/jumelage.org\/francais\/guerres-et-batailles-americaines-a-travers-lhistoire\/#La-guerre-hispano-americaine\" >La guerre hispano-am\u00e9ricaine<\/a><\/li><li class='ez-toc-page-1 ez-toc-heading-level-2'><a class=\"ez-toc-link ez-toc-heading-9\" href=\"http:\/\/jumelage.org\/francais\/guerres-et-batailles-americaines-a-travers-lhistoire\/#La-premiere-guerre-mondiale\" >La premi\u00e8re guerre mondiale<\/a><\/li><li class='ez-toc-page-1 ez-toc-heading-level-2'><a class=\"ez-toc-link ez-toc-heading-10\" href=\"http:\/\/jumelage.org\/francais\/guerres-et-batailles-americaines-a-travers-lhistoire\/#La-Seconde-Guerre-mondiale\" >La Seconde Guerre mondiale<\/a><\/li><li class='ez-toc-page-1 ez-toc-heading-level-2'><a class=\"ez-toc-link ez-toc-heading-11\" href=\"http:\/\/jumelage.org\/francais\/guerres-et-batailles-americaines-a-travers-lhistoire\/#La-guerre-de-Coree\" >La guerre de Cor\u00e9e<\/a><\/li><li class='ez-toc-page-1 ez-toc-heading-level-2'><a class=\"ez-toc-link ez-toc-heading-12\" href=\"http:\/\/jumelage.org\/francais\/guerres-et-batailles-americaines-a-travers-lhistoire\/#La-guerre-du-Viet-Nam\" >La guerre du Vi\u00eat Nam<\/a><\/li><li class='ez-toc-page-1 ez-toc-heading-level-2'><a class=\"ez-toc-link ez-toc-heading-13\" href=\"http:\/\/jumelage.org\/francais\/guerres-et-batailles-americaines-a-travers-lhistoire\/#Les-guerres-du-Golfe\" >Les guerres du Golfe<\/a><\/li><li class='ez-toc-page-1 ez-toc-heading-level-2'><a class=\"ez-toc-link ez-toc-heading-14\" href=\"http:\/\/jumelage.org\/francais\/guerres-et-batailles-americaines-a-travers-lhistoire\/#La-guerre-dAfghanistan\" >La guerre d\u2019Afghanistan<\/a><\/li><li class='ez-toc-page-1 ez-toc-heading-level-2'><a class=\"ez-toc-link ez-toc-heading-15\" href=\"http:\/\/jumelage.org\/francais\/guerres-et-batailles-americaines-a-travers-lhistoire\/#Les-guerres-dans-lesquelles-les-Americains-ont-ete-impliques\" >Les guerres dans lesquelles les Am\u00e9ricains ont \u00e9t\u00e9 impliqu\u00e9s<\/a><\/li><\/ul><\/li><\/ul><\/nav><\/div>\n<div id=\"pl-31117\"  class=\"panel-layout\" ><div id=\"pg-31117-0\"  class=\"panel-grid panel-has-style\" ><div class=\"siteorigin-panels-stretch panel-row-style panel-row-style-for-31117-0\" style=\"padding: 0px 0; \" data-stretch-type=\"full\" data-overlay=\"true\" data-overlay-color=\"#000000\" ><div id=\"pgc-31117-0-0\"  class=\"panel-grid-cell\" ><div id=\"panel-31117-0-0-0\" class=\"so-panel widget widget_sow-editor panel-first-child panel-last-child\" data-index=\"0\" ><div style=\"text-align: left;\" data-title-color=\"#443f3f\" data-headings-color=\"#443f3f\" class=\"panel-widget-style panel-widget-style-for-31117-0-0-0\" ><div\n\t\t\t\n\t\t\tclass=\"so-widget-sow-editor so-widget-sow-editor-base\"\n\t\t\t\n\t\t>\n<div class=\"siteorigin-widget-tinymce textwidget\">\n\t<h1 style=\"text-align: center;\"><span class=\"ez-toc-section\" id=\"Guerres-et-batailles-americaines-a-travers-lhistoire\"><\/span><strong><span style=\"font-size: 24px;\">Guerres et batailles am\u00e9ricaines \u00e0 travers l&rsquo;histoire<\/span> <\/strong><span class=\"ez-toc-section-end\"><\/span><\/h1>\n<pre style=\"text-align: justify;\"><span style=\"font-size: 14px;\"><em>D'apr\u00e8s : ThoughtCo - Kennedy Hickman - Nov 06, 2020 \/ Martin Kelly - Nov 04, 2020<\/em><\/span><\/pre>\n<p style=\"text-align: justify;\"><span style=\"color: #ffffff;\">.\u00a0\u00a0\u00a0\u00a0<\/span>\u00a0\u00a0\u00a0\u00a0\u00a0\u00a0\u00a0 Depuis la nuit des temps, les guerres et les batailles ont eu un impact significatif sur le cours de l'histoire. Des premi\u00e8res batailles dans l'ancienne M\u00e9sopotamie aux guerres actuelles au Moyen-Orient, les conflits ont fa\u00e7onn\u00e9 et chang\u00e9 notre monde. Au fil des si\u00e8cles, les combats sont devenus de plus en plus sophistiqu\u00e9s. Cependant, la capacit\u00e9 de la guerre \u00e0 changer le monde est rest\u00e9e la m\u00eame.<\/p>\n<p style=\"text-align: justify;\">L'Am\u00e9rique a \u00e9t\u00e9 impliqu\u00e9e dans des guerres, grandes et petites, depuis avant la fondation de la nation. Au fil des ans, les guerres ont consid\u00e9rablement chang\u00e9, et la participation des Am\u00e9ricains \u00e0 celles-ci a \u00e9galement vari\u00e9. Par exemple, bon nombre des premi\u00e8res guerres am\u00e9ricaines ont \u00e9t\u00e9 men\u00e9es sur le sol am\u00e9ricain. En revanche, les guerres du vingti\u00e8me si\u00e8cle, en particulier la Premi\u00e8re et la Seconde guerre mondiale, se sont d\u00e9roul\u00e9es \u00e0 l'\u00e9tranger ; peu d'Am\u00e9ricains sur le front int\u00e9rieur ont vu un engagement direct pendant ces guerres. Si l'attaque de Pearl Harbor pendant la Seconde Guerre mondiale et l'attaque du World Trade Center en 2001 ont fait des milliers de morts parmi les Am\u00e9ricains, la guerre la plus r\u00e9cente men\u00e9e sur le sol am\u00e9ricain a \u00e9t\u00e9 la guerre de S\u00e9cession, qui s'est termin\u00e9e en 1865.<\/p>\n<h2 style=\"text-align: justify;\"><span class=\"ez-toc-section\" id=\"La-guerre-des-Pequots\"><\/span><span style=\"text-decoration: underline;\"><span style=\"font-size: 20px;\"><strong>La guerre des Pequots.<\/strong><\/span><\/span><span class=\"ez-toc-section-end\"><\/span><\/h2>\n<p><span style=\"font-size: 14px;\"><img decoding=\"async\" class=\"alignnone size-full wp-image-31120 aligncenter\" src=\"http:\/\/jumelage.org\/francais\/wp-content\/uploads\/2022\/05\/Wars-battles-2.jpg\" alt=\"\" width=\"650\" height=\"411\" srcset=\"https:\/\/jumelage.org\/francais\/wp-content\/uploads\/2022\/05\/Wars-battles-2.jpg 650w, https:\/\/jumelage.org\/francais\/wp-content\/uploads\/2022\/05\/Wars-battles-2-230x145.jpg 230w, https:\/\/jumelage.org\/francais\/wp-content\/uploads\/2022\/05\/Wars-battles-2-350x221.jpg 350w, https:\/\/jumelage.org\/francais\/wp-content\/uploads\/2022\/05\/Wars-battles-2-480x304.jpg 480w\" sizes=\"(max-width: 650px) 100vw, 650px\" \/><\/span><\/p>\n<p style=\"text-align: center;\"><span style=\"font-size: 14px;\"><em>Bettmann Archive \/ Getty Images<\/em><\/span><\/p>\n<p style=\"text-align: justify;\"><span style=\"color: #ffffff;\">.\u00a0\u00a0\u00a0\u00a0\u00a0\u00a0\u00a0<\/span>\u00a0\u00a0\u00a0\u00a0 Au Nouveau Monde, au XVIIe si\u00e8cle, les batailles font rage alors que les colons luttent contre les peuples indig\u00e8nes. L'une des premi\u00e8res est connue sous le nom de guerre des Pequots, parfois appel\u00e9e la r\u00e9bellion de Metacom ou la guerre du roi Philippe. Elle a dur\u00e9 14 mois de 1636 \u00e0 1638.<\/p>\n<p style=\"text-align: justify;\">Au c\u0153ur de ce conflit, les tribus Pequot et Mohegan s'affrontent pour le pouvoir politique et les possibilit\u00e9s de commerce avec les nouveaux arrivants. Les Hollandais se sont rang\u00e9s du c\u00f4t\u00e9 des Pequots et les Anglais du c\u00f4t\u00e9 des Mohegans. Tout s'est termin\u00e9 par le trait\u00e9 de Hartford en 1638 et la victoire des Anglais.<\/p>\n<p style=\"text-align: justify;\">Les hostilit\u00e9s sur le continent ont \u00e9t\u00e9 \u00e9touff\u00e9es jusqu'\u00e0 ce que la guerre du roi Philippe \u00e9clate en 1675. L\u00e0 aussi, il s'agissait d'une bataille pour le droit des peuples indig\u00e8nes sur les terres habit\u00e9es par les colons. \u00a0La guerre, minuscule selon les normes actuelles, a d\u00e9truit 14 villes et s'est termin\u00e9e lorsque Metacom (le chef Pokunoket appel\u00e9 \"roi Philippe\" par les Anglais) a \u00e9t\u00e9 d\u00e9capit\u00e9.<\/p>\n<p style=\"text-align: justify;\">Ces deux guerres pr\u00e9figurent les deux si\u00e8cles suivants de relations t\u00e9nues entre les peuples autochtones et non autochtones.<\/p>\n<h2 style=\"text-align: justify;\"><span class=\"ez-toc-section\" id=\"La-guerre-franco-anglaise-et-la-guerre-de-Sept-Ans\"><\/span><span style=\"text-decoration: underline;\"><span style=\"font-size: 20px;\"><strong>La guerre franco-anglaise et la guerre de Sept Ans<\/strong><\/span><\/span><span class=\"ez-toc-section-end\"><\/span><\/h2>\n<p><span style=\"font-size: 14px;\"><img decoding=\"async\" class=\"alignnone size-full wp-image-31122 aligncenter\" src=\"http:\/\/jumelage.org\/francais\/wp-content\/uploads\/2022\/05\/Wars-battles-4.jpg\" alt=\"\" width=\"650\" height=\"451\" srcset=\"https:\/\/jumelage.org\/francais\/wp-content\/uploads\/2022\/05\/Wars-battles-4.jpg 650w, https:\/\/jumelage.org\/francais\/wp-content\/uploads\/2022\/05\/Wars-battles-4-230x160.jpg 230w, https:\/\/jumelage.org\/francais\/wp-content\/uploads\/2022\/05\/Wars-battles-4-350x243.jpg 350w, https:\/\/jumelage.org\/francais\/wp-content\/uploads\/2022\/05\/Wars-battles-4-480x333.jpg 480w\" sizes=\"(max-width: 650px) 100vw, 650px\" \/><\/span><\/p>\n<p style=\"text-align: center;\"><span style=\"font-size: 14px;\"><em>PhotoQuest \/ Getty Images<\/em><\/span><\/p>\n<p style=\"text-align: justify;\"><span style=\"color: #ffffff;\">.\u00a0\u00a0\u00a0\u00a0\u00a0\u00a0<\/span>\u00a0\u00a0\u00a0\u00a0\u00a0 Ce qui fut au d\u00e9part en 1754 une guerre entre les arm\u00e9es britannique et fran\u00e7aise s'est transform\u00e9 en la guerre de Sept Ans, consid\u00e9r\u00e9e g\u00e9n\u00e9ralement comme la premi\u00e8re guerre mondiale. Les deux camps ont obtenu le soutien de tribus indig\u00e8nes, notamment de membres de la conf\u00e9d\u00e9ration iroquoise pour les Britanniques et de la conf\u00e9d\u00e9ration ab\u00e9naquise pour les Fran\u00e7ais.<\/p>\n<p style=\"text-align: justify;\">La guerre a commenc\u00e9 lorsque les colonies britanniques ont pouss\u00e9 vers l'ouest en Am\u00e9rique du Nord. Cela les a amen\u00e9es sur le territoire contr\u00f4l\u00e9 par les Fran\u00e7ais et une grande bataille dans les r\u00e9gions sauvages des montagnes Allegheny s'en est suivie.<\/p>\n<p style=\"text-align: justify;\">En l'espace de deux ans, les conflits ont gagn\u00e9 l'Europe et ce que l'on appelle la guerre de Sept Ans a commenc\u00e9. Avant sa fin en 1763, les batailles entre les territoires fran\u00e7ais et anglais s'\u00e9tendront \u00e0 l\u2019Europe, l'Afrique, l'Inde et au Pacifique.<\/p>\n<h2 style=\"text-align: justify;\"><span class=\"ez-toc-section\" id=\"La-revolution-americaine\"><\/span><span style=\"text-decoration: underline;\"><span style=\"font-size: 20px;\"><strong>La r\u00e9volution am\u00e9ricaine<\/strong><\/span><\/span><span class=\"ez-toc-section-end\"><\/span><\/h2>\n<p><span style=\"font-size: 14px;\"><img decoding=\"async\" class=\"alignnone size-full wp-image-31123 aligncenter\" src=\"http:\/\/jumelage.org\/francais\/wp-content\/uploads\/2022\/05\/Wars-battles-5.jpg\" alt=\"\" width=\"594\" height=\"410\" srcset=\"https:\/\/jumelage.org\/francais\/wp-content\/uploads\/2022\/05\/Wars-battles-5.jpg 594w, https:\/\/jumelage.org\/francais\/wp-content\/uploads\/2022\/05\/Wars-battles-5-230x159.jpg 230w, https:\/\/jumelage.org\/francais\/wp-content\/uploads\/2022\/05\/Wars-battles-5-350x242.jpg 350w, https:\/\/jumelage.org\/francais\/wp-content\/uploads\/2022\/05\/Wars-battles-5-480x331.jpg 480w\" sizes=\"(max-width: 594px) 100vw, 594px\" \/><\/span><\/p>\n<p style=\"text-align: center;\"><span style=\"font-size: 14px;\"><em>Stock Montage \/ Getty Images<\/em><\/span><\/p>\n<p style=\"text-align: justify;\"><span style=\"color: #ffffff;\">.\u00a0\u00a0\u00a0\u00a0\u00a0\u00a0\u00a0\u00a0<\/span>\u00a0\u00a0\u00a0 Les colonies am\u00e9ricaines parlent d'ind\u00e9pendance depuis un certain temps d\u00e9j\u00e0. Pourtant, ce n'est que vers la fin de la guerre fran\u00e7o-anglaise que la r\u00e9volution s\u2019est fait jour.<\/p>\n<p style=\"text-align: justify;\">Officiellement, la R\u00e9volution am\u00e9ricaine s'est d\u00e9roul\u00e9e de 1775 \u00e0 1783. Elle a commenc\u00e9 par une r\u00e9bellion contre la couronne anglaise. La rupture officielle a eu lieu le 4 juillet 1776, avec l'adoption de la D\u00e9claration d'ind\u00e9pendance. La guerre s'est termin\u00e9e par le trait\u00e9 de Paris en 1783, apr\u00e8s des ann\u00e9es de bataille dans toutes les colonies.<\/p>\n<h2 style=\"text-align: justify;\"><span class=\"ez-toc-section\" id=\"La-guerre-de-1812\"><\/span><span style=\"text-decoration: underline;\"><span style=\"font-size: 20px;\"><strong>La guerre de 1812<\/strong><\/span><\/span><span class=\"ez-toc-section-end\"><\/span><\/h2>\n<p><span style=\"font-size: 14px;\"><img decoding=\"async\" class=\"alignnone size-full wp-image-31125 aligncenter\" src=\"http:\/\/jumelage.org\/francais\/wp-content\/uploads\/2022\/05\/Wars-battles-7.jpg\" alt=\"\" width=\"650\" height=\"433\" srcset=\"https:\/\/jumelage.org\/francais\/wp-content\/uploads\/2022\/05\/Wars-battles-7.jpg 650w, https:\/\/jumelage.org\/francais\/wp-content\/uploads\/2022\/05\/Wars-battles-7-230x153.jpg 230w, https:\/\/jumelage.org\/francais\/wp-content\/uploads\/2022\/05\/Wars-battles-7-350x233.jpg 350w, https:\/\/jumelage.org\/francais\/wp-content\/uploads\/2022\/05\/Wars-battles-7-480x320.jpg 480w, https:\/\/jumelage.org\/francais\/wp-content\/uploads\/2022\/05\/Wars-battles-7-272x182.jpg 272w\" sizes=\"(max-width: 650px) 100vw, 650px\" \/><\/span><\/p>\n<p style=\"text-align: center;\"><span style=\"font-size: 14px;\"><em>Interim Archives \/ Getty Images<\/em><\/span><\/p>\n<p style=\"text-align: justify;\"><span style=\"color: #ffffff;\">.\u00a0\u00a0\u00a0\u00a0\u00a0<\/span>\u00a0\u00a0\u00a0\u00a0\u00a0\u00a0 Il n'a pas fallu longtemps apr\u00e8s la R\u00e9volution am\u00e9ricaine pour que la nouvelle nation et l'Angleterre s\u2019affrontent \u00e0 nouveau au combat. La guerre a commenc\u00e9 en 1812, et les combats ont dur\u00e9 jusqu'en 1815.<\/p>\n<p style=\"text-align: justify;\">Cette guerre avait plusieurs causes, notamment des diff\u00e9rends commerciaux et le fait que les forces britanniques soutenaient les peuples indig\u00e8nes \u00e0 la fronti\u00e8re du pays. Les nouvelles arm\u00e9es am\u00e9ricaines se sont bien battues et ont m\u00eame tent\u00e9 d'envahir certaines parties du Canada.<\/p>\n<p style=\"text-align: justify;\">La guerre, de courte dur\u00e9e, se termine sans qu'aucun vainqueur ne se d\u00e9gage clairement. Pourtant, elle a fait beaucoup pour la fiert\u00e9 du jeune pays et a certainement donn\u00e9 un coup de fouet \u00e0 son identit\u00e9 nationale.<\/p>\n<h2 style=\"text-align: justify;\"><span class=\"ez-toc-section\" id=\"La-guerre-americano-mexicaine\"><\/span><span style=\"text-decoration: underline;\"><span style=\"font-size: 20px;\"><strong>La guerre am\u00e9ricano-mexicaine<\/strong><\/span><\/span><span class=\"ez-toc-section-end\"><\/span><\/h2>\n<p><span style=\"font-size: 14px;\"><img decoding=\"async\" class=\"alignnone size-full wp-image-31126 aligncenter\" src=\"http:\/\/jumelage.org\/francais\/wp-content\/uploads\/2022\/05\/Wars-battles-8.jpg\" alt=\"\" width=\"650\" height=\"425\" srcset=\"https:\/\/jumelage.org\/francais\/wp-content\/uploads\/2022\/05\/Wars-battles-8.jpg 650w, https:\/\/jumelage.org\/francais\/wp-content\/uploads\/2022\/05\/Wars-battles-8-230x150.jpg 230w, https:\/\/jumelage.org\/francais\/wp-content\/uploads\/2022\/05\/Wars-battles-8-350x229.jpg 350w, https:\/\/jumelage.org\/francais\/wp-content\/uploads\/2022\/05\/Wars-battles-8-480x314.jpg 480w\" sizes=\"(max-width: 650px) 100vw, 650px\" \/><\/span><\/p>\n<p style=\"text-align: center;\"><span style=\"font-size: 14px;\"><em>Smith Collection\/Gado \/ Getty Images<\/em><\/span><\/p>\n<p style=\"text-align: justify;\"><span style=\"color: #ffffff;\">.\u00a0\u00a0\u00a0\u00a0\u00a0<\/span>\u00a0\u00a0\u00a0\u00a0\u00a0\u00a0 Apr\u00e8s avoir combattu la deuxi\u00e8me guerre s\u00e9minole en Floride, les officiers de l'arm\u00e9e am\u00e9ricaine \u00e9taient bien entra\u00een\u00e9s pour g\u00e9rer leur prochain conflit. Celui-ci a commenc\u00e9 lorsque le Texas a obtenu son ind\u00e9pendance du Mexique en 1836 et a culmin\u00e9 avec l'annexion de l'\u00c9tat par les \u00c9tats-Unis en 1845.<\/p>\n<p style=\"text-align: justify;\">Au d\u00e9but de l'ann\u00e9e 1846, la situation est pr\u00eate pour la bataille et en mai, le pr\u00e9sident am\u00e9ricain James K. Polk (en fonction de 1845 \u00e0 1849) proclame une d\u00e9claration de guerre. Les batailles s'\u00e9tendent au-del\u00e0 des fronti\u00e8res du Texas, jusqu'\u00e0 la c\u00f4te californienne.<\/p>\n<p style=\"text-align: justify;\">En fin de compte, la fronti\u00e8re sud des \u00c9tats-Unis fut \u00e9tablie par le trait\u00e9 de Guadalupe Hidalgo en 1848. Il s'agit d'un territoire qui deviendra bient\u00f4t les \u00c9tats de Californie, du Nevada, du Texas et de l'Utah, ainsi que des parties de l'Arizona, du Colorado, du Nouveau-Mexique et du Wyoming.<\/p>\n<h2 style=\"text-align: justify;\"><span class=\"ez-toc-section\" id=\"La-guerre-civile-americaine\"><\/span><span style=\"text-decoration: underline;\"><span style=\"font-size: 20px;\"><strong>La guerre civile am\u00e9ricaine<\/strong><\/span><\/span><span class=\"ez-toc-section-end\"><\/span><\/h2>\n<p><span style=\"font-size: 14px;\"><img decoding=\"async\" class=\"alignnone size-full wp-image-31127 aligncenter\" src=\"http:\/\/jumelage.org\/francais\/wp-content\/uploads\/2022\/05\/Wars-battles-9.jpg\" alt=\"\" width=\"650\" height=\"439\" srcset=\"https:\/\/jumelage.org\/francais\/wp-content\/uploads\/2022\/05\/Wars-battles-9.jpg 650w, https:\/\/jumelage.org\/francais\/wp-content\/uploads\/2022\/05\/Wars-battles-9-230x155.jpg 230w, https:\/\/jumelage.org\/francais\/wp-content\/uploads\/2022\/05\/Wars-battles-9-350x236.jpg 350w, https:\/\/jumelage.org\/francais\/wp-content\/uploads\/2022\/05\/Wars-battles-9-480x324.jpg 480w\" sizes=\"(max-width: 650px) 100vw, 650px\" \/><\/span><\/p>\n<p style=\"text-align: center;\"><span style=\"font-size: 14px;\"><em>Rischgitz \/ Getty Images<\/em><\/span><\/p>\n<p style=\"text-align: justify;\"><span style=\"color: #ffffff;\">.\u00a0\u00a0\u00a0\u00a0\u00a0<\/span>\u00a0\u00a0\u00a0\u00a0\u00a0\u00a0 La guerre civile am\u00e9ricaine (Guerre de S\u00e9cession) restera comme la plus sanglante et conflictuelle de l'histoire du pays. Parfois, elle a litt\u00e9ralement oppos\u00e9 les membres d'une m\u00eame famille, le Nord et le Sud se livrant \u00e0 de dures batailles. Au total, plus de 600.000 soldats ont \u00e9t\u00e9 tu\u00e9s des deux c\u00f4t\u00e9s, soit plus que dans toutes les autres guerres am\u00e9ricaines r\u00e9unies.<\/p>\n<p style=\"text-align: justify;\">La cause de la guerre civile \u00e9tait la volont\u00e9 des Conf\u00e9d\u00e9r\u00e9s de faire s\u00e9cession de l'Union. De nombreux facteurs sont \u00e0 l'origine de cette volont\u00e9, notamment l'esclavage, les droits des \u00c9tats, les \u00e9carts \u00e9conomiques, et le pouvoir politique. Ce conflit couvait depuis des ann\u00e9es et, malgr\u00e9 tous les efforts, il n'a pu \u00eatre \u00e9vit\u00e9.<\/p>\n<p style=\"text-align: justify;\">La guerre \u00e9clate en 1861 et les batailles feront rage jusqu'\u00e0 ce que le g\u00e9n\u00e9ral Robert E. Lee (1807-1870) se rende au g\u00e9n\u00e9ral Ulysses S. Grant (1822-1885) \u00e0 Appomattox en 1865. La nation am\u00e9ricaine a \u00e9t\u00e9 pr\u00e9serv\u00e9e, mais la guerre a laiss\u00e9 des cicatrices sur la nation qui mettront un certain temps \u00e0 se refermer.<\/p>\n<h2 style=\"text-align: justify;\"><span class=\"ez-toc-section\" id=\"La-guerre-hispano-americaine\"><\/span><span style=\"text-decoration: underline;\"><span style=\"font-size: 20px;\"><strong>La guerre hispano-am\u00e9ricaine<\/strong><\/span><\/span><span class=\"ez-toc-section-end\"><\/span><\/h2>\n<p><span style=\"font-size: 14px;\"><img decoding=\"async\" class=\"alignnone size-full wp-image-31134 aligncenter\" src=\"http:\/\/jumelage.org\/francais\/wp-content\/uploads\/2022\/05\/Wars-battles-16.jpg\" alt=\"\" width=\"768\" height=\"544\" srcset=\"https:\/\/jumelage.org\/francais\/wp-content\/uploads\/2022\/05\/Wars-battles-16.jpg 768w, https:\/\/jumelage.org\/francais\/wp-content\/uploads\/2022\/05\/Wars-battles-16-230x163.jpg 230w, https:\/\/jumelage.org\/francais\/wp-content\/uploads\/2022\/05\/Wars-battles-16-350x248.jpg 350w, https:\/\/jumelage.org\/francais\/wp-content\/uploads\/2022\/05\/Wars-battles-16-480x340.jpg 480w\" sizes=\"(max-width: 768px) 100vw, 768px\" \/><\/span><\/p>\n<p style=\"text-align: center;\"><span style=\"font-size: 14px;\"><em>Lithographie montrant Theodore Roosevelt chevauchant avec les Rough Riders lors de leur charge de la colline de San Juan, pr\u00e8s de Santiago de Cuba, le 1er juillet 1898. Bettmann Archive \/ Getty Images<\/em><\/span><\/p>\n<p style=\"text-align: justify;\"><span style=\"color: #ffffff;\">.\u00a0\u00a0\u00a0\u00a0\u00a0\u00a0\u00a0\u00a0<\/span>\u00a0\u00a0\u00a0 L'une des guerres les plus courtes de l'histoire am\u00e9ricaine, la guerre hispano-am\u00e9ricaine n'a dur\u00e9 que d'avril \u00e0 ao\u00fbt 1898. Elle s'est d\u00e9roul\u00e9e autour de Cuba, car les \u00c9tats-Unis affirmaient que l'Espagne traitait cette nation insulaire de mani\u00e8re injuste.<\/p>\n<p style=\"text-align: justify;\">Le pr\u00e9texte fut le naufrage de l'USS Maine, et bien que de nombreuses batailles aient eu lieu sur terre, les Am\u00e9ricains ont revendiqu\u00e9 de nombreuses victoires en mer.<\/p>\n<p style=\"text-align: justify;\">Le r\u00e9sultat de ce bref conflit fut le contr\u00f4le am\u00e9ricain des Philippines et de Guam. C'\u00e9tait la premi\u00e8re d\u00e9monstration de la puissance am\u00e9ricaine dans le monde entier.<\/p>\n<h2 style=\"text-align: justify;\"><span class=\"ez-toc-section\" id=\"La-premiere-guerre-mondiale\"><\/span><span style=\"text-decoration: underline;\"><span style=\"font-size: 20px;\"><strong>La premi\u00e8re guerre mondiale<\/strong><\/span><\/span><span class=\"ez-toc-section-end\"><\/span><\/h2>\n<p><span style=\"font-size: 14px;\"><img decoding=\"async\" class=\"alignnone size-full wp-image-31129 aligncenter\" src=\"http:\/\/jumelage.org\/francais\/wp-content\/uploads\/2022\/05\/Wars-battles-11.jpg\" alt=\"\" width=\"650\" height=\"444\" srcset=\"https:\/\/jumelage.org\/francais\/wp-content\/uploads\/2022\/05\/Wars-battles-11.jpg 650w, https:\/\/jumelage.org\/francais\/wp-content\/uploads\/2022\/05\/Wars-battles-11-230x157.jpg 230w, https:\/\/jumelage.org\/francais\/wp-content\/uploads\/2022\/05\/Wars-battles-11-350x239.jpg 350w, https:\/\/jumelage.org\/francais\/wp-content\/uploads\/2022\/05\/Wars-battles-11-480x328.jpg 480w\" sizes=\"(max-width: 650px) 100vw, 650px\" \/><\/span><\/p>\n<p style=\"text-align: center;\"><span style=\"font-size: 14px;\"><em>Hulton Archive \/ Getty Images<\/em><\/span><\/p>\n<p style=\"text-align: justify;\"><span style=\"color: #ffffff;\">.\u00a0\u00a0\u00a0\u00a0<\/span>\u00a0\u00a0\u00a0\u00a0\u00a0\u00a0\u00a0 Si le si\u00e8cle pr\u00e9c\u00e9dent a \u00e9t\u00e9 marqu\u00e9 par de nombreux conflits, personne ne pouvait pr\u00e9dire ce que le XXe si\u00e8cle avait en r\u00e9serve. Cette \u00e8re de conflits mondiaux a d\u00e9but\u00e9 en 1914 avec le d\u00e9clenchement de la Premi\u00e8re Guerre mondiale.<\/p>\n<p style=\"text-align: justify;\">L'assassinat de l'archiduc Franz Ferdinand d'Autriche, le 28 juin 1914, a conduit \u00e0 cette guerre qui a dur\u00e9 jusqu'en 1918. Au d\u00e9part, il s'agissait de deux alliances de trois pays oppos\u00e9s l'un \u00e0 l'autre. La Triple Entente comprenait la Grande-Bretagne, la France et la Russie, tandis que les Puissances centrales comprenaient l'Allemagne, l'Empire austro-hongrois et l'Empire ottoman.<\/p>\n<p style=\"text-align: justify;\">\u00c0 la fin de la guerre, d'autres pays, dont les Etats-Unis en avril 1917, se sont engag\u00e9s. Les combats ont d\u00e9vast\u00e9 la majeure partie de l'Europe, et plus de 15 millions de personnes ont \u00e9t\u00e9 tu\u00e9es.<\/p>\n<p style=\"text-align: justify;\">Pourtant, ce n'\u00e9tait que le d\u00e9but. La Premi\u00e8re Guerre mondiale a ouvert la voie \u00e0 de nouvelles tensions et \u00e0 l'une des guerres les plus d\u00e9vastatrices de l'histoire.<\/p>\n<h2 style=\"text-align: justify;\"><span class=\"ez-toc-section\" id=\"La-Seconde-Guerre-mondiale\"><\/span><span style=\"text-decoration: underline;\"><span style=\"font-size: 20px;\"><strong>La Seconde Guerre mondiale<\/strong><\/span><\/span><span class=\"ez-toc-section-end\"><\/span><\/h2>\n<p><span style=\"font-size: 14px;\"><img decoding=\"async\" class=\"alignnone size-full wp-image-31130 aligncenter\" src=\"http:\/\/jumelage.org\/francais\/wp-content\/uploads\/2022\/05\/Wars-battles-12.jpg\" alt=\"\" width=\"650\" height=\"437\" srcset=\"https:\/\/jumelage.org\/francais\/wp-content\/uploads\/2022\/05\/Wars-battles-12.jpg 650w, https:\/\/jumelage.org\/francais\/wp-content\/uploads\/2022\/05\/Wars-battles-12-230x155.jpg 230w, https:\/\/jumelage.org\/francais\/wp-content\/uploads\/2022\/05\/Wars-battles-12-350x235.jpg 350w, https:\/\/jumelage.org\/francais\/wp-content\/uploads\/2022\/05\/Wars-battles-12-480x323.jpg 480w, https:\/\/jumelage.org\/francais\/wp-content\/uploads\/2022\/05\/Wars-battles-12-272x182.jpg 272w\" sizes=\"(max-width: 650px) 100vw, 650px\" \/><\/span><\/p>\n<p style=\"text-align: center;\"><span style=\"font-size: 14px;\"><em>Keystone \/ Getty Images<\/em><\/span><\/p>\n<p style=\"text-align: justify;\"><span style=\"color: #ffffff;\">.\u00a0\u00a0\u00a0\u00a0\u00a0\u00a0\u00a0<\/span>\u00a0\u00a0\u00a0\u00a0 Il est difficile d'imaginer la d\u00e9vastation qui a pu avoir lieu en six courtes ann\u00e9es. Ce qui allait devenir la Seconde Guerre mondiale a donn\u00e9 lieu \u00e0 des combats d'une ampleur sans pr\u00e9c\u00e9dent.<\/p>\n<p style=\"text-align: justify;\">Comme lors de la guerre 1914-18, les pays prennent parti et sont divis\u00e9s en deux groupes. Les puissances de l'Axe comprennent l'Allemagne nazie, l'Italie fasciste et le Japon. De l'autre c\u00f4t\u00e9 se trouvent les Alli\u00e9s, compos\u00e9s de la Grande-Bretagne, de la France, de la Russie, de la Chine et des \u00c9tats-Unis.<\/p>\n<p style=\"text-align: justify;\">Cette guerre a commenc\u00e9 en raison de nombreux facteurs. L'affaiblissement de l'\u00e9conomie mondiale et la Grande D\u00e9pression, ainsi que la mont\u00e9e en puissance d'Hitler et de Mussolini, en sont les principaux. Le d\u00e9clencheur a \u00e9t\u00e9 l'invasion de la Pologne par l'Allemagne.<\/p>\n<p style=\"text-align: justify;\">La Seconde Guerre mondiale a v\u00e9ritablement \u00e9t\u00e9 une guerre mondiale, touchant d'une mani\u00e8re ou d'une autre tous les continents et tous les pays. La plupart des combats se sont d\u00e9roul\u00e9s en Europe qui a \u00e9t\u00e9 la plus touch\u00e9e, notamment en URSS, en Afrique du Nord et en Asie-Pacifique.<\/p>\n<p style=\"text-align: justify;\">Des trag\u00e9dies et des atrocit\u00e9s ont \u00e9t\u00e9 constat\u00e9es un peu partout. L'Holocauste, notamment, a fait \u00e0 lui seul plus de 11 millions de victimes, dont 6 millions de Juifs. Entre 22 et 26 millions d'hommes sont morts au combat pendant la guerre. Dans le dernier acte de la guerre, entre 70 000 et 80 000 Japonais ont \u00e9t\u00e9 tu\u00e9s lorsque les \u00c9tats-Unis ont largu\u00e9 des bombes atomiques sur Hiroshima et Nagasaki.<\/p>\n<h2 style=\"text-align: justify;\"><span class=\"ez-toc-section\" id=\"La-guerre-de-Coree\"><\/span><span style=\"text-decoration: underline;\"><span style=\"font-size: 20px;\"><strong>La guerre de Cor\u00e9e<\/strong><\/span><\/span><span class=\"ez-toc-section-end\"><\/span><\/h2>\n<p><span style=\"font-size: 14px;\"><img decoding=\"async\" class=\"alignnone size-full wp-image-31131 aligncenter\" src=\"http:\/\/jumelage.org\/francais\/wp-content\/uploads\/2022\/05\/Wars-battles-13.jpg\" alt=\"\" width=\"650\" height=\"422\" srcset=\"https:\/\/jumelage.org\/francais\/wp-content\/uploads\/2022\/05\/Wars-battles-13.jpg 650w, https:\/\/jumelage.org\/francais\/wp-content\/uploads\/2022\/05\/Wars-battles-13-230x149.jpg 230w, https:\/\/jumelage.org\/francais\/wp-content\/uploads\/2022\/05\/Wars-battles-13-350x227.jpg 350w, https:\/\/jumelage.org\/francais\/wp-content\/uploads\/2022\/05\/Wars-battles-13-480x312.jpg 480w\" sizes=\"(max-width: 650px) 100vw, 650px\" \/><\/span><\/p>\n<p style=\"text-align: center;\"><span style=\"font-size: 14px;\"><em>Keystone \/ Getty Images<\/em><\/span><\/p>\n<p style=\"text-align: justify;\"><span style=\"color: #ffffff;\">.\u00a0\u00a0\u00a0\u00a0\u00a0\u00a0<\/span>\u00a0\u00a0\u00a0\u00a0\u00a0 De 1950 \u00e0 1953, la p\u00e9ninsule cor\u00e9enne est en proie \u00e0 la guerre. Elle opposa les \u00c9tats-Unis et la Cor\u00e9e du Sud, soutenus par les Nations unies, \u00e0 la Cor\u00e9e du Nord communiste.<\/p>\n<p style=\"text-align: justify;\">Cette guerre qui fait suite \u00e0 la deuxi\u00e8me guerre mondiale, s\u2019ach\u00e8vera par la scission du pays, le Nord soutenu par l\u2019URSS et le Sud par les Etats-Unis. La guerre de Cor\u00e9e est consid\u00e9r\u00e9e par beaucoup comme le premier des nombreux conflits de la guerre froide. A partir de cette \u00e9poque les \u00c9tats-Unis tenteront d'enrayer la propagation du communisme.<\/p>\n<h2 style=\"text-align: justify;\"><span class=\"ez-toc-section\" id=\"La-guerre-du-Viet-Nam\"><\/span><span style=\"text-decoration: underline;\"><span style=\"font-size: 20px;\"><strong>La guerre du Vi\u00eat Nam<\/strong><\/span><\/span><span class=\"ez-toc-section-end\"><\/span><\/h2>\n<p style=\"text-align: center;\"><img decoding=\"async\" class=\"alignnone size-full wp-image-31132\" src=\"http:\/\/jumelage.org\/francais\/wp-content\/uploads\/2022\/05\/Wars-battles-14.jpg\" alt=\"\" width=\"650\" height=\"438\" srcset=\"https:\/\/jumelage.org\/francais\/wp-content\/uploads\/2022\/05\/Wars-battles-14.jpg 650w, https:\/\/jumelage.org\/francais\/wp-content\/uploads\/2022\/05\/Wars-battles-14-230x155.jpg 230w, https:\/\/jumelage.org\/francais\/wp-content\/uploads\/2022\/05\/Wars-battles-14-350x236.jpg 350w, https:\/\/jumelage.org\/francais\/wp-content\/uploads\/2022\/05\/Wars-battles-14-480x323.jpg 480w, https:\/\/jumelage.org\/francais\/wp-content\/uploads\/2022\/05\/Wars-battles-14-272x182.jpg 272w\" sizes=\"(max-width: 650px) 100vw, 650px\" \/><\/p>\n<p style=\"text-align: center;\"><span style=\"font-size: 14px;\"><em>The LIFE Picture Collection via Getty Images \/ Getty Images<\/em><\/span><\/p>\n<p style=\"text-align: justify;\"><span style=\"color: #ffffff;\">.\u00a0\u00a0\u00a0\u00a0\u00a0<\/span>\u00a0\u00a0\u00a0\u00a0\u00a0\u00a0 Les Fran\u00e7ais ont combattu au Vietnam, pays d'Asie du Sud-Est, dans les ann\u00e9es 1950. Le pays s'est alors retrouv\u00e9 divis\u00e9 en deux, avec un gouvernement communiste prenant le contr\u00f4le du nord. La situation est tr\u00e8s similaire \u00e0 celle de la Cor\u00e9e dix ans plus t\u00f4t.<\/p>\n<p style=\"text-align: justify;\">Lorsque le leader Ho Chi Minh (en poste de 1945 \u00e0 1969) a envahi le Sud-Vietnam d\u00e9mocratique en 1959, les \u00c9tats-Unis ont envoy\u00e9 de l'aide pour former l'arm\u00e9e du Sud. Il n'a pas fallu longtemps pour que la mission change.<\/p>\n<p style=\"text-align: justify;\">En 1964, les forces am\u00e9ricaines sont attaqu\u00e9es par les Nord-Vietnamiens, provoquant ce que l'on appelle \"l'am\u00e9ricanisation\" de la guerre. Le pr\u00e9sident Lyndon Johnson (en fonction de 1963 \u2013assassinat de J.F.Kennedy- \u00e0 1969) envoie les premi\u00e8res troupes en 1965 et d\u00e8s lors la situation s'aggrave.<\/p>\n<p style=\"text-align: justify;\">La guerre s'est achev\u00e9e avec le retrait des \u00c9tats-Unis en 1974 et la signature d'un accord de paix. En avril 1975, la seule arm\u00e9e sud-vietnamienne n'a pu emp\u00eacher la \"chute de Saigon\" et les Nord-Vietnamiens dominent la totalit\u00e9 du pays.<\/p>\n<h2 style=\"text-align: justify;\"><span class=\"ez-toc-section\" id=\"Les-guerres-du-Golfe\"><\/span><span style=\"text-decoration: underline;\"><span style=\"font-size: 20px;\"><strong>Les guerres du Golfe<\/strong><\/span><\/span><span class=\"ez-toc-section-end\"><\/span><\/h2>\n<p><span style=\"font-size: 14px;\"><img decoding=\"async\" class=\"alignnone size-full wp-image-31133 aligncenter\" src=\"http:\/\/jumelage.org\/francais\/wp-content\/uploads\/2022\/05\/Wars-battles-15.jpg\" alt=\"\" width=\"650\" height=\"431\" srcset=\"https:\/\/jumelage.org\/francais\/wp-content\/uploads\/2022\/05\/Wars-battles-15.jpg 650w, https:\/\/jumelage.org\/francais\/wp-content\/uploads\/2022\/05\/Wars-battles-15-230x153.jpg 230w, https:\/\/jumelage.org\/francais\/wp-content\/uploads\/2022\/05\/Wars-battles-15-350x232.jpg 350w, https:\/\/jumelage.org\/francais\/wp-content\/uploads\/2022\/05\/Wars-battles-15-480x318.jpg 480w\" sizes=\"(max-width: 650px) 100vw, 650px\" \/><\/span><\/p>\n<p style=\"text-align: center;\"><span style=\"font-size: 14px;\"><em>AFP via Getty Images \/ Getty Images<\/em><\/span><\/p>\n<p style=\"text-align: justify;\"><span style=\"color: #ffffff;\">.\u00a0\u00a0\u00a0\u00a0<\/span>\u00a0\u00a0\u00a0\u00a0\u00a0\u00a0\u00a0 L'agitation et les conflits ne sont pas nouveaux au Moyen-Orient, mais lorsque l'Irak a envahi et annex\u00e9 le Kowe\u00eft, la communaut\u00e9 internationale ne pouvait rester sans rien faire. L\u2019Irak refusa de se conformer aux demandes de retrait de l'ONU.<\/p>\n<p style=\"text-align: justify;\">La guerre du Golfe opposa, du 2 ao\u00fbt 1990 au 28 f\u00e9vrier 1991, l'Irak \u00e0 une coalition de 35 \u00c9tats dirig\u00e9e par les \u00c9tats-Unis. D\u2019abord l'op\u00e9ration<em> Bouclier du d\u00e9sert <\/em>(<em>Desert Shield<\/em>) au cours de laquelle les troupes se renforcent et d\u00e9fendent l'Arabie saoudite, puis l'op\u00e9ration <em>Temp\u00eate du d\u00e9sert<\/em> (<em>Desert Storm<\/em>), phase de combat, qui commence avec un bombardement a\u00e9rien et naval, suivi d'un assaut terrestre et qui se termine par la victoire des forces de la coalition qui parviennent \u00e0 repousser l'arm\u00e9e irakienne hors du Kowe\u00eft et \u00e0 avancer en Irak.<\/p>\n<p style=\"text-align: justify;\">Bien qu'un cessez-le-feu ait \u00e9t\u00e9 d\u00e9clar\u00e9 peu apr\u00e8s, les conflits n'ont pas cess\u00e9.<\/p>\n<p style=\"text-align: justify;\">Parall\u00e8lement \u00e0 la guerre d\u2019Afghanistan, cons\u00e9quence de l\u2019attaque du World Trade Center (11 sep 2001) \u00e0 New York, la <strong>guerre d'Irak <\/strong>ou seconde guerre du Golfe a \u00e9t\u00e9 d\u00e9clench\u00e9e officiellement le 20 mars 2003 avec l'invasion de l'Irak par la coalition men\u00e9e par les \u00c9tats-Unis contre le Parti Baas de Saddam Hussein. L'invasion a conduit \u00e0 la d\u00e9faite rapide de l'arm\u00e9e irakienne, \u00e0 l'arrestation et \u00e0 l'ex\u00e9cution de Saddam Hussein ainsi qu'\u00e0 la mise en place d'un nouveau gouvernement.<\/p>\n<p style=\"text-align: justify;\">\u00c0 partir de 2009, les \u00c9tats-Unis se d\u00e9sengageront progressivement. Le 18 d\u00e9cembre 2011, les forces am\u00e9ricaines ach\u00e8vent leur retrait du pays. La Coalition militaire en Irak aura dur\u00e9 3.207 jours, soit huit ans et neuf mois.<\/p>\n<p style=\"text-align: justify;\">Le nombre des victimes de ce second conflit n'est pas connu avec exactitude et varie consid\u00e9rablement selon les \u00e9tudes et les estimations qui vont de 100.000 \u00e0 plus d'un million de morts pour la p\u00e9riode 2003-2011, tant parmi les combattants que les civils.<\/p>\n<p style=\"text-align: justify;\">Cette guerre est l'une des rares mises en \u0153uvre du concept de guerre pr\u00e9ventive, ici men\u00e9e pour parer \u00e0 la menace des pr\u00e9tendues armes de destruction massive dont l'administration Bush affirmait \u00e0 tort d\u00e9tenir la preuve dans un rapport pr\u00e9sent\u00e9 au conseil de s\u00e9curit\u00e9 de l'ONU le 12 septembre 2002.<\/p>\n<h2 style=\"text-align: justify;\"><span class=\"ez-toc-section\" id=\"La-guerre-dAfghanistan\"><\/span><span style=\"text-decoration: underline;\"><span style=\"font-size: 20px;\"><strong>La guerre d\u2019Afghanistan<\/strong><\/span><\/span><span class=\"ez-toc-section-end\"><\/span><\/h2>\n<p><span style=\"font-size: 14px;\"><img decoding=\"async\" class=\"alignnone size-full wp-image-31135 aligncenter\" src=\"http:\/\/jumelage.org\/francais\/wp-content\/uploads\/2022\/05\/Wars-battles-17.jpg\" alt=\"\" width=\"661\" height=\"428\" srcset=\"https:\/\/jumelage.org\/francais\/wp-content\/uploads\/2022\/05\/Wars-battles-17.jpg 661w, https:\/\/jumelage.org\/francais\/wp-content\/uploads\/2022\/05\/Wars-battles-17-230x149.jpg 230w, https:\/\/jumelage.org\/francais\/wp-content\/uploads\/2022\/05\/Wars-battles-17-350x227.jpg 350w, https:\/\/jumelage.org\/francais\/wp-content\/uploads\/2022\/05\/Wars-battles-17-480x311.jpg 480w\" sizes=\"(max-width: 661px) 100vw, 661px\" \/><\/span><\/p>\n<p style=\"text-align: center;\"><span style=\"font-size: 14px;\"><em>Patrouille de marines am\u00e9ricains \u00e0 Kajaki en Afghanistan, en 2012 (Cr\u00e9dits : GoodAndy)<\/em><\/span><\/p>\n<p style=\"text-align: justify;\"><span style=\"color: #ffffff;\">.\u00a0\u00a0\u00a0\u00a0\u00a0\u00a0\u00a0\u00a0\u00a0\u00a0\u00a0<\/span> La guerre la plus r\u00e9cente, l'engagement am\u00e9ricain en Afghanistan, est aussi la plus longue de l'histoire des \u00c9tats-Unis.<\/p>\n<p style=\"text-align: justify;\">La guerre d'Afghanistan oppose \u00e0 partir d\u2019octobre et novembre 2001 les \u00c9tats-Unis, avec la contribution militaire de l'Alliance du Nord et d'autres nations occidentales (Royaume-Uni, France, Canada, etc.), au r\u00e9gime taliban. Cette guerre s'inscrit dans la \u00ab guerre contre le terrorisme \u00bb d\u00e9clar\u00e9e par l'administration Bush \u00e0 la suite des attentats du 11 septembre 2001 \u00e0 New York et Washington. Le but de l'invasion selon les \u00c9tats-Unis et leurs alli\u00e9s, \u00e9tait de capturer Oussama ben Laden (il fut effectivemement \u00e9limin\u00e9) et de d\u00e9truire l'organisation Al-Qa\u00efda qui poss\u00e9dait des bases dans le pays avec la b\u00e9n\u00e9diction des talibans, et renverser ces derniers (ce qui \u00e9choua).<\/p>\n<p style=\"text-align: justify;\"><span style=\"font-size: 16px;\">Le 31 d\u00e9cembre 2014, l'OTAN met fin \u00e0 son engagement en Afghanistan apr\u00e8s treize ans de guerre et passe le relais \u00e0 l'arm\u00e9e nationale afghane. Toutefois, la guerre se poursuit jusqu'en ao\u00fbt 2021, quand les troupes am\u00e9ricaines quittent le pays en catastrophe. Les talibans reprennent alors le contr\u00f4le du pays<\/span><\/p>\n<h2 style=\"text-align: justify;\"><span class=\"ez-toc-section\" id=\"Les-guerres-dans-lesquelles-les-Americains-ont-ete-impliques\"><\/span><span style=\"text-decoration: underline;\"><strong><span style=\"font-size: 20px;\">Les guerres dans lesquelles les Am\u00e9ricains ont \u00e9t\u00e9 impliqu\u00e9s<\/span> <\/strong><\/span><span class=\"ez-toc-section-end\"><\/span><\/h2>\n<p style=\"text-align: center;\">\n<table id=\"tablepress-10\" class=\"tablepress tablepress-id-10\">\n<thead>\n<tr class=\"row-1\">\n\t<th class=\"column-1\">Dates<\/th><th class=\"column-2\">War in Which American Colonists or United States Citizens Officially Participated<\/th><th class=\"column-3\">Major Combatants<\/th>\n<\/tr>\n<\/thead>\n<tbody class=\"row-striping row-hover\">\n<tr class=\"row-2\">\n\t<td class=\"column-1\">July 4, 1675 \u2013 August 12, 1676<\/td><td class=\"column-2\">King Philip's War<\/td><td class=\"column-3\">New England Colonies vs. Wampanoag, Narragansett, and Nipmuck peoples<\/td>\n<\/tr>\n<tr class=\"row-3\">\n\t<td class=\"column-1\">1689\u20131697<\/td><td class=\"column-2\">King William's War<\/td><td class=\"column-3\">The English Colonies vs. France<\/td>\n<\/tr>\n<tr class=\"row-4\">\n\t<td class=\"column-1\">1702\u20131713<\/td><td class=\"column-2\">Queen Anne's War (War of Spanish Succession)<\/td><td class=\"column-3\">The English Colonies vs. France<\/td>\n<\/tr>\n<tr class=\"row-5\">\n\t<td class=\"column-1\">1744\u20131748<\/td><td class=\"column-2\">King George's War (War of Austrian Succession)<\/td><td class=\"column-3\">The French Colonies vs. Great Britain<\/td>\n<\/tr>\n<tr class=\"row-6\">\n\t<td class=\"column-1\">1756\u20131763<\/td><td class=\"column-2\">French and Indian War\u00a0(Seven Years War)<\/td><td class=\"column-3\">The French Colonies vs. Great Britain<\/td>\n<\/tr>\n<tr class=\"row-7\">\n\t<td class=\"column-1\">1759\u20131761<\/td><td class=\"column-2\">Cherokee War<\/td><td class=\"column-3\">English Colonists vs. Cherokee Nation<\/td>\n<\/tr>\n<tr class=\"row-8\">\n\t<td class=\"column-1\">1775\u20131783<\/td><td class=\"column-2\">American Revolution<\/td><td class=\"column-3\">English Colonists vs. Great Britain<\/td>\n<\/tr>\n<tr class=\"row-9\">\n\t<td class=\"column-1\">1798\u20131800<\/td><td class=\"column-2\">Franco-American Naval War<\/td><td class=\"column-3\">United States vs. France<\/td>\n<\/tr>\n<tr class=\"row-10\">\n\t<td class=\"column-1\">1801\u20131805 ; 1815<\/td><td class=\"column-2\">Barbary Wars<\/td><td class=\"column-3\">United States vs. Morocco, Algiers, Tunis, and Tripoli<\/td>\n<\/tr>\n<tr class=\"row-11\">\n\t<td class=\"column-1\">1812\u20131815<\/td><td class=\"column-2\">War of 1812<\/td><td class=\"column-3\">United States vs. Great Britain<\/td>\n<\/tr>\n<tr class=\"row-12\">\n\t<td class=\"column-1\">1813\u20131814<\/td><td class=\"column-2\">Creek War<\/td><td class=\"column-3\">United States vs. Creek Nation<\/td>\n<\/tr>\n<tr class=\"row-13\">\n\t<td class=\"column-1\">1836<\/td><td class=\"column-2\">War of Texas Independence<\/td><td class=\"column-3\">Texas vs. Mexico<\/td>\n<\/tr>\n<tr class=\"row-14\">\n\t<td class=\"column-1\">1846\u20131848<\/td><td class=\"column-2\">Mexican-American War<\/td><td class=\"column-3\">United States vs. Mexico<\/td>\n<\/tr>\n<tr class=\"row-15\">\n\t<td class=\"column-1\">1861\u20131865<\/td><td class=\"column-2\">U.S. Civil War<\/td><td class=\"column-3\">Union vs. Confederacy<\/td>\n<\/tr>\n<tr class=\"row-16\">\n\t<td class=\"column-1\">1898<\/td><td class=\"column-2\">Spanish-American War<\/td><td class=\"column-3\">United States vs. Spain<\/td>\n<\/tr>\n<tr class=\"row-17\">\n\t<td class=\"column-1\">1914\u20131918<\/td><td class=\"column-2\">World War I<\/td><td class=\"column-3\">Triple Alliance: Germany, Italy, and Austria-Hungary vs. Triple Entente: Britain, France, and Russia. The United States joined on the side of the Triple Entente in 1917<\/td>\n<\/tr>\n<tr class=\"row-18\">\n\t<td class=\"column-1\">1939-1945<\/td><td class=\"column-2\">World War II<\/td><td class=\"column-3\">Axis Powers: Germany, Italy, Japan vs. Major Allied Powers: United States, Great Britain, France, and Russia<\/td>\n<\/tr>\n<tr class=\"row-19\">\n\t<td class=\"column-1\">1950\u20131953<\/td><td class=\"column-2\">Korean War<\/td><td class=\"column-3\">United States (as part of the United Nations) and South Korea vs. North Korea and Communist China<\/td>\n<\/tr>\n<tr class=\"row-20\">\n\t<td class=\"column-1\">1960\u20131975<\/td><td class=\"column-2\">Vietnam War<\/td><td class=\"column-3\">United States and South Vietnam vs. North Vietnam<\/td>\n<\/tr>\n<tr class=\"row-21\">\n\t<td class=\"column-1\">1961<\/td><td class=\"column-2\">Bay of Pigs Invasion<\/td><td class=\"column-3\">United States vs. Cuba<\/td>\n<\/tr>\n<tr class=\"row-22\">\n\t<td class=\"column-1\">1983<\/td><td class=\"column-2\">Grenada<\/td><td class=\"column-3\">United States intervention<\/td>\n<\/tr>\n<tr class=\"row-23\">\n\t<td class=\"column-1\">1989<\/td><td class=\"column-2\">U.S. Invasion of Panama<\/td><td class=\"column-3\">United States vs. Panama<\/td>\n<\/tr>\n<tr class=\"row-24\">\n\t<td class=\"column-1\">1990\u20131991<\/td><td class=\"column-2\">Persian Gulf War<\/td><td class=\"column-3\">United States and Coalition Forces vs. Iraq<\/td>\n<\/tr>\n<tr class=\"row-25\">\n\t<td class=\"column-1\">1995\u20131996<\/td><td class=\"column-2\">Intervention in Bosnia and Herzegovina<\/td><td class=\"column-3\">United States as part of NATO acted as peacekeepers in former Yugoslavia<\/td>\n<\/tr>\n<tr class=\"row-26\">\n\t<td class=\"column-1\">2001\u20132021<\/td><td class=\"column-2\">Invasion of Afghanistan<\/td><td class=\"column-3\">United States and Coalition Forces vs. the Taliban regime in Afghanistan to fight terrorism<\/td>\n<\/tr>\n<tr class=\"row-27\">\n\t<td class=\"column-1\">2003\u20132011<\/td><td class=\"column-2\">Invasion of Iraq<\/td><td class=\"column-3\">United States and Coalition Forces vs. Iraq<\/td>\n<\/tr>\n<tr class=\"row-28\">\n\t<td class=\"column-1\">2004\u2013present<\/td><td class=\"column-2\">War in Northwest Pakistan<\/td><td class=\"column-3\">United States vs. Pakistan, mainly drone attacks<\/td>\n<\/tr>\n<tr class=\"row-29\">\n\t<td class=\"column-1\">2007\u2013present<\/td><td class=\"column-2\">Somalia and Northeastern Kenya<\/td><td class=\"column-3\">United States and Coalition forces vs. al-Shabaab militants<\/td>\n<\/tr>\n<tr class=\"row-30\">\n\t<td class=\"column-1\">2009\u20132016<\/td><td class=\"column-2\">Operation Ocean Shield (Indian Ocean)<\/td><td class=\"column-3\">NATO allies vs. Somali pirates<\/td>\n<\/tr>\n<tr class=\"row-31\">\n\t<td class=\"column-1\">2011<\/td><td class=\"column-2\">Intervention in Libya<\/td><td class=\"column-3\">U.S. and NATO allies vs. Libya<\/td>\n<\/tr>\n<tr class=\"row-32\">\n\t<td class=\"column-1\">2011\u20132017<\/td><td class=\"column-2\">Lord's Resistance Army<\/td><td class=\"column-3\">U.S. and allies against the Lord's Resistance Army in Uganda<\/td>\n<\/tr>\n<tr class=\"row-33\">\n\t<td class=\"column-1\">2014\u20132017<\/td><td class=\"column-2\">U.S.-led Intervention in Iraq<\/td><td class=\"column-3\">U.S. and coalition forces against the Islamic State of Iraq and Syria<\/td>\n<\/tr>\n<tr class=\"row-34\">\n\t<td class=\"column-1\">2014\u2013present<\/td><td class=\"column-2\">U.S.-led intervention in Syria<\/td><td class=\"column-3\">U.S. and coalition forces against al-Qaeda, ISIS, and Syria<\/td>\n<\/tr>\n<tr class=\"row-35\">\n\t<td class=\"column-1\">2015\u2013present<\/td><td class=\"column-2\">Yemeni Civil War<\/td><td class=\"column-3\">Saudi-led coalition and U.S., France, and Kingdom against the Houthi rebels, Supreme Political Council in Yemen, and allies<\/td>\n<\/tr>\n<tr class=\"row-36\">\n\t<td class=\"column-1\">2015\u2013present<\/td><td class=\"column-2\">U.S. intervention in Libya<\/td><td class=\"column-3\">U.S. and Libya against ISIS<\/td>\n<\/tr>\n<\/tbody>\n<\/table>\n<!-- #tablepress-10 from cache --><\/p>\n<\/div>\n<\/div><\/div><\/div><\/div><\/div><\/div><\/div>","protected":false},"excerpt":{"rendered":"<p>Guerres et batailles am\u00e9ricaines \u00e0 travers l&rsquo;histoire D&rsquo;apr\u00e8s : ThoughtCo &#8211; Kennedy Hickman &#8211; Nov 06, 2020 \/ Martin Kelly &#8211; Nov 04, 2020 .\u00a0\u00a0\u00a0\u00a0\u00a0\u00a0\u00a0\u00a0\u00a0\u00a0\u00a0 [&hellip;]<\/p>\n","protected":false},"author":1,"featured_media":31135,"comment_status":"open","ping_status":"open","sticky":false,"template":"post-templates\/post_full.php","format":"standard","meta":{"two_page_speed":[],"footnotes":""},"categories":[13],"tags":[],"class_list":["post-31117","post","type-post","status-publish","format-standard","has-post-thumbnail","hentry","category-la-voie-des-usa"],"yoast_head":"<!-- This site is optimized with the Yoast SEO plugin v27.5 - https:\/\/yoast.com\/product\/yoast-seo-wordpress\/ -->\n<title>Guerres et batailles am\u00e9ricaines \u00e0 travers l&#039;histoire Jumelage<\/title>\n<meta name=\"description\" content=\"L&#039;Am\u00e9rique a \u00e9t\u00e9 impliqu\u00e9e dans des guerres, grandes et petites, depuis avant la fondation de la nation. Au fil des ans, les guerres ont consid\u00e9rablement chang\u00e9, et la participation des Am\u00e9ricains \u00e0 celles-ci a \u00e9galement vari\u00e9.\" \/>\n<meta name=\"robots\" content=\"index, follow, max-snippet:-1, max-image-preview:large, max-video-preview:-1\" \/>\n<link rel=\"canonical\" href=\"https:\/\/jumelage.org\/francais\/guerres-et-batailles-americaines-a-travers-lhistoire\/\" \/>\n<meta property=\"og:locale\" content=\"fr_FR\" \/>\n<meta property=\"og:type\" content=\"article\" \/>\n<meta property=\"og:title\" content=\"Guerres et batailles am\u00e9ricaines \u00e0 travers l&#039;histoire Jumelage\" \/>\n<meta property=\"og:description\" content=\"L&#039;Am\u00e9rique a \u00e9t\u00e9 impliqu\u00e9e dans des guerres, grandes et petites, depuis avant la fondation de la nation. Au fil des ans, les guerres ont consid\u00e9rablement chang\u00e9, et la participation des Am\u00e9ricains \u00e0 celles-ci a \u00e9galement vari\u00e9.\" \/>\n<meta property=\"og:url\" content=\"https:\/\/jumelage.org\/francais\/guerres-et-batailles-americaines-a-travers-lhistoire\/\" \/>\n<meta property=\"og:site_name\" content=\"Jumelage\" \/>\n<meta property=\"article:publisher\" content=\"http:\/\/www.facebook.com\/jumelagew.sgl\/\" \/>\n<meta property=\"article:published_time\" content=\"2022-05-19T21:33:28+00:00\" \/>\n<meta property=\"article:modified_time\" content=\"2022-05-19T22:02:07+00:00\" \/>\n<meta property=\"og:image\" content=\"https:\/\/jumelage.org\/francais\/wp-content\/uploads\/2022\/05\/Wars-battles-17.jpg\" \/>\n\t<meta property=\"og:image:width\" content=\"661\" \/>\n\t<meta property=\"og:image:height\" content=\"428\" \/>\n\t<meta property=\"og:image:type\" content=\"image\/jpeg\" \/>\n<meta name=\"author\" content=\"JumSGLW\" \/>\n<meta name=\"twitter:card\" content=\"summary_large_image\" \/>\n<meta name=\"twitter:label1\" content=\"\u00c9crit par\" \/>\n\t<meta name=\"twitter:data1\" content=\"JumSGLW\" \/>\n\t<meta name=\"twitter:label2\" content=\"Dur\u00e9e de lecture estim\u00e9e\" \/>\n\t<meta name=\"twitter:data2\" content=\"13 minutes\" \/>\n<script type=\"application\/ld+json\" class=\"yoast-schema-graph\">{\"@context\":\"https:\\\/\\\/schema.org\",\"@graph\":[{\"@type\":\"Article\",\"@id\":\"https:\\\/\\\/jumelage.org\\\/francais\\\/guerres-et-batailles-americaines-a-travers-lhistoire\\\/#article\",\"isPartOf\":{\"@id\":\"https:\\\/\\\/jumelage.org\\\/francais\\\/guerres-et-batailles-americaines-a-travers-lhistoire\\\/\"},\"author\":{\"name\":\"JumSGLW\",\"@id\":\"https:\\\/\\\/jumelage.org\\\/francais\\\/#\\\/schema\\\/person\\\/74dafcd8c5dfbdc6c0bfb7efcd1020be\"},\"headline\":\"Guerres et batailles am\u00e9ricaines \u00e0 travers l&rsquo;histoire\",\"datePublished\":\"2022-05-19T21:33:28+00:00\",\"dateModified\":\"2022-05-19T22:02:07+00:00\",\"mainEntityOfPage\":{\"@id\":\"https:\\\/\\\/jumelage.org\\\/francais\\\/guerres-et-batailles-americaines-a-travers-lhistoire\\\/\"},\"wordCount\":2663,\"commentCount\":0,\"image\":{\"@id\":\"https:\\\/\\\/jumelage.org\\\/francais\\\/guerres-et-batailles-americaines-a-travers-lhistoire\\\/#primaryimage\"},\"thumbnailUrl\":\"https:\\\/\\\/jumelage.org\\\/francais\\\/wp-content\\\/uploads\\\/2022\\\/05\\\/Wars-battles-17.jpg\",\"articleSection\":[\"La voie des USA\"],\"inLanguage\":\"fr-FR\",\"potentialAction\":[{\"@type\":\"CommentAction\",\"name\":\"Comment\",\"target\":[\"https:\\\/\\\/jumelage.org\\\/francais\\\/guerres-et-batailles-americaines-a-travers-lhistoire\\\/#respond\"]}]},{\"@type\":\"WebPage\",\"@id\":\"https:\\\/\\\/jumelage.org\\\/francais\\\/guerres-et-batailles-americaines-a-travers-lhistoire\\\/\",\"url\":\"https:\\\/\\\/jumelage.org\\\/francais\\\/guerres-et-batailles-americaines-a-travers-lhistoire\\\/\",\"name\":\"Guerres et batailles am\u00e9ricaines \u00e0 travers l'histoire Jumelage\",\"isPartOf\":{\"@id\":\"https:\\\/\\\/jumelage.org\\\/francais\\\/#website\"},\"primaryImageOfPage\":{\"@id\":\"https:\\\/\\\/jumelage.org\\\/francais\\\/guerres-et-batailles-americaines-a-travers-lhistoire\\\/#primaryimage\"},\"image\":{\"@id\":\"https:\\\/\\\/jumelage.org\\\/francais\\\/guerres-et-batailles-americaines-a-travers-lhistoire\\\/#primaryimage\"},\"thumbnailUrl\":\"https:\\\/\\\/jumelage.org\\\/francais\\\/wp-content\\\/uploads\\\/2022\\\/05\\\/Wars-battles-17.jpg\",\"datePublished\":\"2022-05-19T21:33:28+00:00\",\"dateModified\":\"2022-05-19T22:02:07+00:00\",\"author\":{\"@id\":\"https:\\\/\\\/jumelage.org\\\/francais\\\/#\\\/schema\\\/person\\\/74dafcd8c5dfbdc6c0bfb7efcd1020be\"},\"description\":\"L'Am\u00e9rique a \u00e9t\u00e9 impliqu\u00e9e dans des guerres, grandes et petites, depuis avant la fondation de la nation. Au fil des ans, les guerres ont consid\u00e9rablement chang\u00e9, et la participation des Am\u00e9ricains \u00e0 celles-ci a \u00e9galement vari\u00e9.\",\"breadcrumb\":{\"@id\":\"https:\\\/\\\/jumelage.org\\\/francais\\\/guerres-et-batailles-americaines-a-travers-lhistoire\\\/#breadcrumb\"},\"inLanguage\":\"fr-FR\",\"potentialAction\":[{\"@type\":\"ReadAction\",\"target\":[\"https:\\\/\\\/jumelage.org\\\/francais\\\/guerres-et-batailles-americaines-a-travers-lhistoire\\\/\"]}]},{\"@type\":\"ImageObject\",\"inLanguage\":\"fr-FR\",\"@id\":\"https:\\\/\\\/jumelage.org\\\/francais\\\/guerres-et-batailles-americaines-a-travers-lhistoire\\\/#primaryimage\",\"url\":\"https:\\\/\\\/jumelage.org\\\/francais\\\/wp-content\\\/uploads\\\/2022\\\/05\\\/Wars-battles-17.jpg\",\"contentUrl\":\"https:\\\/\\\/jumelage.org\\\/francais\\\/wp-content\\\/uploads\\\/2022\\\/05\\\/Wars-battles-17.jpg\",\"width\":661,\"height\":428},{\"@type\":\"BreadcrumbList\",\"@id\":\"https:\\\/\\\/jumelage.org\\\/francais\\\/guerres-et-batailles-americaines-a-travers-lhistoire\\\/#breadcrumb\",\"itemListElement\":[{\"@type\":\"ListItem\",\"position\":1,\"name\":\"Accueil\",\"item\":\"https:\\\/\\\/jumelage.org\\\/francais\\\/\"},{\"@type\":\"ListItem\",\"position\":2,\"name\":\"Guerres et batailles am\u00e9ricaines \u00e0 travers l&rsquo;histoire\"}]},{\"@type\":\"WebSite\",\"@id\":\"https:\\\/\\\/jumelage.org\\\/francais\\\/#website\",\"url\":\"https:\\\/\\\/jumelage.org\\\/francais\\\/\",\"name\":\"Jumelage\",\"description\":\"Saint-Germain-en-Laye &amp; Winchester (MA)\",\"potentialAction\":[{\"@type\":\"SearchAction\",\"target\":{\"@type\":\"EntryPoint\",\"urlTemplate\":\"https:\\\/\\\/jumelage.org\\\/francais\\\/?s={search_term_string}\"},\"query-input\":{\"@type\":\"PropertyValueSpecification\",\"valueRequired\":true,\"valueName\":\"search_term_string\"}}],\"inLanguage\":\"fr-FR\"},{\"@type\":\"Person\",\"@id\":\"https:\\\/\\\/jumelage.org\\\/francais\\\/#\\\/schema\\\/person\\\/74dafcd8c5dfbdc6c0bfb7efcd1020be\",\"name\":\"JumSGLW\",\"image\":{\"@type\":\"ImageObject\",\"inLanguage\":\"fr-FR\",\"@id\":\"https:\\\/\\\/secure.gravatar.com\\\/avatar\\\/3d3cad377d924d636d7d20ae9f968d4816d16114a561888c0a1668606eb9b7be?s=96&d=mm&r=g\",\"url\":\"https:\\\/\\\/secure.gravatar.com\\\/avatar\\\/3d3cad377d924d636d7d20ae9f968d4816d16114a561888c0a1668606eb9b7be?s=96&d=mm&r=g\",\"contentUrl\":\"https:\\\/\\\/secure.gravatar.com\\\/avatar\\\/3d3cad377d924d636d7d20ae9f968d4816d16114a561888c0a1668606eb9b7be?s=96&d=mm&r=g\",\"caption\":\"JumSGLW\"},\"url\":\"http:\\\/\\\/jumelage.org\\\/francais\\\/author\\\/jumsglw\\\/\"}]}<\/script>\n<!-- \/ Yoast SEO plugin. -->","yoast_head_json":{"title":"Guerres et batailles am\u00e9ricaines \u00e0 travers l'histoire Jumelage","description":"L'Am\u00e9rique a \u00e9t\u00e9 impliqu\u00e9e dans des guerres, grandes et petites, depuis avant la fondation de la nation. Au fil des ans, les guerres ont consid\u00e9rablement chang\u00e9, et la participation des Am\u00e9ricains \u00e0 celles-ci a \u00e9galement vari\u00e9.","robots":{"index":"index","follow":"follow","max-snippet":"max-snippet:-1","max-image-preview":"max-image-preview:large","max-video-preview":"max-video-preview:-1"},"canonical":"https:\/\/jumelage.org\/francais\/guerres-et-batailles-americaines-a-travers-lhistoire\/","og_locale":"fr_FR","og_type":"article","og_title":"Guerres et batailles am\u00e9ricaines \u00e0 travers l'histoire Jumelage","og_description":"L'Am\u00e9rique a \u00e9t\u00e9 impliqu\u00e9e dans des guerres, grandes et petites, depuis avant la fondation de la nation. Au fil des ans, les guerres ont consid\u00e9rablement chang\u00e9, et la participation des Am\u00e9ricains \u00e0 celles-ci a \u00e9galement vari\u00e9.","og_url":"https:\/\/jumelage.org\/francais\/guerres-et-batailles-americaines-a-travers-lhistoire\/","og_site_name":"Jumelage","article_publisher":"http:\/\/www.facebook.com\/jumelagew.sgl\/","article_published_time":"2022-05-19T21:33:28+00:00","article_modified_time":"2022-05-19T22:02:07+00:00","og_image":[{"width":661,"height":428,"url":"https:\/\/jumelage.org\/francais\/wp-content\/uploads\/2022\/05\/Wars-battles-17.jpg","type":"image\/jpeg"}],"author":"JumSGLW","twitter_card":"summary_large_image","twitter_misc":{"\u00c9crit par":"JumSGLW","Dur\u00e9e de lecture estim\u00e9e":"13 minutes"},"schema":{"@context":"https:\/\/schema.org","@graph":[{"@type":"Article","@id":"https:\/\/jumelage.org\/francais\/guerres-et-batailles-americaines-a-travers-lhistoire\/#article","isPartOf":{"@id":"https:\/\/jumelage.org\/francais\/guerres-et-batailles-americaines-a-travers-lhistoire\/"},"author":{"name":"JumSGLW","@id":"https:\/\/jumelage.org\/francais\/#\/schema\/person\/74dafcd8c5dfbdc6c0bfb7efcd1020be"},"headline":"Guerres et batailles am\u00e9ricaines \u00e0 travers l&rsquo;histoire","datePublished":"2022-05-19T21:33:28+00:00","dateModified":"2022-05-19T22:02:07+00:00","mainEntityOfPage":{"@id":"https:\/\/jumelage.org\/francais\/guerres-et-batailles-americaines-a-travers-lhistoire\/"},"wordCount":2663,"commentCount":0,"image":{"@id":"https:\/\/jumelage.org\/francais\/guerres-et-batailles-americaines-a-travers-lhistoire\/#primaryimage"},"thumbnailUrl":"https:\/\/jumelage.org\/francais\/wp-content\/uploads\/2022\/05\/Wars-battles-17.jpg","articleSection":["La voie des USA"],"inLanguage":"fr-FR","potentialAction":[{"@type":"CommentAction","name":"Comment","target":["https:\/\/jumelage.org\/francais\/guerres-et-batailles-americaines-a-travers-lhistoire\/#respond"]}]},{"@type":"WebPage","@id":"https:\/\/jumelage.org\/francais\/guerres-et-batailles-americaines-a-travers-lhistoire\/","url":"https:\/\/jumelage.org\/francais\/guerres-et-batailles-americaines-a-travers-lhistoire\/","name":"Guerres et batailles am\u00e9ricaines \u00e0 travers l'histoire Jumelage","isPartOf":{"@id":"https:\/\/jumelage.org\/francais\/#website"},"primaryImageOfPage":{"@id":"https:\/\/jumelage.org\/francais\/guerres-et-batailles-americaines-a-travers-lhistoire\/#primaryimage"},"image":{"@id":"https:\/\/jumelage.org\/francais\/guerres-et-batailles-americaines-a-travers-lhistoire\/#primaryimage"},"thumbnailUrl":"https:\/\/jumelage.org\/francais\/wp-content\/uploads\/2022\/05\/Wars-battles-17.jpg","datePublished":"2022-05-19T21:33:28+00:00","dateModified":"2022-05-19T22:02:07+00:00","author":{"@id":"https:\/\/jumelage.org\/francais\/#\/schema\/person\/74dafcd8c5dfbdc6c0bfb7efcd1020be"},"description":"L'Am\u00e9rique a \u00e9t\u00e9 impliqu\u00e9e dans des guerres, grandes et petites, depuis avant la fondation de la nation. Au fil des ans, les guerres ont consid\u00e9rablement chang\u00e9, et la participation des Am\u00e9ricains \u00e0 celles-ci a \u00e9galement vari\u00e9.","breadcrumb":{"@id":"https:\/\/jumelage.org\/francais\/guerres-et-batailles-americaines-a-travers-lhistoire\/#breadcrumb"},"inLanguage":"fr-FR","potentialAction":[{"@type":"ReadAction","target":["https:\/\/jumelage.org\/francais\/guerres-et-batailles-americaines-a-travers-lhistoire\/"]}]},{"@type":"ImageObject","inLanguage":"fr-FR","@id":"https:\/\/jumelage.org\/francais\/guerres-et-batailles-americaines-a-travers-lhistoire\/#primaryimage","url":"https:\/\/jumelage.org\/francais\/wp-content\/uploads\/2022\/05\/Wars-battles-17.jpg","contentUrl":"https:\/\/jumelage.org\/francais\/wp-content\/uploads\/2022\/05\/Wars-battles-17.jpg","width":661,"height":428},{"@type":"BreadcrumbList","@id":"https:\/\/jumelage.org\/francais\/guerres-et-batailles-americaines-a-travers-lhistoire\/#breadcrumb","itemListElement":[{"@type":"ListItem","position":1,"name":"Accueil","item":"https:\/\/jumelage.org\/francais\/"},{"@type":"ListItem","position":2,"name":"Guerres et batailles am\u00e9ricaines \u00e0 travers l&rsquo;histoire"}]},{"@type":"WebSite","@id":"https:\/\/jumelage.org\/francais\/#website","url":"https:\/\/jumelage.org\/francais\/","name":"Jumelage","description":"Saint-Germain-en-Laye &amp; Winchester (MA)","potentialAction":[{"@type":"SearchAction","target":{"@type":"EntryPoint","urlTemplate":"https:\/\/jumelage.org\/francais\/?s={search_term_string}"},"query-input":{"@type":"PropertyValueSpecification","valueRequired":true,"valueName":"search_term_string"}}],"inLanguage":"fr-FR"},{"@type":"Person","@id":"https:\/\/jumelage.org\/francais\/#\/schema\/person\/74dafcd8c5dfbdc6c0bfb7efcd1020be","name":"JumSGLW","image":{"@type":"ImageObject","inLanguage":"fr-FR","@id":"https:\/\/secure.gravatar.com\/avatar\/3d3cad377d924d636d7d20ae9f968d4816d16114a561888c0a1668606eb9b7be?s=96&d=mm&r=g","url":"https:\/\/secure.gravatar.com\/avatar\/3d3cad377d924d636d7d20ae9f968d4816d16114a561888c0a1668606eb9b7be?s=96&d=mm&r=g","contentUrl":"https:\/\/secure.gravatar.com\/avatar\/3d3cad377d924d636d7d20ae9f968d4816d16114a561888c0a1668606eb9b7be?s=96&d=mm&r=g","caption":"JumSGLW"},"url":"http:\/\/jumelage.org\/francais\/author\/jumsglw\/"}]}},"_links":{"self":[{"href":"http:\/\/jumelage.org\/francais\/wp-json\/wp\/v2\/posts\/31117","targetHints":{"allow":["GET"]}}],"collection":[{"href":"http:\/\/jumelage.org\/francais\/wp-json\/wp\/v2\/posts"}],"about":[{"href":"http:\/\/jumelage.org\/francais\/wp-json\/wp\/v2\/types\/post"}],"author":[{"embeddable":true,"href":"http:\/\/jumelage.org\/francais\/wp-json\/wp\/v2\/users\/1"}],"replies":[{"embeddable":true,"href":"http:\/\/jumelage.org\/francais\/wp-json\/wp\/v2\/comments?post=31117"}],"version-history":[{"count":2,"href":"http:\/\/jumelage.org\/francais\/wp-json\/wp\/v2\/posts\/31117\/revisions"}],"predecessor-version":[{"id":31136,"href":"http:\/\/jumelage.org\/francais\/wp-json\/wp\/v2\/posts\/31117\/revisions\/31136"}],"wp:featuredmedia":[{"embeddable":true,"href":"http:\/\/jumelage.org\/francais\/wp-json\/wp\/v2\/media\/31135"}],"wp:attachment":[{"href":"http:\/\/jumelage.org\/francais\/wp-json\/wp\/v2\/media?parent=31117"}],"wp:term":[{"taxonomy":"category","embeddable":true,"href":"http:\/\/jumelage.org\/francais\/wp-json\/wp\/v2\/categories?post=31117"},{"taxonomy":"post_tag","embeddable":true,"href":"http:\/\/jumelage.org\/francais\/wp-json\/wp\/v2\/tags?post=31117"}],"curies":[{"name":"wp","href":"https:\/\/api.w.org\/{rel}","templated":true}]}}