{"id":30236,"date":"2021-12-15T18:09:19","date_gmt":"2021-12-15T17:09:19","guid":{"rendered":"http:\/\/jumelage.org\/francais\/?p=30236"},"modified":"2021-12-15T18:09:19","modified_gmt":"2021-12-15T17:09:19","slug":"la-bataille-de-blair-mountain-aout-1921","status":"publish","type":"post","link":"http:\/\/jumelage.org\/francais\/la-bataille-de-blair-mountain-aout-1921\/","title":{"rendered":"La bataille de Blair Mountain (ao\u00fbt 1921)"},"content":{"rendered":"<div id=\"pl-30236\"  class=\"panel-layout\" ><div id=\"pg-30236-0\"  class=\"panel-grid panel-has-style\" ><div class=\"siteorigin-panels-stretch panel-row-style panel-row-style-for-30236-0\" style=\"padding: 0px 0; \" data-stretch-type=\"full\" data-overlay=\"true\" data-overlay-color=\"#000000\" ><div id=\"pgc-30236-0-0\"  class=\"panel-grid-cell\" ><div id=\"panel-30236-0-0-0\" class=\"so-panel widget widget_sow-editor panel-first-child panel-last-child\" data-index=\"0\" ><div style=\"text-align: left;\" data-title-color=\"#443f3f\" data-headings-color=\"#443f3f\" class=\"panel-widget-style panel-widget-style-for-30236-0-0-0\" ><div\n\t\t\t\n\t\t\tclass=\"so-widget-sow-editor so-widget-sow-editor-base\"\n\t\t\t\n\t\t>\n<div class=\"siteorigin-widget-tinymce textwidget\">\n\t<h1 style=\"text-align: center;\"><span style=\"font-size: 24px;\"><strong>La bataille de Blair Mountain (ao\u00fbt 1921)<\/strong><\/span><\/h1>\n<pre style=\"text-align: justify;\"><span style=\"font-size: 14px;\"><em>D'apr\u00e8s : History.com - Evan Andrews - 01 sep 2018<\/em><\/span><\/pre>\n<p style=\"text-align: justify; padding-left: 40px;\"><em>\u00c0 la fin du mois d'ao\u00fbt 1921, les mineurs syndiqu\u00e9s et les partisans de la compagnie charbonni\u00e8re se sont affront\u00e9s pr\u00e8s de Blair Mountain, en Virginie-Occidentale, dans ce qui a \u00e9t\u00e9 qualifi\u00e9 de plus grand soul\u00e8vement arm\u00e9 depuis la guerre civile.<\/em><\/p>\n<p style=\"text-align: justify;\"><span style=\"color: #ffffff;\">.\u00a0\u00a0\u00a0\u00a0\u00a0\u00a0\u00a0\u00a0\u00a0\u00a0\u00a0<\/span> La bataille de Blair Mountain est le r\u00e9sultat d'ann\u00e9es d'\u00e2pres conflits du travail entre les mineurs et les compagnies mini\u00e8res du sud de la Virginie occidentale. Depuis la fin des ann\u00e9es 1800, les bassins houillers des comt\u00e9s de Mingo, Logan et McDowell de l'\u00c9tat fonctionnaient sous un syst\u00e8me r\u00e9pressif de villes-entreprises. Les travailleurs louaient leurs outils et recevaient de faibles salaires en monnaie d'entreprise, ou \"scripts\", qui ne pouvaient \u00eatre utilis\u00e9s que dans les magasins de l'entreprise. Les conditions de s\u00e9curit\u00e9 \u00e9taient souvent d\u00e9plorables et, malgr\u00e9 les efforts de groupes tels que l'<em>United Mine Workers (UMW)<\/em>, les exploitants miniers avaient \u00e9cart\u00e9 les syndicats de la r\u00e9gion par l'intimidation et la violence. Les entreprises contraignaient leurs travailleurs \u00e0 signer des contrats dits <em>\u201cyellow dog contracts\u201d (\"chiens jaunes\") <\/em>par lesquels ils s'engageaient \u00e0 ne pas se syndiquer. Elles utilisaient \u00e9galement des arm\u00e9es de d\u00e9tectives priv\u00e9s pour harceler les mineurs en gr\u00e8ve et les expulser des maisons d'entreprise, lorsqu\u2019ils \u00e9taient r\u00e9voqu\u00e9s.<\/p>\n<p style=\"text-align: justify;\"><img decoding=\"async\" class=\" wp-image-30238 aligncenter\" src=\"http:\/\/jumelage.org\/francais\/wp-content\/uploads\/2021\/12\/Blair-Mountain-02.jpg\" alt=\"\" width=\"807\" height=\"282\" srcset=\"https:\/\/jumelage.org\/francais\/wp-content\/uploads\/2021\/12\/Blair-Mountain-02.jpg 661w, https:\/\/jumelage.org\/francais\/wp-content\/uploads\/2021\/12\/Blair-Mountain-02-230x80.jpg 230w, https:\/\/jumelage.org\/francais\/wp-content\/uploads\/2021\/12\/Blair-Mountain-02-350x122.jpg 350w, https:\/\/jumelage.org\/francais\/wp-content\/uploads\/2021\/12\/Blair-Mountain-02-480x168.jpg 480w\" sizes=\"(max-width: 807px) 100vw, 807px\" \/><\/p>\n<p style=\"text-align: justify;\"><span style=\"color: #ffffff;\">.\u00a0\u00a0\u00a0\u00a0\u00a0\u00a0\u00a0\u00a0<\/span>\u00a0\u00a0\u00a0 Les hostilit\u00e9s s'intensifient en 1920, lorsque l'UMW commence enfin \u00e0 organiser les travailleurs dans le comt\u00e9 de Mingo. Le 19 mai de cette ann\u00e9e-l\u00e0, 12 sicaires de l'agence Baldwin-Felts Detectives arrivent \u00e0 Matewan, conduits par Lee Felts qui rencontre rapidement Albert Felts, d\u00e9j\u00e0 sur place. Albert et Lee \u00e9taient les fr\u00e8res de Thomas Felts, le copropri\u00e9taire et directeur de l'agence. Albert, quand il \u00e9tait seul sur place, avait essay\u00e9 de corrompre le maire Testerman en lui donnant 500 $, pour pouvoir placer des batteries mitrailleuses sur les toits de la ville, ce que Testerman avait refus\u00e9. Cette milice venait pour expulser les mineurs syndiqu\u00e9s des maisons appartenant \u00e0 la Stone Mountain Coal Company. La premi\u00e8re famille expuls\u00e9e \u00e9tait constitu\u00e9e d'une femme et de son enfant, car le mari n'\u00e9tait pas rentr\u00e9 chez eux \u00e0 temps. Les mineurs, furieux, r\u00e9pandirent la nouvelle dans toute la ville. Apr\u00e8s avoir eu vent des activit\u00e9s des d\u00e9tectives, le maire de Matewan, Cabell Testerman, et un sh\u00e9rif favorable au syndicat, Sid Hatfield, ont lev\u00e9 un petit groupe pour les affronter pr\u00e8s de la gare locale. Une dispute verbale a rapidement d\u00e9g\u00e9n\u00e9r\u00e9 en fusillade et, lorsque la fum\u00e9e fut dissip\u00e9e, sept agents de Baldwin-Felts avaient \u00e9t\u00e9 tu\u00e9s, ainsi que le maire Testerman et deux mineurs locaux.<\/p>\n<p style=\"text-align: justify;\">Le \"massacre de Matewan\" a galvanis\u00e9 le soutien de l'UMW, qui a rassembl\u00e9 de nouveaux membres et organis\u00e9 une gr\u00e8ve au cours de l'\u00e9t\u00e9 1920. Les compagnies charbonni\u00e8res ont r\u00e9pondu en faisant appel \u00e0 des travailleurs de remplacement non syndiqu\u00e9s et, au cours des mois suivants, les deux groupes de travailleurs se sont livr\u00e9s \u00e0 une gu\u00e9rilla f\u00e9roce. Le sh\u00e9rif du comt\u00e9 de Mingo \u00e9crit en mai 1921 : \u00ab\u00a0<em>Les meurtres \u2026 sont devenus courants<\/em>\u00a0\u00bb<\/p>\n<p style=\"text-align: justify;\"><span style=\"color: #ffffff;\">.\u00a0\u00a0\u00a0\u00a0\u00a0\u00a0\u00a0\u00a0\u00a0\u00a0<\/span>\u00a0 Le point de basculement de la \"<em>guerre des mines<\/em>\" a finalement eu lieu le 01 ao\u00fbt 1921, lorsque le sh\u00e9rif Sid Hatfield a \u00e9t\u00e9 abattu par des agents de Baldwin-Felts alors qu'il entrait dans le palais de justice du comt\u00e9 de McDowell. Cet assassinat a indign\u00e9 les mineurs, qui consid\u00e9raient Hatfield comme un h\u00e9ros pour son implication dans la fusillade de Matewan. En quelques jours, des milliers de partisans du syndicat ont afflu\u00e9 vers la p\u00e9riph\u00e9rie de Marmet, une petite ville situ\u00e9e pr\u00e8s de Charleston, la capitale de l'\u00c9tat. Emmen\u00e9s par les organisateurs de l'UMW, Frank Keeney et Fred Mooney, ils ont d\u00e9cid\u00e9 de marcher sur le comt\u00e9 de Mingo pour affronter les compagnies charbonni\u00e8res et lib\u00e9rer les syndicalistes emprisonn\u00e9s dans la r\u00e9gion. Nombreux marcheurs sont des v\u00e9t\u00e9rans de la Premi\u00e8re Guerre mondiale\u00a0; ils sont arm\u00e9s jusqu'aux dents de fusils et de carabines<em> Springfield<\/em> de type militaire. \"<em>Il est temps de d\u00e9poser la bible et de prendre le fusil<\/em>\", a d\u00e9clar\u00e9 le mineur et r\u00e9v\u00e9rend baptiste John Wilburn.<\/p>\n<p style=\"text-align: justify;\"><img decoding=\"async\" class=\" wp-image-30237 aligncenter\" src=\"http:\/\/jumelage.org\/francais\/wp-content\/uploads\/2021\/12\/Blair-Mountain-01-1000x877.jpg\" alt=\"\" width=\"869\" height=\"762\" srcset=\"https:\/\/jumelage.org\/francais\/wp-content\/uploads\/2021\/12\/Blair-Mountain-01-1000x877.jpg 1000w, https:\/\/jumelage.org\/francais\/wp-content\/uploads\/2021\/12\/Blair-Mountain-01-768x674.jpg 768w, https:\/\/jumelage.org\/francais\/wp-content\/uploads\/2021\/12\/Blair-Mountain-01-920x807.jpg 920w, https:\/\/jumelage.org\/francais\/wp-content\/uploads\/2021\/12\/Blair-Mountain-01-230x202.jpg 230w, https:\/\/jumelage.org\/francais\/wp-content\/uploads\/2021\/12\/Blair-Mountain-01-350x307.jpg 350w, https:\/\/jumelage.org\/francais\/wp-content\/uploads\/2021\/12\/Blair-Mountain-01-480x421.jpg 480w, https:\/\/jumelage.org\/francais\/wp-content\/uploads\/2021\/12\/Blair-Mountain-01.jpg 1024w\" sizes=\"(max-width: 869px) 100vw, 869px\" \/><\/p>\n<p style=\"text-align: justify;\">La route des mineurs vers Mingo les obligeait \u00e0 traverser le comt\u00e9 de Logan, un bastion des compagnies de charbon dirig\u00e9 par un sh\u00e9rif antisyndical nomm\u00e9 Don Chafin. Inform\u00e9 de la marche, Chafin rassembla une arm\u00e9e de 3.000 hommes compos\u00e9e de policiers d'\u00c9tat, d'adjoints et de miliciens citoyens, tous se pr\u00e9parant au combat. \"<em>Aucune foule arm\u00e9e ne franchira la fronti\u00e8re du comt\u00e9 de Logan<\/em>\", a-t-il proclam\u00e9. Chafin et ses partisans ont rapidement construit un r\u00e9seau de nids de mitrailleuses et de tranch\u00e9es autour de Blair Mountain, un sommet de 600 m. qui se trouvait directement sur le chemin des mineurs.<\/p>\n<p style=\"text-align: justify;\"><span style=\"color: #ffffff;\">.\u00a0\u00a0\u00a0\u00a0\u00a0\u00a0\u00a0<\/span>\u00a0\u00a0\u00a0\u00a0 Le 24 ao\u00fbt, le plus important groupe de mineurs part de Marmet et se dirige vers le comt\u00e9 de Mingo, au sud. Keeney et Mooney tentent \u00e0 la derni\u00e8re minute d'annuler la marche apr\u00e8s avoir rencontr\u00e9 le g\u00e9n\u00e9ral Harry Bandholtz du minist\u00e8re de la Guerre, qui les pr\u00e9vint que toute violence serait d\u00e9sastreuse pour le syndicat. Mais le cessez-le-feu propos\u00e9 \u00e9choue lorsque deux mineurs meurent lors d'une escarmouche avec les forces de Chafin. Le 28 ao\u00fbt, quelque 10.000 syndicalistes se rassemblent pr\u00e8s de la fronti\u00e8re du comt\u00e9 de Logan et commencent \u00e0 \u00e9changer des coups de feu avec les partisans de la compagnie. Pour se distinguer dans les for\u00eats denses, de nombreux mineurs attachent des mouchoirs rouges autour de leur cou. Ils sont bient\u00f4t connus sous le nom de \"<em>Red Neck Army<\/em>\".<\/p>\n<p style=\"text-align: justify;\">Les premiers combats violents de la bataille de Blair Mountain ont commenc\u00e9 le 31 ao\u00fbt, lorsqu'un groupe d'environ 75 mineurs dirig\u00e9 par le r\u00e9v\u00e9rend Wilburn est tomb\u00e9 sur certains des \"<em>Logan Defenders<\/em>\" de Chafin, cette milice de briseurs de gr\u00e8ve, sur une cr\u00eate bois\u00e9e. Chaque camp a demand\u00e9 \u00e0 l'autre un mot de passe et a re\u00e7u une mauvaise r\u00e9ponse, ce qui a provoqu\u00e9 une fusillade qui a tu\u00e9 trois adjoints et un mineur. Le m\u00eame jour, l'arm\u00e9e principale des mineurs lance l\u2019assaut sur deux fronts contre les tranch\u00e9es et les remparts de Chafin. Des dizaines d'hommes du syndicat affluent sur le flanc de la montagne, mais malgr\u00e9 leur sup\u00e9riorit\u00e9 num\u00e9rique, ils sont repouss\u00e9s \u00e0 plusieurs reprises par les d\u00e9fenseurs, qui les criblent de balles des mitrailleuses install\u00e9es sur les hauteurs.<\/p>\n<p style=\"text-align: justify;\"><span style=\"color: #ffffff;\">.\u00a0\u00a0\u00a0\u00a0\u00a0\u00a0\u00a0\u00a0<\/span>\u00a0\u00a0\u00a0 Les mineurs progressent davantage lorsque la bataille reprend le 1er septembre. Ce matin-l\u00e0, un d\u00e9tachement de syndicalistes prend d'assaut un endroit appel\u00e9 Craddock Fork avec une mitrailleuse <em>Gatling<\/em> vol\u00e9e dans un magasin de la compagnie de charbon. Les forces de Logan ripostent \u00e9galement avec une mitrailleuse, mais apr\u00e8s trois heures de feu nourri, leur arme s'enraye. Les mineurs avancent, brisent bri\u00e8vement la ligne d\u00e9fensive, mais sont repouss\u00e9s par une fusillade provenant d'un second nid de mitrailleuses situ\u00e9 plus haut sur la cr\u00eate.<\/p>\n<p><img decoding=\"async\" class=\"size-full wp-image-30240 aligncenter\" src=\"http:\/\/jumelage.org\/francais\/wp-content\/uploads\/2021\/12\/Blair-Mountain-04.jpg\" alt=\"\" width=\"947\" height=\"618\" srcset=\"https:\/\/jumelage.org\/francais\/wp-content\/uploads\/2021\/12\/Blair-Mountain-04.jpg 947w, https:\/\/jumelage.org\/francais\/wp-content\/uploads\/2021\/12\/Blair-Mountain-04-768x501.jpg 768w, https:\/\/jumelage.org\/francais\/wp-content\/uploads\/2021\/12\/Blair-Mountain-04-920x600.jpg 920w, https:\/\/jumelage.org\/francais\/wp-content\/uploads\/2021\/12\/Blair-Mountain-04-230x150.jpg 230w, https:\/\/jumelage.org\/francais\/wp-content\/uploads\/2021\/12\/Blair-Mountain-04-350x228.jpg 350w, https:\/\/jumelage.org\/francais\/wp-content\/uploads\/2021\/12\/Blair-Mountain-04-480x313.jpg 480w\" sizes=\"(max-width: 947px) 100vw, 947px\" \/><\/p>\n<p style=\"text-align: justify;\">Pendant le reste de la journ\u00e9e, les collines et les vallons r\u00e9sonnent de coups de feu alors que les hommes du syndicat attaquent \u00e0 plusieurs reprises les lignes des d\u00e9fenseurs. \u00c0 un moment de la bataille, le bruit de chutes de bombes intensifie le vacarme. Le sh\u00e9rif Chafin avait en effet affr\u00e9t\u00e9 trois biplans priv\u00e9s et les avait \u00e9quip\u00e9s de gaz lacrymog\u00e8nes et de bombes artisanales charg\u00e9es d'\u00e9crous et de boulons. Les avions ont largu\u00e9 les explosifs artisanaux sur deux des bastions des mineurs, mais n'ont pas fait de victimes.<\/p>\n<p><span style=\"font-size: 14px;\"><img decoding=\"async\" class=\"alignnone  wp-image-30241 aligncenter\" src=\"http:\/\/jumelage.org\/francais\/wp-content\/uploads\/2021\/12\/Blair-Mountain-05.jpg\" alt=\"\" width=\"802\" height=\"605\" srcset=\"https:\/\/jumelage.org\/francais\/wp-content\/uploads\/2021\/12\/Blair-Mountain-05.jpg 661w, https:\/\/jumelage.org\/francais\/wp-content\/uploads\/2021\/12\/Blair-Mountain-05-230x174.jpg 230w, https:\/\/jumelage.org\/francais\/wp-content\/uploads\/2021\/12\/Blair-Mountain-05-350x264.jpg 350w, https:\/\/jumelage.org\/francais\/wp-content\/uploads\/2021\/12\/Blair-Mountain-05-480x362.jpg 480w\" sizes=\"(max-width: 802px) 100vw, 802px\" \/><\/span><\/p>\n<p style=\"text-align: center;\"><span style=\"font-size: 14px;\"><em>La troupe se pr\u00e9pare en arrivant \u00e0 Blair Mountain<\/em><\/span><\/p>\n<p style=\"text-align: justify;\"><span style=\"color: #ffffff;\">.\u00a0\u00a0\u00a0\u00a0\u00a0\u00a0<\/span>\u00a0\u00a0\u00a0\u00a0\u00a0 Finalement, le si\u00e8ge de Blair Mountain par les mineurs ne prit qu'avec l'arriv\u00e9e des troupes f\u00e9d\u00e9rales. Un escadron d'avions de reconnaissance de l'<em>Army Ai<\/em>r Service a commenc\u00e9 \u00e0 patrouiller le ciel le 1er septembre, et le lendemain, le g\u00e9n\u00e9ral Bandholtz avait mobilis\u00e9 quelque 2.100 soldats de l'arm\u00e9e sur ordre du pr\u00e9sident Warren G. Harding. Des combats \u00e9pars se poursuivirent entre les mineurs et les Logan Defenders jusqu'au 4 septembre, mais la plupart des hommes saluent l'intervention du gouvernement et d\u00e9posent les armes. Environ 1.000 mineurs \u00e9puis\u00e9s finissent par se rendre \u00e0 l'arm\u00e9e, tandis que les autres se dispersent et rentrent chez eux. On estime par la suite qu'environ un million de cartouches ont \u00e9t\u00e9 tir\u00e9es pendant la bataille.<\/p>\n<p><span style=\"font-size: 14px;\"><img decoding=\"async\" class=\"alignnone  wp-image-30242 aligncenter\" src=\"http:\/\/jumelage.org\/francais\/wp-content\/uploads\/2021\/12\/Blair-Mountain-06.jpg\" alt=\"\" width=\"812\" height=\"619\" srcset=\"https:\/\/jumelage.org\/francais\/wp-content\/uploads\/2021\/12\/Blair-Mountain-06.jpg 661w, https:\/\/jumelage.org\/francais\/wp-content\/uploads\/2021\/12\/Blair-Mountain-06-230x175.jpg 230w, https:\/\/jumelage.org\/francais\/wp-content\/uploads\/2021\/12\/Blair-Mountain-06-350x267.jpg 350w, https:\/\/jumelage.org\/francais\/wp-content\/uploads\/2021\/12\/Blair-Mountain-06-480x366.jpg 480w\" sizes=\"(max-width: 812px) 100vw, 812px\" \/><\/span><\/p>\n<p style=\"text-align: center;\"><span style=\"font-size: 14px;\"><em>Des mineurs rendant leurs armes \u00e0 la troupe.<\/em><\/span><\/p>\n<p style=\"text-align: justify;\"><span style=\"color: #ffffff;\">.\u00a0\u00a0\u00a0\u00a0\u00a0\u00a0\u00a0\u00a0<\/span>\u00a0\u00a0\u00a0 Les rapports sur les pertes de ce qui fut le plus grand soul\u00e8vement arm\u00e9 depuis la guerre de S\u00e9cession, vont de 20 \u00e0 100 morts, mais le nombre r\u00e9el n'a jamais \u00e9t\u00e9 confirm\u00e9.<\/p>\n<p style=\"text-align: justify;\"><span style=\"color: #ffffff;\">.\u00a0\u00a0\u00a0\u00a0\u00a0\u00a0<\/span>\u00a0\u00a0\u00a0\u00a0\u00a0 La bataille de Blair Mountain est aujourd'hui r\u00e9f\u00e9renc\u00e9e comme un chapitre crucial de l'histoire ouvri\u00e8re am\u00e9ricaine, mais \u00e0 court terme, elle s'est av\u00e9r\u00e9e \u00eatre une d\u00e9faite cuisante pour les mineurs. L'\u00c9tat de Virginie occidentale a accus\u00e9 Keeney, Mooney et quelque 20 autres syndicalistes de trahison, et des centaines d'autres ont \u00e9t\u00e9 inculp\u00e9s de meurtre. Presque tous ont \u00e9t\u00e9 acquitt\u00e9s par la suite, mais les batailles juridiques ont vid\u00e9 les coffres de l'UMWA et entrav\u00e9 ses efforts de syndicalisation. \u00c0 la fin de la d\u00e9cennie, seuls quelques centaines de mineurs de Virginie occidentale \u00e9taient encore membres. Le syndicat n'allait pas reconqu\u00e9rir les bassins houillers avant le milieu des ann\u00e9es 1930 et la <em>Grande D\u00e9pression<\/em>, lorsque les droits des travailleurs \u00e0 s'organiser ont \u00e9t\u00e9 consacr\u00e9s par la l\u00e9gislation du <em>New Deal<\/em>, telle que le <em>National Industrial Recovery Act<\/em>.<\/p>\n<p><span style=\"font-size: 14px;\"><img decoding=\"async\" class=\"alignnone size-full wp-image-30239 aligncenter\" src=\"http:\/\/jumelage.org\/francais\/wp-content\/uploads\/2021\/12\/Blair-Mountain-03.jpg\" alt=\"\" width=\"833\" height=\"470\" srcset=\"https:\/\/jumelage.org\/francais\/wp-content\/uploads\/2021\/12\/Blair-Mountain-03.jpg 833w, https:\/\/jumelage.org\/francais\/wp-content\/uploads\/2021\/12\/Blair-Mountain-03-768x433.jpg 768w, https:\/\/jumelage.org\/francais\/wp-content\/uploads\/2021\/12\/Blair-Mountain-03-230x130.jpg 230w, https:\/\/jumelage.org\/francais\/wp-content\/uploads\/2021\/12\/Blair-Mountain-03-350x197.jpg 350w, https:\/\/jumelage.org\/francais\/wp-content\/uploads\/2021\/12\/Blair-Mountain-03-480x271.jpg 480w\" sizes=\"(max-width: 833px) 100vw, 833px\" \/><\/span><\/p>\n<p style=\"text-align: center;\"><span style=\"font-size: 14px;\"><em>Mineurs \u00e0 Blair Mountain apr\u00e8s la bataille.<\/em><\/span><\/p>\n<\/div>\n<\/div><\/div><\/div><\/div><\/div><\/div><\/div>","protected":false},"excerpt":{"rendered":"<p>La bataille de Blair Mountain (ao\u00fbt 1921) D&rsquo;apr\u00e8s : History.com &#8211; Evan Andrews &#8211; 01 sep 2018 \u00c0 la fin du mois d&rsquo;ao\u00fbt 1921, les [&hellip;]<\/p>\n","protected":false},"author":1,"featured_media":30242,"comment_status":"open","ping_status":"open","sticky":false,"template":"","format":"standard","meta":{"two_page_speed":[],"footnotes":""},"categories":[13],"tags":[],"class_list":["post-30236","post","type-post","status-publish","format-standard","has-post-thumbnail","hentry","category-la-voie-des-usa"],"yoast_head":"<!-- This site is optimized with the Yoast SEO plugin v27.5 - https:\/\/yoast.com\/product\/yoast-seo-wordpress\/ -->\n<title>La bataille de Blair Mountain (ao\u00fbt 1921) Jumelage<\/title>\n<meta name=\"description\" content=\"Mineurs r\u00e9volt\u00e9s pr\u00e8s de Blair Mountain, en Virginie-Occidentale, dans ce qui a \u00e9t\u00e9 qualifi\u00e9 de plus grand soul\u00e8vement arm\u00e9 depuis la guerre civile.\" \/>\n<meta name=\"robots\" content=\"index, follow, max-snippet:-1, max-image-preview:large, max-video-preview:-1\" \/>\n<link rel=\"canonical\" href=\"https:\/\/jumelage.org\/francais\/la-bataille-de-blair-mountain-aout-1921\/\" \/>\n<meta property=\"og:locale\" content=\"fr_FR\" \/>\n<meta property=\"og:type\" content=\"article\" \/>\n<meta property=\"og:title\" content=\"La bataille de Blair Mountain (ao\u00fbt 1921) Jumelage\" \/>\n<meta property=\"og:description\" content=\"Mineurs r\u00e9volt\u00e9s pr\u00e8s de Blair Mountain, en Virginie-Occidentale, dans ce qui a \u00e9t\u00e9 qualifi\u00e9 de plus grand soul\u00e8vement arm\u00e9 depuis la guerre civile.\" \/>\n<meta property=\"og:url\" content=\"https:\/\/jumelage.org\/francais\/la-bataille-de-blair-mountain-aout-1921\/\" \/>\n<meta property=\"og:site_name\" content=\"Jumelage\" \/>\n<meta property=\"article:publisher\" content=\"http:\/\/www.facebook.com\/jumelagew.sgl\/\" \/>\n<meta property=\"article:published_time\" content=\"2021-12-15T17:09:19+00:00\" \/>\n<meta property=\"og:image\" content=\"https:\/\/jumelage.org\/francais\/wp-content\/uploads\/2021\/12\/Blair-Mountain-06.jpg\" \/>\n\t<meta property=\"og:image:width\" content=\"661\" \/>\n\t<meta property=\"og:image:height\" content=\"504\" \/>\n\t<meta property=\"og:image:type\" content=\"image\/jpeg\" \/>\n<meta name=\"author\" content=\"JumSGLW\" \/>\n<meta name=\"twitter:card\" content=\"summary_large_image\" \/>\n<meta name=\"twitter:label1\" content=\"\u00c9crit par\" \/>\n\t<meta name=\"twitter:data1\" content=\"JumSGLW\" \/>\n\t<meta name=\"twitter:label2\" content=\"Dur\u00e9e de lecture estim\u00e9e\" \/>\n\t<meta name=\"twitter:data2\" content=\"8 minutes\" \/>\n<script type=\"application\/ld+json\" class=\"yoast-schema-graph\">{\"@context\":\"https:\\\/\\\/schema.org\",\"@graph\":[{\"@type\":\"Article\",\"@id\":\"https:\\\/\\\/jumelage.org\\\/francais\\\/la-bataille-de-blair-mountain-aout-1921\\\/#article\",\"isPartOf\":{\"@id\":\"https:\\\/\\\/jumelage.org\\\/francais\\\/la-bataille-de-blair-mountain-aout-1921\\\/\"},\"author\":{\"name\":\"JumSGLW\",\"@id\":\"https:\\\/\\\/jumelage.org\\\/francais\\\/#\\\/schema\\\/person\\\/74dafcd8c5dfbdc6c0bfb7efcd1020be\"},\"headline\":\"La bataille de Blair Mountain (ao\u00fbt 1921)\",\"datePublished\":\"2021-12-15T17:09:19+00:00\",\"mainEntityOfPage\":{\"@id\":\"https:\\\/\\\/jumelage.org\\\/francais\\\/la-bataille-de-blair-mountain-aout-1921\\\/\"},\"wordCount\":1630,\"commentCount\":0,\"image\":{\"@id\":\"https:\\\/\\\/jumelage.org\\\/francais\\\/la-bataille-de-blair-mountain-aout-1921\\\/#primaryimage\"},\"thumbnailUrl\":\"https:\\\/\\\/jumelage.org\\\/francais\\\/wp-content\\\/uploads\\\/2021\\\/12\\\/Blair-Mountain-06.jpg\",\"articleSection\":[\"La voie des USA\"],\"inLanguage\":\"fr-FR\",\"potentialAction\":[{\"@type\":\"CommentAction\",\"name\":\"Comment\",\"target\":[\"https:\\\/\\\/jumelage.org\\\/francais\\\/la-bataille-de-blair-mountain-aout-1921\\\/#respond\"]}]},{\"@type\":\"WebPage\",\"@id\":\"https:\\\/\\\/jumelage.org\\\/francais\\\/la-bataille-de-blair-mountain-aout-1921\\\/\",\"url\":\"https:\\\/\\\/jumelage.org\\\/francais\\\/la-bataille-de-blair-mountain-aout-1921\\\/\",\"name\":\"La bataille de Blair Mountain (ao\u00fbt 1921) Jumelage\",\"isPartOf\":{\"@id\":\"https:\\\/\\\/jumelage.org\\\/francais\\\/#website\"},\"primaryImageOfPage\":{\"@id\":\"https:\\\/\\\/jumelage.org\\\/francais\\\/la-bataille-de-blair-mountain-aout-1921\\\/#primaryimage\"},\"image\":{\"@id\":\"https:\\\/\\\/jumelage.org\\\/francais\\\/la-bataille-de-blair-mountain-aout-1921\\\/#primaryimage\"},\"thumbnailUrl\":\"https:\\\/\\\/jumelage.org\\\/francais\\\/wp-content\\\/uploads\\\/2021\\\/12\\\/Blair-Mountain-06.jpg\",\"datePublished\":\"2021-12-15T17:09:19+00:00\",\"author\":{\"@id\":\"https:\\\/\\\/jumelage.org\\\/francais\\\/#\\\/schema\\\/person\\\/74dafcd8c5dfbdc6c0bfb7efcd1020be\"},\"description\":\"Mineurs r\u00e9volt\u00e9s pr\u00e8s de Blair Mountain, en Virginie-Occidentale, dans ce qui a \u00e9t\u00e9 qualifi\u00e9 de plus grand soul\u00e8vement arm\u00e9 depuis la guerre civile.\",\"breadcrumb\":{\"@id\":\"https:\\\/\\\/jumelage.org\\\/francais\\\/la-bataille-de-blair-mountain-aout-1921\\\/#breadcrumb\"},\"inLanguage\":\"fr-FR\",\"potentialAction\":[{\"@type\":\"ReadAction\",\"target\":[\"https:\\\/\\\/jumelage.org\\\/francais\\\/la-bataille-de-blair-mountain-aout-1921\\\/\"]}]},{\"@type\":\"ImageObject\",\"inLanguage\":\"fr-FR\",\"@id\":\"https:\\\/\\\/jumelage.org\\\/francais\\\/la-bataille-de-blair-mountain-aout-1921\\\/#primaryimage\",\"url\":\"https:\\\/\\\/jumelage.org\\\/francais\\\/wp-content\\\/uploads\\\/2021\\\/12\\\/Blair-Mountain-06.jpg\",\"contentUrl\":\"https:\\\/\\\/jumelage.org\\\/francais\\\/wp-content\\\/uploads\\\/2021\\\/12\\\/Blair-Mountain-06.jpg\",\"width\":661,\"height\":504},{\"@type\":\"BreadcrumbList\",\"@id\":\"https:\\\/\\\/jumelage.org\\\/francais\\\/la-bataille-de-blair-mountain-aout-1921\\\/#breadcrumb\",\"itemListElement\":[{\"@type\":\"ListItem\",\"position\":1,\"name\":\"Accueil\",\"item\":\"https:\\\/\\\/jumelage.org\\\/francais\\\/\"},{\"@type\":\"ListItem\",\"position\":2,\"name\":\"La bataille de Blair Mountain (ao\u00fbt 1921)\"}]},{\"@type\":\"WebSite\",\"@id\":\"https:\\\/\\\/jumelage.org\\\/francais\\\/#website\",\"url\":\"https:\\\/\\\/jumelage.org\\\/francais\\\/\",\"name\":\"Jumelage\",\"description\":\"Saint-Germain-en-Laye &amp; Winchester (MA)\",\"potentialAction\":[{\"@type\":\"SearchAction\",\"target\":{\"@type\":\"EntryPoint\",\"urlTemplate\":\"https:\\\/\\\/jumelage.org\\\/francais\\\/?s={search_term_string}\"},\"query-input\":{\"@type\":\"PropertyValueSpecification\",\"valueRequired\":true,\"valueName\":\"search_term_string\"}}],\"inLanguage\":\"fr-FR\"},{\"@type\":\"Person\",\"@id\":\"https:\\\/\\\/jumelage.org\\\/francais\\\/#\\\/schema\\\/person\\\/74dafcd8c5dfbdc6c0bfb7efcd1020be\",\"name\":\"JumSGLW\",\"image\":{\"@type\":\"ImageObject\",\"inLanguage\":\"fr-FR\",\"@id\":\"https:\\\/\\\/secure.gravatar.com\\\/avatar\\\/3d3cad377d924d636d7d20ae9f968d4816d16114a561888c0a1668606eb9b7be?s=96&d=mm&r=g\",\"url\":\"https:\\\/\\\/secure.gravatar.com\\\/avatar\\\/3d3cad377d924d636d7d20ae9f968d4816d16114a561888c0a1668606eb9b7be?s=96&d=mm&r=g\",\"contentUrl\":\"https:\\\/\\\/secure.gravatar.com\\\/avatar\\\/3d3cad377d924d636d7d20ae9f968d4816d16114a561888c0a1668606eb9b7be?s=96&d=mm&r=g\",\"caption\":\"JumSGLW\"},\"url\":\"http:\\\/\\\/jumelage.org\\\/francais\\\/author\\\/jumsglw\\\/\"}]}<\/script>\n<!-- \/ Yoast SEO plugin. -->","yoast_head_json":{"title":"La bataille de Blair Mountain (ao\u00fbt 1921) Jumelage","description":"Mineurs r\u00e9volt\u00e9s pr\u00e8s de Blair Mountain, en Virginie-Occidentale, dans ce qui a \u00e9t\u00e9 qualifi\u00e9 de plus grand soul\u00e8vement arm\u00e9 depuis la guerre civile.","robots":{"index":"index","follow":"follow","max-snippet":"max-snippet:-1","max-image-preview":"max-image-preview:large","max-video-preview":"max-video-preview:-1"},"canonical":"https:\/\/jumelage.org\/francais\/la-bataille-de-blair-mountain-aout-1921\/","og_locale":"fr_FR","og_type":"article","og_title":"La bataille de Blair Mountain (ao\u00fbt 1921) Jumelage","og_description":"Mineurs r\u00e9volt\u00e9s pr\u00e8s de Blair Mountain, en Virginie-Occidentale, dans ce qui a \u00e9t\u00e9 qualifi\u00e9 de plus grand soul\u00e8vement arm\u00e9 depuis la guerre civile.","og_url":"https:\/\/jumelage.org\/francais\/la-bataille-de-blair-mountain-aout-1921\/","og_site_name":"Jumelage","article_publisher":"http:\/\/www.facebook.com\/jumelagew.sgl\/","article_published_time":"2021-12-15T17:09:19+00:00","og_image":[{"width":661,"height":504,"url":"https:\/\/jumelage.org\/francais\/wp-content\/uploads\/2021\/12\/Blair-Mountain-06.jpg","type":"image\/jpeg"}],"author":"JumSGLW","twitter_card":"summary_large_image","twitter_misc":{"\u00c9crit par":"JumSGLW","Dur\u00e9e de lecture estim\u00e9e":"8 minutes"},"schema":{"@context":"https:\/\/schema.org","@graph":[{"@type":"Article","@id":"https:\/\/jumelage.org\/francais\/la-bataille-de-blair-mountain-aout-1921\/#article","isPartOf":{"@id":"https:\/\/jumelage.org\/francais\/la-bataille-de-blair-mountain-aout-1921\/"},"author":{"name":"JumSGLW","@id":"https:\/\/jumelage.org\/francais\/#\/schema\/person\/74dafcd8c5dfbdc6c0bfb7efcd1020be"},"headline":"La bataille de Blair Mountain (ao\u00fbt 1921)","datePublished":"2021-12-15T17:09:19+00:00","mainEntityOfPage":{"@id":"https:\/\/jumelage.org\/francais\/la-bataille-de-blair-mountain-aout-1921\/"},"wordCount":1630,"commentCount":0,"image":{"@id":"https:\/\/jumelage.org\/francais\/la-bataille-de-blair-mountain-aout-1921\/#primaryimage"},"thumbnailUrl":"https:\/\/jumelage.org\/francais\/wp-content\/uploads\/2021\/12\/Blair-Mountain-06.jpg","articleSection":["La voie des USA"],"inLanguage":"fr-FR","potentialAction":[{"@type":"CommentAction","name":"Comment","target":["https:\/\/jumelage.org\/francais\/la-bataille-de-blair-mountain-aout-1921\/#respond"]}]},{"@type":"WebPage","@id":"https:\/\/jumelage.org\/francais\/la-bataille-de-blair-mountain-aout-1921\/","url":"https:\/\/jumelage.org\/francais\/la-bataille-de-blair-mountain-aout-1921\/","name":"La bataille de Blair Mountain (ao\u00fbt 1921) Jumelage","isPartOf":{"@id":"https:\/\/jumelage.org\/francais\/#website"},"primaryImageOfPage":{"@id":"https:\/\/jumelage.org\/francais\/la-bataille-de-blair-mountain-aout-1921\/#primaryimage"},"image":{"@id":"https:\/\/jumelage.org\/francais\/la-bataille-de-blair-mountain-aout-1921\/#primaryimage"},"thumbnailUrl":"https:\/\/jumelage.org\/francais\/wp-content\/uploads\/2021\/12\/Blair-Mountain-06.jpg","datePublished":"2021-12-15T17:09:19+00:00","author":{"@id":"https:\/\/jumelage.org\/francais\/#\/schema\/person\/74dafcd8c5dfbdc6c0bfb7efcd1020be"},"description":"Mineurs r\u00e9volt\u00e9s pr\u00e8s de Blair Mountain, en Virginie-Occidentale, dans ce qui a \u00e9t\u00e9 qualifi\u00e9 de plus grand soul\u00e8vement arm\u00e9 depuis la guerre civile.","breadcrumb":{"@id":"https:\/\/jumelage.org\/francais\/la-bataille-de-blair-mountain-aout-1921\/#breadcrumb"},"inLanguage":"fr-FR","potentialAction":[{"@type":"ReadAction","target":["https:\/\/jumelage.org\/francais\/la-bataille-de-blair-mountain-aout-1921\/"]}]},{"@type":"ImageObject","inLanguage":"fr-FR","@id":"https:\/\/jumelage.org\/francais\/la-bataille-de-blair-mountain-aout-1921\/#primaryimage","url":"https:\/\/jumelage.org\/francais\/wp-content\/uploads\/2021\/12\/Blair-Mountain-06.jpg","contentUrl":"https:\/\/jumelage.org\/francais\/wp-content\/uploads\/2021\/12\/Blair-Mountain-06.jpg","width":661,"height":504},{"@type":"BreadcrumbList","@id":"https:\/\/jumelage.org\/francais\/la-bataille-de-blair-mountain-aout-1921\/#breadcrumb","itemListElement":[{"@type":"ListItem","position":1,"name":"Accueil","item":"https:\/\/jumelage.org\/francais\/"},{"@type":"ListItem","position":2,"name":"La bataille de Blair Mountain (ao\u00fbt 1921)"}]},{"@type":"WebSite","@id":"https:\/\/jumelage.org\/francais\/#website","url":"https:\/\/jumelage.org\/francais\/","name":"Jumelage","description":"Saint-Germain-en-Laye &amp; Winchester (MA)","potentialAction":[{"@type":"SearchAction","target":{"@type":"EntryPoint","urlTemplate":"https:\/\/jumelage.org\/francais\/?s={search_term_string}"},"query-input":{"@type":"PropertyValueSpecification","valueRequired":true,"valueName":"search_term_string"}}],"inLanguage":"fr-FR"},{"@type":"Person","@id":"https:\/\/jumelage.org\/francais\/#\/schema\/person\/74dafcd8c5dfbdc6c0bfb7efcd1020be","name":"JumSGLW","image":{"@type":"ImageObject","inLanguage":"fr-FR","@id":"https:\/\/secure.gravatar.com\/avatar\/3d3cad377d924d636d7d20ae9f968d4816d16114a561888c0a1668606eb9b7be?s=96&d=mm&r=g","url":"https:\/\/secure.gravatar.com\/avatar\/3d3cad377d924d636d7d20ae9f968d4816d16114a561888c0a1668606eb9b7be?s=96&d=mm&r=g","contentUrl":"https:\/\/secure.gravatar.com\/avatar\/3d3cad377d924d636d7d20ae9f968d4816d16114a561888c0a1668606eb9b7be?s=96&d=mm&r=g","caption":"JumSGLW"},"url":"http:\/\/jumelage.org\/francais\/author\/jumsglw\/"}]}},"_links":{"self":[{"href":"http:\/\/jumelage.org\/francais\/wp-json\/wp\/v2\/posts\/30236","targetHints":{"allow":["GET"]}}],"collection":[{"href":"http:\/\/jumelage.org\/francais\/wp-json\/wp\/v2\/posts"}],"about":[{"href":"http:\/\/jumelage.org\/francais\/wp-json\/wp\/v2\/types\/post"}],"author":[{"embeddable":true,"href":"http:\/\/jumelage.org\/francais\/wp-json\/wp\/v2\/users\/1"}],"replies":[{"embeddable":true,"href":"http:\/\/jumelage.org\/francais\/wp-json\/wp\/v2\/comments?post=30236"}],"version-history":[{"count":0,"href":"http:\/\/jumelage.org\/francais\/wp-json\/wp\/v2\/posts\/30236\/revisions"}],"wp:featuredmedia":[{"embeddable":true,"href":"http:\/\/jumelage.org\/francais\/wp-json\/wp\/v2\/media\/30242"}],"wp:attachment":[{"href":"http:\/\/jumelage.org\/francais\/wp-json\/wp\/v2\/media?parent=30236"}],"wp:term":[{"taxonomy":"category","embeddable":true,"href":"http:\/\/jumelage.org\/francais\/wp-json\/wp\/v2\/categories?post=30236"},{"taxonomy":"post_tag","embeddable":true,"href":"http:\/\/jumelage.org\/francais\/wp-json\/wp\/v2\/tags?post=30236"}],"curies":[{"name":"wp","href":"https:\/\/api.w.org\/{rel}","templated":true}]}}