{"id":29569,"date":"2021-10-22T22:59:26","date_gmt":"2021-10-22T20:59:26","guid":{"rendered":"http:\/\/jumelage.org\/francais\/?p=29569"},"modified":"2021-10-22T22:59:27","modified_gmt":"2021-10-22T20:59:27","slug":"apres-jefferson-dautres-presidents-americains-sur-la-sellette","status":"publish","type":"post","link":"http:\/\/jumelage.org\/francais\/apres-jefferson-dautres-presidents-americains-sur-la-sellette\/","title":{"rendered":"Apr\u00e8s Jefferson, d\u2019autres pr\u00e9sidents am\u00e9ricains sur la sellette ?"},"content":{"rendered":"<div id=\"pl-29569\"  class=\"panel-layout\" ><div id=\"pg-29569-0\"  class=\"panel-grid panel-has-style\" ><div class=\"siteorigin-panels-stretch panel-row-style panel-row-style-for-29569-0\" style=\"padding: 0px 0; \" data-stretch-type=\"full\" data-overlay=\"true\" data-overlay-color=\"#000000\" ><div id=\"pgc-29569-0-0\"  class=\"panel-grid-cell\" ><div id=\"panel-29569-0-0-0\" class=\"so-panel widget widget_sow-editor panel-first-child panel-last-child\" data-index=\"0\" ><div style=\"text-align: left;\" data-title-color=\"#443f3f\" data-headings-color=\"#443f3f\" class=\"panel-widget-style panel-widget-style-for-29569-0-0-0\" ><div\n\t\t\t\n\t\t\tclass=\"so-widget-sow-editor so-widget-sow-editor-base\"\n\t\t\t\n\t\t>\n<div class=\"siteorigin-widget-tinymce textwidget\">\n\t<h1 style=\"text-align: center;\"><span style=\"font-size: 24px;\"><strong>Apr\u00e8s Jefferson, d\u2019autres pr\u00e9sidents am\u00e9ricains sur la sellette\u00a0?<\/strong><\/span><\/h1>\n<pre><span style=\"font-size: 14px;\"><em>Le Figaro \u2013 19 oct 2021 \/ Contrepoints - G\u00e9rard-Michel Thermeau (pour le chapitre humoristique) \u2013 21 oct 2021<\/em><\/span><\/pre>\n<p style=\"text-align: justify;\">\u00a0\u00a0\u00a0\u00a0\u00a0\u00a0\u00a0\u00a0\u00a0\u00a0\u00a0 Alors que la statue, sculpt\u00e9e en 1833 par le Fran\u00e7ais Pierre-Jean David d'Angers, tr\u00f4ne depuis 1915 dans une galerie de la grande salle du City Hall, dans le sud de l'\u00eele de Manhattan, le 18 octobre 2021,\u00a0 la commission de l'am\u00e9nagement public de la ville de New York a approuv\u00e9 \u00e0 l'unanimit\u00e9 le retrait de cette pi\u00e8ce embl\u00e9matique de plus de deux m\u00e8tres de haut, r\u00e9pondant ainsi \u00e0 une demande de longue date d'\u00e9lus noirs et latinos qui pointaient le pass\u00e9 esclavagiste du troisi\u00e8me pr\u00e9sident des \u00c9tats-Unis (1801-1809), l'un des auteurs de la D\u00e9claration d'ind\u00e9pendance du pays.<\/p>\n<p style=\"text-align: justify;\"><em>\u00a0\u00a0\u00a0\u00a0\u00a0\u00a0\u00a0\u00a0\u00a0\u00a0\u00a0 P\u00e8re fondateur<\/em> des \u00c9tats-Unis, Thomas Jefferson ne dominera plus les conseils municipaux de la ville de New York. Souvent pr\u00e9sent\u00e9 comme un <em>esprit des Lumi\u00e8res<\/em>, Thomas Jefferson poss\u00e9dait n\u00e9anmoins plus de 600 esclaves et avait eu six enfants d'une d'entre elles, Sally Hemings.<\/p>\n<p style=\"text-align: justify;\">\u00a0\u00a0\u00a0\u00a0\u00a0\u00a0\u00a0\u00a0\u00a0\u00a0\u00a0 Le sujet est d\u00e9licat, aussi la commission de l'am\u00e9nagement public de New York n'a-t-elle pas d\u00e9cid\u00e9 o\u00f9 recaser la statue devenue encombrante. Avant le vote, l'une des options inscrites \u00e0 son agenda \u00e9tait un pr\u00eat \u00ab \u00e0 long terme \u00bb \u00e0 la <em>Soci\u00e9t\u00e9 historique de New York<\/em>, \u00ab <em>pour prot\u00e9ger l'\u0153uvre et offrir la possibilit\u00e9 de l'exposer avec une remise en contexte historique et d'\u00e9ducation<\/em> \u00bb, \u00e9crivait la commission. De m\u00eame, un groupe d'historiens avait \u00e9crit de son c\u00f4t\u00e9 \u00e0 la commission pour demander que la statue ne quitte pas le City Hall et soit d\u00e9m\u00e9nag\u00e9e dans la salle des Gouverneurs, l\u00e0 o\u00f9 elle se trouvait de 1834 \u00e0 1915. Ils rappelaient notamment que la statue avait \u00e9t\u00e9 donn\u00e9e \u00e0 la ville par un officier naval juif, Uriah Levy, pour rendre hommage \u00e0 l'engagement de Jefferson pour la libert\u00e9 de religion.<\/p>\n<p style=\"text-align: justify;\">\u00a0\u00a0\u00a0\u00a0\u00a0\u00a0\u00a0\u00a0\u00a0\u00a0\u00a0 Le d\u00e9bat sur les figures tut\u00e9laires am\u00e9ricaines est ancien et les premiers appels \u00e0 retirer la statue de Jefferson de la chambre du conseil \u00e0 New York remontent au d\u00e9but des ann\u00e9es 2000. Mais si une statue de Jefferson, le troisi\u00e8me pr\u00e9sident des Etats-Unis, n'a pas sa place au City Hall, alors c'est aussi le cas pour celle de George Washington, qui poss\u00e9dait 577 \u00ab\u00a0\u00eatres humains\u00a0\u00bb.<\/p>\n<p style=\"text-align: center;\"><img decoding=\"async\" class=\"alignnone  wp-image-29570\" src=\"http:\/\/jumelage.org\/francais\/wp-content\/uploads\/2021\/10\/Apres-Jefferson.jpg\" alt=\"\" width=\"683\" height=\"580\" srcset=\"https:\/\/jumelage.org\/francais\/wp-content\/uploads\/2021\/10\/Apres-Jefferson.jpg 552w, https:\/\/jumelage.org\/francais\/wp-content\/uploads\/2021\/10\/Apres-Jefferson-230x195.jpg 230w, https:\/\/jumelage.org\/francais\/wp-content\/uploads\/2021\/10\/Apres-Jefferson-350x297.jpg 350w, https:\/\/jumelage.org\/francais\/wp-content\/uploads\/2021\/10\/Apres-Jefferson-480x408.jpg 480w\" sizes=\"(max-width: 683px) 100vw, 683px\" \/><\/p>\n<p style=\"text-align: center;\"><em>La statue de Jefferson retir\u00e9e de la chambre du conseil de la mairie de New York. CARLO ALLEGRI \/ REUTERS<\/em><\/p>\n<p style=\"text-align: justify;\">\u00a0\u00a0\u00a0\u00a0\u00a0\u00a0\u00a0\u00a0\u00a0\u00a0\u00a0 Et apr\u00e8s Jefferson, \u00e0 qui le tour\u00a0? Suivant la logique <em>woke <\/em>voici une liste humoristique des pr\u00e9sidents sur la sellette \u00e0 d\u00e9boulonner.<\/p>\n<p style=\"text-align: justify;\">En effet, pourquoi s\u2019arr\u00eater en si bon chemin ? L\u2019heure de Washington ne saurait tarder \u00e0 sonner. Il para\u00eet n\u00e9cessaire, voire urgent, de d\u00e9baptiser la capitale de l\u2019Union. Peut-on admettre qu\u2019elle porte le nom de George Washington, esclavagiste notoire, tache ind\u00e9l\u00e9bile \u00e0 n\u2019en pas douter pour la \u00ab longue et nuanc\u00e9e\u00a0histoire \u00bb am\u00e9ricaine ? Pour un nom de remplacement, le choix ne manque pas, mais je laisse \u00e0 l\u2019imagination cr\u00e9atrice de notre belle \u00e9poque le soin d\u2019y suppl\u00e9er. Il faudra aussi songer \u00e0 faire dispara\u00eetre des billets verts une figure aussi r\u00e9pugnante.<\/p>\n<p style=\"text-align: justify;\">\u00a0\u00a0\u00a0\u00a0\u00a0\u00a0\u00a0\u00a0\u00a0\u00a0\u00a0 Il va falloir ensuite s\u00e9rieusement s\u2019occuper de la galerie des portraits pr\u00e9sidentiels \u00e0 la Maison Blanche et en d\u00e9crocher tous les \u00ab\u00a0mauvais pr\u00e9sidents\u00a0\u00bb. Mais qui sont-ils\u00a0?<\/p>\n<p style=\"text-align: justify; padding-left: 40px;\"><span style=\"font-size: 20px;\"><strong>Les pr\u00e9sidents fondateurs : un sur six \u00e0 conserver<\/strong><\/span><\/p>\n<p style=\"text-align: justify;\"><strong>George Washington<\/strong> : un esclavagiste. \u00c0 \u00e9liminer d\u2019office.<\/p>\n<p style=\"text-align: justify;\"><strong>John Adams\u00a0<\/strong>: un salaud qui consid\u00e9rait que les <em>\u00ab\u00a0riches, les bien-n\u00e9s et les capables\u00a0\u00bb<\/em> devaient avoir une place \u00e0 part dans les assembl\u00e9es. \u00c0 \u00e9liminer.<\/p>\n<p style=\"text-align: justify;\"><strong>Thomas Jefferson<\/strong> : francophile et esclavagiste. Deux tares f\u00e2cheuses. \u00c0 \u00e9liminer d\u2019office.<\/p>\n<p style=\"text-align: justify;\"><strong>James Madison<\/strong> : un belliciste. \u00c0 \u00e9liminer.<\/p>\n<p style=\"text-align: justify;\"><strong>James Monroe<\/strong> : auteur d\u2019une Doctrine qui a justifi\u00e9 l\u2019imp\u00e9rialisme yankee sur l\u2019h\u00e9misph\u00e8re occidental. \u00c0 \u00e9liminer.<\/p>\n<p style=\"text-align: justify;\"><strong><em>John Quincy Adams<\/em><\/strong><em> : il \u00e9tait oppos\u00e9 \u00e0 l\u2019esclavage. On le garde \u00e0 tout hasard.<\/em><\/p>\n<p style=\"text-align: justify; padding-left: 40px;\"><span style=\"font-size: 20px;\"><strong>Les pr\u00e9sidents am\u00e9ricains d\u2019avant la guerre civile : rien \u00e0 garder<\/strong><\/span><\/p>\n<p style=\"text-align: justify;\"><strong>Andrew Jackson<\/strong> : exterminateur d\u2019Am\u00e9rindiens et esclavagiste. \u00c0 \u00e9liminer sans h\u00e9siter.<\/p>\n<p style=\"text-align: justify;\"><strong>Martin Van Buren<\/strong> : anti-esclavagiste mais exterminateur des Cherokee. \u00c0 \u00e9liminer quand m\u00eame.<\/p>\n<p style=\"text-align: justify;\"><strong>William Henry Harrison<\/strong> : esclavagiste, et de toute fa\u00e7on mort au bout d\u2019un mois. Autant l\u2019\u00e9liminer.<\/p>\n<p style=\"text-align: justify;\"><strong>John Tyler<\/strong> : esclavagiste. Il est par ailleurs inconnu, il ne manquera donc \u00e0 personne.<\/p>\n<p style=\"text-align: justify;\"><strong>James Polk<\/strong> : un salaud qui a priv\u00e9 les Mexicains de la moiti\u00e9 de leur territoire. \u00c0 \u00e9liminer.<\/p>\n<p style=\"text-align: justify;\"><strong>Zachary Taylor<\/strong> : un esclavagiste. \u00c0 \u00e9liminer.<\/p>\n<p style=\"text-align: justify;\"><strong>Millard Fillmore<\/strong> : un salaud qui traquait les esclaves fugitifs. \u00c0 \u00e9liminer sans h\u00e9siter.<\/p>\n<p style=\"text-align: justify;\"><strong>Franklin Pierce<\/strong> : encore un esclavagiste, d\u00e9cid\u00e9ment ils le sont tous. \u00c0 \u00e9liminer.<\/p>\n<p style=\"text-align: justify;\"><strong>James Buchanan<\/strong> : un incapable face \u00e0 la question de l\u2019esclavage. \u00c0 \u00e9liminer.<\/p>\n<p style=\"text-align: justify; padding-left: 40px;\"><strong>L<span style=\"font-size: 20px;\">es pr\u00e9sidents de la guerre civile \u00e0 la Grande guerre : on en garde davantage (provisoirement)<\/span><\/strong><\/p>\n<p style=\"text-align: justify;\"><strong><em>Abraham Lincoln<\/em><\/strong><em>\u00a0: bon, il a aboli l\u2019esclavage mais c\u2019\u00e9tait un m\u00e9chant \u00ab\u00a0raciste\u00a0\u00bb. Et peut-on lui pardonner d\u2019avoir cr\u00e9\u00e9 le parti r\u00e9publicain\u00a0? En sursis provisoire.<\/em><\/p>\n<p style=\"text-align: justify;\"><strong>Andrew Johnson\u00a0<\/strong>: c\u2019est un sudiste, une bonne raison pour l\u2019\u00e9liminer.<\/p>\n<p style=\"text-align: justify;\"><strong><em>Ulysses S. Grant<\/em><\/strong><em>\u00a0: un brave type mais, bon, que de corrompus autour de lui. En sursis provisoire.<\/em><\/p>\n<p style=\"text-align: justify;\"><strong>Rutherford B. Hayes<\/strong> : il a laiss\u00e9 les mains libres aux sudistes. \u00c0 \u00e9liminer.<\/p>\n<p style=\"text-align: justify;\"><strong><em>James A. Garfield\u00a0<\/em><\/strong><em>: assassin\u00e9 au bout de six mois. En sursis provisoire.<\/em><\/p>\n<p style=\"text-align: justify;\"><strong>Chester A. Arthur<\/strong> : il a emp\u00each\u00e9 l\u2019int\u00e9gration des Chinois. \u00c0 \u00e9liminer.<\/p>\n<p style=\"text-align: justify;\"><strong>Grover Cleveland\u00a0<\/strong>: il a fait tirer sur les ouvriers et permis la s\u00e9gr\u00e9gation dans le Sud. \u00c0 \u00e9liminer.<\/p>\n<p style=\"text-align: justify;\"><strong><em>Benjamin Harrison<\/em><\/strong><em> : on ne sait pas trop qui c\u2019est mais il s\u2019est souci\u00e9 des Noirs. \u00c0 garder.<\/em><\/p>\n<p style=\"text-align: justify;\"><strong>William McKinley<\/strong> : un imp\u00e9rialiste mettant la main sur Cuba et les Philippines. \u00c0 \u00e9liminer.<\/p>\n<p style=\"text-align: justify;\"><strong><em>Th\u00e9odore Roosevelt<\/em><\/strong><em>\u00a0: il aimait les nounours et a cr\u00e9\u00e9 les parcs naturels. D\u2019un autre c\u00f4t\u00e9, gros chasseur et fichu imp\u00e9rialiste quand m\u00eame. En sursis provisoire.<\/em><\/p>\n<p style=\"text-align: justify;\"><strong>William H. Taft<\/strong> : encore un imp\u00e9rialiste. \u00c0 \u00e9liminer.<\/p>\n<p style=\"text-align: justify; padding-left: 40px;\"><span style=\"font-size: 20px;\"><strong>Les pr\u00e9sidents des guerres du XXe si\u00e8cle : les saints et les autres<\/strong><\/span><\/p>\n<p style=\"text-align: justify;\"><strong><em>Woodrow Wilson<\/em><\/strong><em>\u00a0: hum, a donn\u00e9 le droit de vote aux femmes mais gros admirateur de Naissance d\u2019une Nation. Pacifiste mais intervenant dans la Grande guerre. \u00c0 discuter.<\/em><\/p>\n<p style=\"text-align: justify;\"><strong><em>Warren Harding<\/em><\/strong><em> : il avait peut-\u00eatre un anc\u00eatre noir (bon point) mais il a restreint l\u2019immigration (mauvais point). Beaucoup de corruption sous son mandat. \u00c0 discuter.<\/em><\/p>\n<p style=\"text-align: justify;\"><strong><em>Calvin Coolidge<\/em><\/strong><em> : pas de pr\u00e9jug\u00e9 \u00e0 l\u2019\u00e9gard des gens de couleur, d\u2019accord, mais ce n\u2019\u00e9tait quand m\u00eame pas un progressiste. \u00c0 discuter.<\/em><\/p>\n<p style=\"text-align: justify;\"><strong>Herbert Hoover<\/strong>\u00a0: trop nul, \u00e0 \u00e9liminer.<\/p>\n<p style=\"text-align: justify;\"><strong><em>Franklin Delano Roosevelt\u00a0<\/em><\/strong><em>: partisan de l\u2019\u00c9tat providence, a renforc\u00e9 le pr\u00e9sidentialisme. Un saint donc. \u00c0 conserver obligatoirement.<\/em><\/p>\n<p style=\"text-align: justify;\"><strong>Harry Truman<\/strong> : Hiroshima, Nagasaki, anticommunisme, maccarthysme. Pas bien tout \u00e7a. \u00c0 \u00e9liminer.<\/p>\n<p style=\"text-align: justify;\"><strong><em>Dwight D. Eisenhower<\/em><\/strong><em>\u00a0: Un brave type comme Grant, dommage qu\u2019il soit de droite. On garde pour le moment.<\/em><\/p>\n<p style=\"text-align: justify;\"><strong><em>John Fitzgerald Kennedy<\/em><\/strong><em> : encore un saint. \u00c0 conserver.<\/em><\/p>\n<p style=\"text-align: justify;\"><strong><em>Lyndon B. Johnson<\/em><\/strong><em>\u00a0: \u00c9tat providence et lutte contre la s\u00e9gr\u00e9gation (bon point) mais guerre du Vietnam (mauvais point). En sursis.<\/em><\/p>\n<p style=\"text-align: justify;\"><strong>Richard Nixon<\/strong>\u00a0: \u00e0 \u00e9liminer, \u00e7a ne se discute m\u00eame pas.<\/p>\n<p style=\"text-align: justify;\"><strong><em>Gerald Ford\u00a0<\/em><\/strong><em>: attention de ne pas se prendre les pieds dans le tapis en le d\u00e9crochant.<\/em><\/p>\n<p style=\"text-align: justify;\"><strong><em>Jimmy Carter<\/em><\/strong><em>\u00a0: nul mais dans le bon camp.<\/em><\/p>\n<p style=\"text-align: justify;\"><strong><em>Ronald Reagan<\/em><\/strong><em>\u00a0: on ne peut pas encore y toucher mais \u00e7a viendra.<\/em><\/p>\n<p style=\"text-align: justify;\"><strong><em>George Bush<\/em><\/strong><em>\u00a0: on le garde pour le moment pour mieux \u00e9liminer son fiston.<\/em><\/p>\n<p style=\"text-align: justify;\"><strong><em>Bill Clinton<\/em><\/strong><em>\u00a0: le champion des scandales mais il est dans le camp du bien. En sursis.<\/em><\/p>\n<p style=\"text-align: justify; padding-left: 40px;\"><span style=\"font-size: 20px;\"><strong>Les derniers pr\u00e9sidents am\u00e9ricains en date : un saint et deux diablotins<\/strong><\/span><\/p>\n<p style=\"text-align: justify;\"><strong>George W. Bush\u00a0<\/strong>: \u00e0 \u00e9liminer bien s\u00fbr.<\/p>\n<p style=\"text-align: justify;\"><strong><em>Barack Obama<\/em><\/strong><em> : encore un saint. Intouchable.<\/em><\/p>\n<p style=\"text-align: justify;\"><strong>Donald Trump\u00a0<\/strong>: inutile m\u00eame d\u2019en parler.<\/p>\n<\/div>\n<\/div><\/div><\/div><\/div><\/div><\/div><\/div>","protected":false},"excerpt":{"rendered":"<p>Apr\u00e8s Jefferson, d\u2019autres pr\u00e9sidents am\u00e9ricains sur la sellette\u00a0? Le Figaro \u2013 19 oct 2021 \/ Contrepoints &#8211; G\u00e9rard-Michel Thermeau (pour le chapitre humoristique) \u2013 21 [&hellip;]<\/p>\n","protected":false},"author":1,"featured_media":29570,"comment_status":"open","ping_status":"open","sticky":false,"template":"post-templates\/post_full.php","format":"standard","meta":{"two_page_speed":[],"footnotes":""},"categories":[8],"tags":[],"class_list":["post-29569","post","type-post","status-publish","format-standard","has-post-thumbnail","hentry","category-only-in-the-usa"],"yoast_head":"<!-- This site is optimized with the Yoast SEO plugin v27.5 - https:\/\/yoast.com\/product\/yoast-seo-wordpress\/ -->\n<title>Apr\u00e8s Jefferson, d\u2019autres pr\u00e9sidents am\u00e9ricains sur la sellette ? Jumelage<\/title>\n<meta name=\"description\" content=\"La commission de l&#039;am\u00e9nagement public de la ville de New York a approuv\u00e9 \u00e0 l&#039;unanimit\u00e9 le retrait de la statue de Jefferson.\" \/>\n<meta name=\"robots\" content=\"index, follow, max-snippet:-1, max-image-preview:large, max-video-preview:-1\" \/>\n<link rel=\"canonical\" href=\"http:\/\/jumelage.org\/francais\/apres-jefferson-dautres-presidents-americains-sur-la-sellette\/\" \/>\n<meta property=\"og:locale\" content=\"fr_FR\" \/>\n<meta property=\"og:type\" content=\"article\" \/>\n<meta property=\"og:title\" content=\"Apr\u00e8s Jefferson, d\u2019autres pr\u00e9sidents am\u00e9ricains sur la sellette ? Jumelage\" \/>\n<meta property=\"og:description\" content=\"La commission de l&#039;am\u00e9nagement public de la ville de New York a approuv\u00e9 \u00e0 l&#039;unanimit\u00e9 le retrait de la statue de Jefferson.\" \/>\n<meta property=\"og:url\" content=\"http:\/\/jumelage.org\/francais\/apres-jefferson-dautres-presidents-americains-sur-la-sellette\/\" \/>\n<meta property=\"og:site_name\" content=\"Jumelage\" \/>\n<meta property=\"article:publisher\" content=\"http:\/\/www.facebook.com\/jumelagew.sgl\/\" \/>\n<meta property=\"article:published_time\" content=\"2021-10-22T20:59:26+00:00\" \/>\n<meta property=\"article:modified_time\" content=\"2021-10-22T20:59:27+00:00\" \/>\n<meta property=\"og:image\" content=\"https:\/\/jumelage.org\/francais\/wp-content\/uploads\/2021\/10\/Apres-Jefferson.jpg\" \/>\n\t<meta property=\"og:image:width\" content=\"552\" \/>\n\t<meta property=\"og:image:height\" content=\"469\" \/>\n\t<meta property=\"og:image:type\" content=\"image\/jpeg\" \/>\n<meta name=\"author\" content=\"JumSGLW\" \/>\n<meta name=\"twitter:card\" content=\"summary_large_image\" \/>\n<meta name=\"twitter:label1\" content=\"\u00c9crit par\" \/>\n\t<meta name=\"twitter:data1\" content=\"JumSGLW\" \/>\n\t<meta name=\"twitter:label2\" content=\"Dur\u00e9e de lecture estim\u00e9e\" \/>\n\t<meta name=\"twitter:data2\" content=\"6 minutes\" \/>\n<script type=\"application\/ld+json\" class=\"yoast-schema-graph\">{\"@context\":\"https:\\\/\\\/schema.org\",\"@graph\":[{\"@type\":\"Article\",\"@id\":\"http:\\\/\\\/jumelage.org\\\/francais\\\/apres-jefferson-dautres-presidents-americains-sur-la-sellette\\\/#article\",\"isPartOf\":{\"@id\":\"http:\\\/\\\/jumelage.org\\\/francais\\\/apres-jefferson-dautres-presidents-americains-sur-la-sellette\\\/\"},\"author\":{\"name\":\"JumSGLW\",\"@id\":\"https:\\\/\\\/jumelage.org\\\/francais\\\/#\\\/schema\\\/person\\\/74dafcd8c5dfbdc6c0bfb7efcd1020be\"},\"headline\":\"Apr\u00e8s Jefferson, d\u2019autres pr\u00e9sidents am\u00e9ricains sur la sellette ?\",\"datePublished\":\"2021-10-22T20:59:26+00:00\",\"dateModified\":\"2021-10-22T20:59:27+00:00\",\"mainEntityOfPage\":{\"@id\":\"http:\\\/\\\/jumelage.org\\\/francais\\\/apres-jefferson-dautres-presidents-americains-sur-la-sellette\\\/\"},\"wordCount\":1265,\"commentCount\":0,\"image\":{\"@id\":\"http:\\\/\\\/jumelage.org\\\/francais\\\/apres-jefferson-dautres-presidents-americains-sur-la-sellette\\\/#primaryimage\"},\"thumbnailUrl\":\"https:\\\/\\\/jumelage.org\\\/francais\\\/wp-content\\\/uploads\\\/2021\\\/10\\\/Apres-Jefferson.jpg\",\"articleSection\":[\"Only in the USA\"],\"inLanguage\":\"fr-FR\",\"potentialAction\":[{\"@type\":\"CommentAction\",\"name\":\"Comment\",\"target\":[\"http:\\\/\\\/jumelage.org\\\/francais\\\/apres-jefferson-dautres-presidents-americains-sur-la-sellette\\\/#respond\"]}]},{\"@type\":\"WebPage\",\"@id\":\"http:\\\/\\\/jumelage.org\\\/francais\\\/apres-jefferson-dautres-presidents-americains-sur-la-sellette\\\/\",\"url\":\"http:\\\/\\\/jumelage.org\\\/francais\\\/apres-jefferson-dautres-presidents-americains-sur-la-sellette\\\/\",\"name\":\"Apr\u00e8s Jefferson, d\u2019autres pr\u00e9sidents am\u00e9ricains sur la sellette ? Jumelage\",\"isPartOf\":{\"@id\":\"https:\\\/\\\/jumelage.org\\\/francais\\\/#website\"},\"primaryImageOfPage\":{\"@id\":\"http:\\\/\\\/jumelage.org\\\/francais\\\/apres-jefferson-dautres-presidents-americains-sur-la-sellette\\\/#primaryimage\"},\"image\":{\"@id\":\"http:\\\/\\\/jumelage.org\\\/francais\\\/apres-jefferson-dautres-presidents-americains-sur-la-sellette\\\/#primaryimage\"},\"thumbnailUrl\":\"https:\\\/\\\/jumelage.org\\\/francais\\\/wp-content\\\/uploads\\\/2021\\\/10\\\/Apres-Jefferson.jpg\",\"datePublished\":\"2021-10-22T20:59:26+00:00\",\"dateModified\":\"2021-10-22T20:59:27+00:00\",\"author\":{\"@id\":\"https:\\\/\\\/jumelage.org\\\/francais\\\/#\\\/schema\\\/person\\\/74dafcd8c5dfbdc6c0bfb7efcd1020be\"},\"description\":\"La commission de l'am\u00e9nagement public de la ville de New York a approuv\u00e9 \u00e0 l'unanimit\u00e9 le retrait de la statue de Jefferson.\",\"breadcrumb\":{\"@id\":\"http:\\\/\\\/jumelage.org\\\/francais\\\/apres-jefferson-dautres-presidents-americains-sur-la-sellette\\\/#breadcrumb\"},\"inLanguage\":\"fr-FR\",\"potentialAction\":[{\"@type\":\"ReadAction\",\"target\":[\"http:\\\/\\\/jumelage.org\\\/francais\\\/apres-jefferson-dautres-presidents-americains-sur-la-sellette\\\/\"]}]},{\"@type\":\"ImageObject\",\"inLanguage\":\"fr-FR\",\"@id\":\"http:\\\/\\\/jumelage.org\\\/francais\\\/apres-jefferson-dautres-presidents-americains-sur-la-sellette\\\/#primaryimage\",\"url\":\"https:\\\/\\\/jumelage.org\\\/francais\\\/wp-content\\\/uploads\\\/2021\\\/10\\\/Apres-Jefferson.jpg\",\"contentUrl\":\"https:\\\/\\\/jumelage.org\\\/francais\\\/wp-content\\\/uploads\\\/2021\\\/10\\\/Apres-Jefferson.jpg\",\"width\":552,\"height\":469},{\"@type\":\"BreadcrumbList\",\"@id\":\"http:\\\/\\\/jumelage.org\\\/francais\\\/apres-jefferson-dautres-presidents-americains-sur-la-sellette\\\/#breadcrumb\",\"itemListElement\":[{\"@type\":\"ListItem\",\"position\":1,\"name\":\"Accueil\",\"item\":\"https:\\\/\\\/jumelage.org\\\/francais\\\/\"},{\"@type\":\"ListItem\",\"position\":2,\"name\":\"Apr\u00e8s Jefferson, d\u2019autres pr\u00e9sidents am\u00e9ricains sur la sellette ?\"}]},{\"@type\":\"WebSite\",\"@id\":\"https:\\\/\\\/jumelage.org\\\/francais\\\/#website\",\"url\":\"https:\\\/\\\/jumelage.org\\\/francais\\\/\",\"name\":\"Jumelage\",\"description\":\"Saint-Germain-en-Laye &amp; Winchester (MA)\",\"potentialAction\":[{\"@type\":\"SearchAction\",\"target\":{\"@type\":\"EntryPoint\",\"urlTemplate\":\"https:\\\/\\\/jumelage.org\\\/francais\\\/?s={search_term_string}\"},\"query-input\":{\"@type\":\"PropertyValueSpecification\",\"valueRequired\":true,\"valueName\":\"search_term_string\"}}],\"inLanguage\":\"fr-FR\"},{\"@type\":\"Person\",\"@id\":\"https:\\\/\\\/jumelage.org\\\/francais\\\/#\\\/schema\\\/person\\\/74dafcd8c5dfbdc6c0bfb7efcd1020be\",\"name\":\"JumSGLW\",\"image\":{\"@type\":\"ImageObject\",\"inLanguage\":\"fr-FR\",\"@id\":\"https:\\\/\\\/secure.gravatar.com\\\/avatar\\\/3d3cad377d924d636d7d20ae9f968d4816d16114a561888c0a1668606eb9b7be?s=96&d=mm&r=g\",\"url\":\"https:\\\/\\\/secure.gravatar.com\\\/avatar\\\/3d3cad377d924d636d7d20ae9f968d4816d16114a561888c0a1668606eb9b7be?s=96&d=mm&r=g\",\"contentUrl\":\"https:\\\/\\\/secure.gravatar.com\\\/avatar\\\/3d3cad377d924d636d7d20ae9f968d4816d16114a561888c0a1668606eb9b7be?s=96&d=mm&r=g\",\"caption\":\"JumSGLW\"},\"url\":\"http:\\\/\\\/jumelage.org\\\/francais\\\/author\\\/jumsglw\\\/\"}]}<\/script>\n<!-- \/ Yoast SEO plugin. -->","yoast_head_json":{"title":"Apr\u00e8s Jefferson, d\u2019autres pr\u00e9sidents am\u00e9ricains sur la sellette ? Jumelage","description":"La commission de l'am\u00e9nagement public de la ville de New York a approuv\u00e9 \u00e0 l'unanimit\u00e9 le retrait de la statue de Jefferson.","robots":{"index":"index","follow":"follow","max-snippet":"max-snippet:-1","max-image-preview":"max-image-preview:large","max-video-preview":"max-video-preview:-1"},"canonical":"http:\/\/jumelage.org\/francais\/apres-jefferson-dautres-presidents-americains-sur-la-sellette\/","og_locale":"fr_FR","og_type":"article","og_title":"Apr\u00e8s Jefferson, d\u2019autres pr\u00e9sidents am\u00e9ricains sur la sellette ? Jumelage","og_description":"La commission de l'am\u00e9nagement public de la ville de New York a approuv\u00e9 \u00e0 l'unanimit\u00e9 le retrait de la statue de Jefferson.","og_url":"http:\/\/jumelage.org\/francais\/apres-jefferson-dautres-presidents-americains-sur-la-sellette\/","og_site_name":"Jumelage","article_publisher":"http:\/\/www.facebook.com\/jumelagew.sgl\/","article_published_time":"2021-10-22T20:59:26+00:00","article_modified_time":"2021-10-22T20:59:27+00:00","og_image":[{"width":552,"height":469,"url":"https:\/\/jumelage.org\/francais\/wp-content\/uploads\/2021\/10\/Apres-Jefferson.jpg","type":"image\/jpeg"}],"author":"JumSGLW","twitter_card":"summary_large_image","twitter_misc":{"\u00c9crit par":"JumSGLW","Dur\u00e9e de lecture estim\u00e9e":"6 minutes"},"schema":{"@context":"https:\/\/schema.org","@graph":[{"@type":"Article","@id":"http:\/\/jumelage.org\/francais\/apres-jefferson-dautres-presidents-americains-sur-la-sellette\/#article","isPartOf":{"@id":"http:\/\/jumelage.org\/francais\/apres-jefferson-dautres-presidents-americains-sur-la-sellette\/"},"author":{"name":"JumSGLW","@id":"https:\/\/jumelage.org\/francais\/#\/schema\/person\/74dafcd8c5dfbdc6c0bfb7efcd1020be"},"headline":"Apr\u00e8s Jefferson, d\u2019autres pr\u00e9sidents am\u00e9ricains sur la sellette ?","datePublished":"2021-10-22T20:59:26+00:00","dateModified":"2021-10-22T20:59:27+00:00","mainEntityOfPage":{"@id":"http:\/\/jumelage.org\/francais\/apres-jefferson-dautres-presidents-americains-sur-la-sellette\/"},"wordCount":1265,"commentCount":0,"image":{"@id":"http:\/\/jumelage.org\/francais\/apres-jefferson-dautres-presidents-americains-sur-la-sellette\/#primaryimage"},"thumbnailUrl":"https:\/\/jumelage.org\/francais\/wp-content\/uploads\/2021\/10\/Apres-Jefferson.jpg","articleSection":["Only in the USA"],"inLanguage":"fr-FR","potentialAction":[{"@type":"CommentAction","name":"Comment","target":["http:\/\/jumelage.org\/francais\/apres-jefferson-dautres-presidents-americains-sur-la-sellette\/#respond"]}]},{"@type":"WebPage","@id":"http:\/\/jumelage.org\/francais\/apres-jefferson-dautres-presidents-americains-sur-la-sellette\/","url":"http:\/\/jumelage.org\/francais\/apres-jefferson-dautres-presidents-americains-sur-la-sellette\/","name":"Apr\u00e8s Jefferson, d\u2019autres pr\u00e9sidents am\u00e9ricains sur la sellette ? Jumelage","isPartOf":{"@id":"https:\/\/jumelage.org\/francais\/#website"},"primaryImageOfPage":{"@id":"http:\/\/jumelage.org\/francais\/apres-jefferson-dautres-presidents-americains-sur-la-sellette\/#primaryimage"},"image":{"@id":"http:\/\/jumelage.org\/francais\/apres-jefferson-dautres-presidents-americains-sur-la-sellette\/#primaryimage"},"thumbnailUrl":"https:\/\/jumelage.org\/francais\/wp-content\/uploads\/2021\/10\/Apres-Jefferson.jpg","datePublished":"2021-10-22T20:59:26+00:00","dateModified":"2021-10-22T20:59:27+00:00","author":{"@id":"https:\/\/jumelage.org\/francais\/#\/schema\/person\/74dafcd8c5dfbdc6c0bfb7efcd1020be"},"description":"La commission de l'am\u00e9nagement public de la ville de New York a approuv\u00e9 \u00e0 l'unanimit\u00e9 le retrait de la statue de Jefferson.","breadcrumb":{"@id":"http:\/\/jumelage.org\/francais\/apres-jefferson-dautres-presidents-americains-sur-la-sellette\/#breadcrumb"},"inLanguage":"fr-FR","potentialAction":[{"@type":"ReadAction","target":["http:\/\/jumelage.org\/francais\/apres-jefferson-dautres-presidents-americains-sur-la-sellette\/"]}]},{"@type":"ImageObject","inLanguage":"fr-FR","@id":"http:\/\/jumelage.org\/francais\/apres-jefferson-dautres-presidents-americains-sur-la-sellette\/#primaryimage","url":"https:\/\/jumelage.org\/francais\/wp-content\/uploads\/2021\/10\/Apres-Jefferson.jpg","contentUrl":"https:\/\/jumelage.org\/francais\/wp-content\/uploads\/2021\/10\/Apres-Jefferson.jpg","width":552,"height":469},{"@type":"BreadcrumbList","@id":"http:\/\/jumelage.org\/francais\/apres-jefferson-dautres-presidents-americains-sur-la-sellette\/#breadcrumb","itemListElement":[{"@type":"ListItem","position":1,"name":"Accueil","item":"https:\/\/jumelage.org\/francais\/"},{"@type":"ListItem","position":2,"name":"Apr\u00e8s Jefferson, d\u2019autres pr\u00e9sidents am\u00e9ricains sur la sellette ?"}]},{"@type":"WebSite","@id":"https:\/\/jumelage.org\/francais\/#website","url":"https:\/\/jumelage.org\/francais\/","name":"Jumelage","description":"Saint-Germain-en-Laye &amp; Winchester (MA)","potentialAction":[{"@type":"SearchAction","target":{"@type":"EntryPoint","urlTemplate":"https:\/\/jumelage.org\/francais\/?s={search_term_string}"},"query-input":{"@type":"PropertyValueSpecification","valueRequired":true,"valueName":"search_term_string"}}],"inLanguage":"fr-FR"},{"@type":"Person","@id":"https:\/\/jumelage.org\/francais\/#\/schema\/person\/74dafcd8c5dfbdc6c0bfb7efcd1020be","name":"JumSGLW","image":{"@type":"ImageObject","inLanguage":"fr-FR","@id":"https:\/\/secure.gravatar.com\/avatar\/3d3cad377d924d636d7d20ae9f968d4816d16114a561888c0a1668606eb9b7be?s=96&d=mm&r=g","url":"https:\/\/secure.gravatar.com\/avatar\/3d3cad377d924d636d7d20ae9f968d4816d16114a561888c0a1668606eb9b7be?s=96&d=mm&r=g","contentUrl":"https:\/\/secure.gravatar.com\/avatar\/3d3cad377d924d636d7d20ae9f968d4816d16114a561888c0a1668606eb9b7be?s=96&d=mm&r=g","caption":"JumSGLW"},"url":"http:\/\/jumelage.org\/francais\/author\/jumsglw\/"}]}},"_links":{"self":[{"href":"http:\/\/jumelage.org\/francais\/wp-json\/wp\/v2\/posts\/29569","targetHints":{"allow":["GET"]}}],"collection":[{"href":"http:\/\/jumelage.org\/francais\/wp-json\/wp\/v2\/posts"}],"about":[{"href":"http:\/\/jumelage.org\/francais\/wp-json\/wp\/v2\/types\/post"}],"author":[{"embeddable":true,"href":"http:\/\/jumelage.org\/francais\/wp-json\/wp\/v2\/users\/1"}],"replies":[{"embeddable":true,"href":"http:\/\/jumelage.org\/francais\/wp-json\/wp\/v2\/comments?post=29569"}],"version-history":[{"count":0,"href":"http:\/\/jumelage.org\/francais\/wp-json\/wp\/v2\/posts\/29569\/revisions"}],"wp:featuredmedia":[{"embeddable":true,"href":"http:\/\/jumelage.org\/francais\/wp-json\/wp\/v2\/media\/29570"}],"wp:attachment":[{"href":"http:\/\/jumelage.org\/francais\/wp-json\/wp\/v2\/media?parent=29569"}],"wp:term":[{"taxonomy":"category","embeddable":true,"href":"http:\/\/jumelage.org\/francais\/wp-json\/wp\/v2\/categories?post=29569"},{"taxonomy":"post_tag","embeddable":true,"href":"http:\/\/jumelage.org\/francais\/wp-json\/wp\/v2\/tags?post=29569"}],"curies":[{"name":"wp","href":"https:\/\/api.w.org\/{rel}","templated":true}]}}