{"id":28747,"date":"2021-06-11T20:57:14","date_gmt":"2021-06-11T18:57:14","guid":{"rendered":"http:\/\/jumelage.org\/francais\/?p=28747"},"modified":"2021-06-11T20:59:44","modified_gmt":"2021-06-11T18:59:44","slug":"washington-d-c-histoire-succinte","status":"publish","type":"post","link":"http:\/\/jumelage.org\/francais\/washington-d-c-histoire-succinte\/","title":{"rendered":"Washington D.C., histoire succincte"},"content":{"rendered":"<div id=\"pl-28747\"  class=\"panel-layout\" ><div id=\"pg-28747-0\"  class=\"panel-grid panel-has-style\" ><div class=\"siteorigin-panels-stretch panel-row-style panel-row-style-for-28747-0\" style=\"padding: 0px 0; \" data-stretch-type=\"full\" data-overlay=\"true\" data-overlay-color=\"#000000\" ><div id=\"pgc-28747-0-0\"  class=\"panel-grid-cell\" ><div id=\"panel-28747-0-0-0\" class=\"so-panel widget widget_sow-editor panel-first-child panel-last-child\" data-index=\"0\" ><div style=\"text-align: left;\" data-title-color=\"#443f3f\" data-headings-color=\"#443f3f\" class=\"panel-widget-style panel-widget-style-for-28747-0-0-0\" ><div\n\t\t\t\n\t\t\tclass=\"so-widget-sow-editor so-widget-sow-editor-base\"\n\t\t\t\n\t\t>\n<div class=\"siteorigin-widget-tinymce textwidget\">\n\t<h1 style=\"text-align: center;\"><span style=\"font-size: 24px;\"><strong>Histoire de Washington, DC (District of Columbia)<\/strong><\/span><\/h1>\n<p style=\"text-align: justify;\"><span style=\"font-size: 14px;\"><em>https:\/\/washington.org\/DC-information\/washington-dc-history<\/em><\/span><\/p>\n<p><img decoding=\"async\" class=\"size-full wp-image-28748 aligncenter\" src=\"http:\/\/jumelage.org\/francais\/wp-content\/uploads\/2021\/06\/Washington-01.jpg\" alt=\"\" width=\"1920\" height=\"820\" srcset=\"https:\/\/jumelage.org\/francais\/wp-content\/uploads\/2021\/06\/Washington-01.jpg 1920w, https:\/\/jumelage.org\/francais\/wp-content\/uploads\/2021\/06\/Washington-01-1000x427.jpg 1000w, https:\/\/jumelage.org\/francais\/wp-content\/uploads\/2021\/06\/Washington-01-768x328.jpg 768w, https:\/\/jumelage.org\/francais\/wp-content\/uploads\/2021\/06\/Washington-01-1536x656.jpg 1536w, https:\/\/jumelage.org\/francais\/wp-content\/uploads\/2021\/06\/Washington-01-830x354.jpg 830w, https:\/\/jumelage.org\/francais\/wp-content\/uploads\/2021\/06\/Washington-01-230x98.jpg 230w, https:\/\/jumelage.org\/francais\/wp-content\/uploads\/2021\/06\/Washington-01-350x149.jpg 350w, https:\/\/jumelage.org\/francais\/wp-content\/uploads\/2021\/06\/Washington-01-480x205.jpg 480w, https:\/\/jumelage.org\/francais\/wp-content\/uploads\/2021\/06\/Washington-01-1320x564.jpg 1320w\" sizes=\"(max-width: 1920px) 100vw, 1920px\" \/><\/p>\n<p style=\"text-align: justify;\"><span style=\"color: #ffffff;\">.\u00a0\u00a0\u00a0\u00a0<\/span>\u00a0\u00a0\u00a0\u00a0\u00a0\u00a0\u00a0 L\u2019Etat de Rhode Island est la derni\u00e8re des 13 colonies \u00e0 ratifier la Constitution des Etats-Unis le 29 mai 1790. Etablie par la Constitution des \u00c9tats-Unis pour servir de capitale nationale, Washington D.C. est rapidement fond\u00e9e d\u00e8s le 16 juillet 1790. Depuis sa cr\u00e9ation, elle a \u00e9t\u00e9 sujette \u00e0 des man\u0153uvres politiques, \u00e0 des conflits partisans, \u00e0 des questions de race, d'identit\u00e9 nationale, de compromis et, bien s\u00fbr, de pouvoir.<\/p>\n<p style=\"text-align: justify;\">Comme de nombreuses d\u00e9cisions dans l'histoire am\u00e9ricaine, l'emplacement de la nouvelle ville dut \u00eatre un compromis : Alexander Hamilton, l'un des P\u00e8res fondateurs des Etats-Unis, promoteur influent de la Constitution des Etats-Unis et fondateur du syst\u00e8me financier de la nation, et les \u00c9tats du nord voulaient que le nouveau gouvernement f\u00e9d\u00e9ral assume les dettes de la guerre d'ind\u00e9pendance\u00a0; Thomas Jefferson et les \u00c9tats du sud voulaient que la capitale soit plac\u00e9e dans un endroit favorable aux int\u00e9r\u00eats agricoles des esclavagistes.<\/p>\n<p style=\"text-align: justify;\">George Washington, le premier pr\u00e9sident des Etats-Unis, choisit finalement un site le long des fleuves Potomac et Anacostia, et la ville fut officiellement fond\u00e9e en 1790 apr\u00e8s que le Maryland et la Virginie eurent tous deux c\u00e9d\u00e9 des terres \u00e0 ce nouveau \"district\", afin qu'il soit distinct et s\u00e9par\u00e9 du reste des \u00c9tats.<\/p>\n<p style=\"text-align: justify;\">Pour concevoir la ville, il a nomm\u00e9 Pierre Charles L'Enfant, un architecte fran\u00e7ais d\u00e9barqu\u00e9 dans les colonies am\u00e9ricaines comme ing\u00e9nieur militaire avec le g\u00e9n\u00e9ral La Fayette. Celui-ci a pr\u00e9sent\u00e9 la vision d'une ville moderne et audacieuse, avec de grands boulevards (aujourd'hui les rues portant le nom des \u00c9tats) et des espaces c\u00e9r\u00e9moniels rappelant une autre grande capitale mondiale, son Paris natal. Il pr\u00e9voyait un syst\u00e8me de quadrillage, dont le centre serait le Capitole.<\/p>\n<p style=\"text-align: center;\"><img decoding=\"async\" class=\"alignnone  wp-image-28749\" src=\"http:\/\/jumelage.org\/francais\/wp-content\/uploads\/2021\/06\/Washington-02.jpg\" alt=\"\" width=\"759\" height=\"619\" srcset=\"https:\/\/jumelage.org\/francais\/wp-content\/uploads\/2021\/06\/Washington-02.jpg 661w, https:\/\/jumelage.org\/francais\/wp-content\/uploads\/2021\/06\/Washington-02-230x188.jpg 230w, https:\/\/jumelage.org\/francais\/wp-content\/uploads\/2021\/06\/Washington-02-350x285.jpg 350w, https:\/\/jumelage.org\/francais\/wp-content\/uploads\/2021\/06\/Washington-02-480x391.jpg 480w\" sizes=\"(max-width: 759px) 100vw, 759px\" \/><\/p>\n<p style=\"text-align: center;\"><span style=\"font-size: 14px;\"><em>Plans originaux de L'Enfant pour la marche de Washington datant de 1792<\/em><\/span><\/p>\n<p style=\"text-align: justify;\"><span style=\"color: #ffffff;\">.\u00a0\u00a0\u00a0\u00a0\u00a0\u00a0<\/span>\u00a0\u00a0\u00a0\u00a0\u00a0 Avant m\u00eame d'arriver \u00e0 maturit\u00e9, DC a \u00e9t\u00e9 presque enti\u00e8rement d\u00e9truite. Pendant la guerre de 1812 contre la Grande-Bretagne, les forces ennemies envahirent la ville et en br\u00fbl\u00e8rent une grande partie, y compris la Maison Blanche, le Capitole et la biblioth\u00e8que du Congr\u00e8s (avec tous ses livres). Thomas Jefferson reconstituera plus tard, en 1815, la collection de la biblioth\u00e8que en vendant l'ensemble de sa biblioth\u00e8que pour 23.950 dollars.<\/p>\n<p style=\"text-align: justify;\">Apr\u00e8s sa destruction, la ville est rest\u00e9e petite, notamment surtout en termes de r\u00e9sidents permanents. Bient\u00f4t, elle allait \u00e9galement devenir plus petite en terme de taille physique. En effet, en 1847, la partie sud de la ville qui appartenait \u00e0 l'origine \u00e0 la Virginie a \u00e9t\u00e9 r\u00e9troc\u00e9d\u00e9e, apr\u00e8s que les \u00e9lecteurs d'Alexandria aient choisi de quitter DC, estimant avoir \u00e9t\u00e9 exclus du d\u00e9veloppement au nord du fleuve. On peut encore voir aujourd'hui certains marqueurs originaux du district. La ville ne s\u2019\u00e9tendra qu'\u00e0 l\u2019issue de la guerre civile (12 avr 1861 - 9 avr 1865).<\/p>\n<p style=\"text-align: justify;\"><span style=\"color: #ffffff;\">.\u00a0\u00a0\u00a0\u00a0\u00a0\u00a0\u00a0\u00a0\u00a0<\/span>\u00a0\u00a0 Les esclaves de Washington ont \u00e9t\u00e9 \u00e9mancip\u00e9s le 16 avril 1862, neuf mois avant la proclamation du pr\u00e9sident Lincoln d\u00e9cr\u00e9tant l'\u00e9mancipation des esclaves le 01 janvier 1863, avec l\u2019abolition de l'esclavage sur l'ensemble du territoire des \u00c9tats-Unis. La ville est ainsi devenue une plaque tournante pour les esclaves lib\u00e9r\u00e9s. Par la suite, elle est rest\u00e9e le foyer d'une population afro-am\u00e9ricaine importante et dynamique, avec l'abolitionniste Frederick Douglass. Ce qui explique qu\u2019une arm\u00e9e importante ait \u00e9t\u00e9 mise en place dans le seul but de prot\u00e9ger la capitale pendant la guerre de S\u00e9cession.<\/p>\n<p style=\"text-align: justify;\"><span style=\"color: #ffffff;\">.\u00a0\u00a0\u00a0\u00a0\u00a0\u00a0\u00a0\u00a0\u00a0<\/span>\u00a0\u00a0 Le gouvernement f\u00e9d\u00e9ral s'est d\u00e9velopp\u00e9 autour de cette administration. La limite initiale de la ville de Washington \u00e9tait Florida Avenue, appel\u00e9e \u00e0 l'origine Boundary Street. Les premiers quartiers se sont ainsi d\u00e9velopp\u00e9s autour du Capitole (Capitol Hill), du Center Market (Downtown) et de la Maison Blanche (Lafayette Square). Le Washington d'apr\u00e8s-guerre connut une expansion importante, absorbant finalement Georgetown et les zones rurales environnantes au-del\u00e0 des plans initiaux de L'Enfant. L'expansion des lignes de tramway au milieu du XIXe si\u00e8cle a stimul\u00e9 la cr\u00e9ation de nouvelles banlieues.<\/p>\n<p style=\"text-align: justify;\">En 1901, la ville a propos\u00e9 le plan McMillan, qui visait \u00e0 compl\u00e9ter les plans originaux de L'Enfant. Cela comprenait une nouvelle conception et une expansion du National Mall, aujourd'hui le joyau de DC. La ville a continu\u00e9 \u00e0 s'\u00e9tendre et \u00e0 se d\u00e9velopper pendant le reste du XXe si\u00e8cle, bien qu'elle ait souffert d'\u00e9meutes et de troubles civils dans les ann\u00e9es 60 et 70, et que de nombreux habitants aient alors quitt\u00e9 le centre-ville pour les banlieues. Aujourd'hui, ces quartiers du centre-ville connaissent une renaissance urbaine et de nombreuses personnes reviennent s'installer \u00e0 Washington m\u00eame.<\/p>\n<p style=\"text-align: justify;\"><span style=\"color: #ffffff;\">.\u00a0\u00a0\u00a0\u00a0\u00a0\u00a0\u00a0\u00a0\u00a0<\/span>\u00a0\u00a0 Bien qu'il s'agisse d'une capitale, il est ironique que les habitants de Washington ne disposent pas d'une autonomie compl\u00e8te. La repr\u00e9sentation au Congr\u00e8s se limite \u00e0 un d\u00e9l\u00e9gu\u00e9 sans droit de vote \u00e0 la Chambre des repr\u00e9sentants et \u00e0 un s\u00e9nateur fant\u00f4me. En 1964, les Washingtoniens ont \u00e9t\u00e9 autoris\u00e9s \u00e0 voter pour la premi\u00e8re fois aux \u00e9lections pr\u00e9sidentielles ; la ville n'a \u00e9t\u00e9 autoris\u00e9e \u00e0 \u00e9lire son propre maire qu'en 1973.<\/p>\n<p style=\"text-align: justify;\">Elle reste aujourd'hui une ville dynamique et culturellement diversifi\u00e9e. La ville est riche de l\u2019h\u00e9ritage de ses cultures internationales et de la culture afro-am\u00e9ricaine. C'est aussi l'une des villes am\u00e9ricaines les plus favorables aux homosexuels, ayant reconnu le mariage homosexuel en 2010, avant que la Cour supr\u00eame, toute proche, n\u2019en fasse un droit en 2015.<\/p>\n<\/div>\n<\/div><\/div><\/div><\/div><\/div><\/div><\/div>","protected":false},"excerpt":{"rendered":"<p>Histoire de Washington, DC (District of Columbia) https:\/\/washington.org\/DC-information\/washington-dc-history .\u00a0\u00a0\u00a0\u00a0\u00a0\u00a0\u00a0\u00a0\u00a0\u00a0\u00a0 L\u2019Etat de Rhode Island est la derni\u00e8re des 13 colonies \u00e0 ratifier la Constitution des Etats-Unis [&hellip;]<\/p>\n","protected":false},"author":1,"featured_media":28750,"comment_status":"open","ping_status":"open","sticky":false,"template":"post-templates\/post_full.php","format":"standard","meta":{"two_page_speed":[],"footnotes":""},"categories":[13],"tags":[],"class_list":["post-28747","post","type-post","status-publish","format-standard","has-post-thumbnail","hentry","category-la-voie-des-usa"],"yoast_head":"<!-- This site is optimized with the Yoast SEO plugin v27.5 - https:\/\/yoast.com\/product\/yoast-seo-wordpress\/ -->\n<title>Washington D.C., histoire succincte Jumelage<\/title>\n<meta name=\"description\" content=\"Etablie par la Constitution des \u00c9tats-Unis pour servir de capitale nationale, Washington D.C. est rapidement fond\u00e9e d\u00e8s le 16 juillet 1790.\" \/>\n<meta name=\"robots\" content=\"index, follow, max-snippet:-1, max-image-preview:large, max-video-preview:-1\" \/>\n<link rel=\"canonical\" href=\"https:\/\/jumelage.org\/francais\/washington-d-c-histoire-succinte\/\" \/>\n<meta property=\"og:locale\" content=\"fr_FR\" \/>\n<meta property=\"og:type\" content=\"article\" \/>\n<meta property=\"og:title\" content=\"Washington D.C., histoire succincte Jumelage\" \/>\n<meta property=\"og:description\" content=\"Etablie par la Constitution des \u00c9tats-Unis pour servir de capitale nationale, Washington D.C. est rapidement fond\u00e9e d\u00e8s le 16 juillet 1790.\" \/>\n<meta property=\"og:url\" content=\"https:\/\/jumelage.org\/francais\/washington-d-c-histoire-succinte\/\" \/>\n<meta property=\"og:site_name\" content=\"Jumelage\" \/>\n<meta property=\"article:publisher\" content=\"http:\/\/www.facebook.com\/jumelagew.sgl\/\" \/>\n<meta property=\"article:published_time\" content=\"2021-06-11T18:57:14+00:00\" \/>\n<meta property=\"article:modified_time\" content=\"2021-06-11T18:59:44+00:00\" \/>\n<meta property=\"og:image\" content=\"https:\/\/jumelage.org\/francais\/wp-content\/uploads\/2021\/06\/Washington-03.jpg\" \/>\n\t<meta property=\"og:image:width\" content=\"531\" \/>\n\t<meta property=\"og:image:height\" content=\"411\" \/>\n\t<meta property=\"og:image:type\" content=\"image\/jpeg\" \/>\n<meta name=\"author\" content=\"JumSGLW\" \/>\n<meta name=\"twitter:card\" content=\"summary_large_image\" \/>\n<meta name=\"twitter:label1\" content=\"\u00c9crit par\" \/>\n\t<meta name=\"twitter:data1\" content=\"JumSGLW\" \/>\n\t<meta name=\"twitter:label2\" content=\"Dur\u00e9e de lecture estim\u00e9e\" \/>\n\t<meta name=\"twitter:data2\" content=\"5 minutes\" \/>\n<script type=\"application\/ld+json\" class=\"yoast-schema-graph\">{\"@context\":\"https:\\\/\\\/schema.org\",\"@graph\":[{\"@type\":\"Article\",\"@id\":\"https:\\\/\\\/jumelage.org\\\/francais\\\/washington-d-c-histoire-succinte\\\/#article\",\"isPartOf\":{\"@id\":\"https:\\\/\\\/jumelage.org\\\/francais\\\/washington-d-c-histoire-succinte\\\/\"},\"author\":{\"name\":\"JumSGLW\",\"@id\":\"https:\\\/\\\/jumelage.org\\\/francais\\\/#\\\/schema\\\/person\\\/74dafcd8c5dfbdc6c0bfb7efcd1020be\"},\"headline\":\"Washington D.C., histoire succincte\",\"datePublished\":\"2021-06-11T18:57:14+00:00\",\"dateModified\":\"2021-06-11T18:59:44+00:00\",\"mainEntityOfPage\":{\"@id\":\"https:\\\/\\\/jumelage.org\\\/francais\\\/washington-d-c-histoire-succinte\\\/\"},\"wordCount\":923,\"commentCount\":0,\"image\":{\"@id\":\"https:\\\/\\\/jumelage.org\\\/francais\\\/washington-d-c-histoire-succinte\\\/#primaryimage\"},\"thumbnailUrl\":\"https:\\\/\\\/jumelage.org\\\/francais\\\/wp-content\\\/uploads\\\/2021\\\/06\\\/Washington-03.jpg\",\"articleSection\":[\"La voie des USA\"],\"inLanguage\":\"fr-FR\",\"potentialAction\":[{\"@type\":\"CommentAction\",\"name\":\"Comment\",\"target\":[\"https:\\\/\\\/jumelage.org\\\/francais\\\/washington-d-c-histoire-succinte\\\/#respond\"]}]},{\"@type\":\"WebPage\",\"@id\":\"https:\\\/\\\/jumelage.org\\\/francais\\\/washington-d-c-histoire-succinte\\\/\",\"url\":\"https:\\\/\\\/jumelage.org\\\/francais\\\/washington-d-c-histoire-succinte\\\/\",\"name\":\"Washington D.C., histoire succincte Jumelage\",\"isPartOf\":{\"@id\":\"https:\\\/\\\/jumelage.org\\\/francais\\\/#website\"},\"primaryImageOfPage\":{\"@id\":\"https:\\\/\\\/jumelage.org\\\/francais\\\/washington-d-c-histoire-succinte\\\/#primaryimage\"},\"image\":{\"@id\":\"https:\\\/\\\/jumelage.org\\\/francais\\\/washington-d-c-histoire-succinte\\\/#primaryimage\"},\"thumbnailUrl\":\"https:\\\/\\\/jumelage.org\\\/francais\\\/wp-content\\\/uploads\\\/2021\\\/06\\\/Washington-03.jpg\",\"datePublished\":\"2021-06-11T18:57:14+00:00\",\"dateModified\":\"2021-06-11T18:59:44+00:00\",\"author\":{\"@id\":\"https:\\\/\\\/jumelage.org\\\/francais\\\/#\\\/schema\\\/person\\\/74dafcd8c5dfbdc6c0bfb7efcd1020be\"},\"description\":\"Etablie par la Constitution des \u00c9tats-Unis pour servir de capitale nationale, Washington D.C. est rapidement fond\u00e9e d\u00e8s le 16 juillet 1790.\",\"breadcrumb\":{\"@id\":\"https:\\\/\\\/jumelage.org\\\/francais\\\/washington-d-c-histoire-succinte\\\/#breadcrumb\"},\"inLanguage\":\"fr-FR\",\"potentialAction\":[{\"@type\":\"ReadAction\",\"target\":[\"https:\\\/\\\/jumelage.org\\\/francais\\\/washington-d-c-histoire-succinte\\\/\"]}]},{\"@type\":\"ImageObject\",\"inLanguage\":\"fr-FR\",\"@id\":\"https:\\\/\\\/jumelage.org\\\/francais\\\/washington-d-c-histoire-succinte\\\/#primaryimage\",\"url\":\"https:\\\/\\\/jumelage.org\\\/francais\\\/wp-content\\\/uploads\\\/2021\\\/06\\\/Washington-03.jpg\",\"contentUrl\":\"https:\\\/\\\/jumelage.org\\\/francais\\\/wp-content\\\/uploads\\\/2021\\\/06\\\/Washington-03.jpg\",\"width\":531,\"height\":411},{\"@type\":\"BreadcrumbList\",\"@id\":\"https:\\\/\\\/jumelage.org\\\/francais\\\/washington-d-c-histoire-succinte\\\/#breadcrumb\",\"itemListElement\":[{\"@type\":\"ListItem\",\"position\":1,\"name\":\"Accueil\",\"item\":\"https:\\\/\\\/jumelage.org\\\/francais\\\/\"},{\"@type\":\"ListItem\",\"position\":2,\"name\":\"Washington D.C., histoire succincte\"}]},{\"@type\":\"WebSite\",\"@id\":\"https:\\\/\\\/jumelage.org\\\/francais\\\/#website\",\"url\":\"https:\\\/\\\/jumelage.org\\\/francais\\\/\",\"name\":\"Jumelage\",\"description\":\"Saint-Germain-en-Laye &amp; Winchester (MA)\",\"potentialAction\":[{\"@type\":\"SearchAction\",\"target\":{\"@type\":\"EntryPoint\",\"urlTemplate\":\"https:\\\/\\\/jumelage.org\\\/francais\\\/?s={search_term_string}\"},\"query-input\":{\"@type\":\"PropertyValueSpecification\",\"valueRequired\":true,\"valueName\":\"search_term_string\"}}],\"inLanguage\":\"fr-FR\"},{\"@type\":\"Person\",\"@id\":\"https:\\\/\\\/jumelage.org\\\/francais\\\/#\\\/schema\\\/person\\\/74dafcd8c5dfbdc6c0bfb7efcd1020be\",\"name\":\"JumSGLW\",\"image\":{\"@type\":\"ImageObject\",\"inLanguage\":\"fr-FR\",\"@id\":\"https:\\\/\\\/secure.gravatar.com\\\/avatar\\\/3d3cad377d924d636d7d20ae9f968d4816d16114a561888c0a1668606eb9b7be?s=96&d=mm&r=g\",\"url\":\"https:\\\/\\\/secure.gravatar.com\\\/avatar\\\/3d3cad377d924d636d7d20ae9f968d4816d16114a561888c0a1668606eb9b7be?s=96&d=mm&r=g\",\"contentUrl\":\"https:\\\/\\\/secure.gravatar.com\\\/avatar\\\/3d3cad377d924d636d7d20ae9f968d4816d16114a561888c0a1668606eb9b7be?s=96&d=mm&r=g\",\"caption\":\"JumSGLW\"},\"url\":\"http:\\\/\\\/jumelage.org\\\/francais\\\/author\\\/jumsglw\\\/\"}]}<\/script>\n<!-- \/ Yoast SEO plugin. -->","yoast_head_json":{"title":"Washington D.C., histoire succincte Jumelage","description":"Etablie par la Constitution des \u00c9tats-Unis pour servir de capitale nationale, Washington D.C. est rapidement fond\u00e9e d\u00e8s le 16 juillet 1790.","robots":{"index":"index","follow":"follow","max-snippet":"max-snippet:-1","max-image-preview":"max-image-preview:large","max-video-preview":"max-video-preview:-1"},"canonical":"https:\/\/jumelage.org\/francais\/washington-d-c-histoire-succinte\/","og_locale":"fr_FR","og_type":"article","og_title":"Washington D.C., histoire succincte Jumelage","og_description":"Etablie par la Constitution des \u00c9tats-Unis pour servir de capitale nationale, Washington D.C. est rapidement fond\u00e9e d\u00e8s le 16 juillet 1790.","og_url":"https:\/\/jumelage.org\/francais\/washington-d-c-histoire-succinte\/","og_site_name":"Jumelage","article_publisher":"http:\/\/www.facebook.com\/jumelagew.sgl\/","article_published_time":"2021-06-11T18:57:14+00:00","article_modified_time":"2021-06-11T18:59:44+00:00","og_image":[{"width":531,"height":411,"url":"https:\/\/jumelage.org\/francais\/wp-content\/uploads\/2021\/06\/Washington-03.jpg","type":"image\/jpeg"}],"author":"JumSGLW","twitter_card":"summary_large_image","twitter_misc":{"\u00c9crit par":"JumSGLW","Dur\u00e9e de lecture estim\u00e9e":"5 minutes"},"schema":{"@context":"https:\/\/schema.org","@graph":[{"@type":"Article","@id":"https:\/\/jumelage.org\/francais\/washington-d-c-histoire-succinte\/#article","isPartOf":{"@id":"https:\/\/jumelage.org\/francais\/washington-d-c-histoire-succinte\/"},"author":{"name":"JumSGLW","@id":"https:\/\/jumelage.org\/francais\/#\/schema\/person\/74dafcd8c5dfbdc6c0bfb7efcd1020be"},"headline":"Washington D.C., histoire succincte","datePublished":"2021-06-11T18:57:14+00:00","dateModified":"2021-06-11T18:59:44+00:00","mainEntityOfPage":{"@id":"https:\/\/jumelage.org\/francais\/washington-d-c-histoire-succinte\/"},"wordCount":923,"commentCount":0,"image":{"@id":"https:\/\/jumelage.org\/francais\/washington-d-c-histoire-succinte\/#primaryimage"},"thumbnailUrl":"https:\/\/jumelage.org\/francais\/wp-content\/uploads\/2021\/06\/Washington-03.jpg","articleSection":["La voie des USA"],"inLanguage":"fr-FR","potentialAction":[{"@type":"CommentAction","name":"Comment","target":["https:\/\/jumelage.org\/francais\/washington-d-c-histoire-succinte\/#respond"]}]},{"@type":"WebPage","@id":"https:\/\/jumelage.org\/francais\/washington-d-c-histoire-succinte\/","url":"https:\/\/jumelage.org\/francais\/washington-d-c-histoire-succinte\/","name":"Washington D.C., histoire succincte Jumelage","isPartOf":{"@id":"https:\/\/jumelage.org\/francais\/#website"},"primaryImageOfPage":{"@id":"https:\/\/jumelage.org\/francais\/washington-d-c-histoire-succinte\/#primaryimage"},"image":{"@id":"https:\/\/jumelage.org\/francais\/washington-d-c-histoire-succinte\/#primaryimage"},"thumbnailUrl":"https:\/\/jumelage.org\/francais\/wp-content\/uploads\/2021\/06\/Washington-03.jpg","datePublished":"2021-06-11T18:57:14+00:00","dateModified":"2021-06-11T18:59:44+00:00","author":{"@id":"https:\/\/jumelage.org\/francais\/#\/schema\/person\/74dafcd8c5dfbdc6c0bfb7efcd1020be"},"description":"Etablie par la Constitution des \u00c9tats-Unis pour servir de capitale nationale, Washington D.C. est rapidement fond\u00e9e d\u00e8s le 16 juillet 1790.","breadcrumb":{"@id":"https:\/\/jumelage.org\/francais\/washington-d-c-histoire-succinte\/#breadcrumb"},"inLanguage":"fr-FR","potentialAction":[{"@type":"ReadAction","target":["https:\/\/jumelage.org\/francais\/washington-d-c-histoire-succinte\/"]}]},{"@type":"ImageObject","inLanguage":"fr-FR","@id":"https:\/\/jumelage.org\/francais\/washington-d-c-histoire-succinte\/#primaryimage","url":"https:\/\/jumelage.org\/francais\/wp-content\/uploads\/2021\/06\/Washington-03.jpg","contentUrl":"https:\/\/jumelage.org\/francais\/wp-content\/uploads\/2021\/06\/Washington-03.jpg","width":531,"height":411},{"@type":"BreadcrumbList","@id":"https:\/\/jumelage.org\/francais\/washington-d-c-histoire-succinte\/#breadcrumb","itemListElement":[{"@type":"ListItem","position":1,"name":"Accueil","item":"https:\/\/jumelage.org\/francais\/"},{"@type":"ListItem","position":2,"name":"Washington D.C., histoire succincte"}]},{"@type":"WebSite","@id":"https:\/\/jumelage.org\/francais\/#website","url":"https:\/\/jumelage.org\/francais\/","name":"Jumelage","description":"Saint-Germain-en-Laye &amp; Winchester (MA)","potentialAction":[{"@type":"SearchAction","target":{"@type":"EntryPoint","urlTemplate":"https:\/\/jumelage.org\/francais\/?s={search_term_string}"},"query-input":{"@type":"PropertyValueSpecification","valueRequired":true,"valueName":"search_term_string"}}],"inLanguage":"fr-FR"},{"@type":"Person","@id":"https:\/\/jumelage.org\/francais\/#\/schema\/person\/74dafcd8c5dfbdc6c0bfb7efcd1020be","name":"JumSGLW","image":{"@type":"ImageObject","inLanguage":"fr-FR","@id":"https:\/\/secure.gravatar.com\/avatar\/3d3cad377d924d636d7d20ae9f968d4816d16114a561888c0a1668606eb9b7be?s=96&d=mm&r=g","url":"https:\/\/secure.gravatar.com\/avatar\/3d3cad377d924d636d7d20ae9f968d4816d16114a561888c0a1668606eb9b7be?s=96&d=mm&r=g","contentUrl":"https:\/\/secure.gravatar.com\/avatar\/3d3cad377d924d636d7d20ae9f968d4816d16114a561888c0a1668606eb9b7be?s=96&d=mm&r=g","caption":"JumSGLW"},"url":"http:\/\/jumelage.org\/francais\/author\/jumsglw\/"}]}},"_links":{"self":[{"href":"http:\/\/jumelage.org\/francais\/wp-json\/wp\/v2\/posts\/28747","targetHints":{"allow":["GET"]}}],"collection":[{"href":"http:\/\/jumelage.org\/francais\/wp-json\/wp\/v2\/posts"}],"about":[{"href":"http:\/\/jumelage.org\/francais\/wp-json\/wp\/v2\/types\/post"}],"author":[{"embeddable":true,"href":"http:\/\/jumelage.org\/francais\/wp-json\/wp\/v2\/users\/1"}],"replies":[{"embeddable":true,"href":"http:\/\/jumelage.org\/francais\/wp-json\/wp\/v2\/comments?post=28747"}],"version-history":[{"count":0,"href":"http:\/\/jumelage.org\/francais\/wp-json\/wp\/v2\/posts\/28747\/revisions"}],"wp:featuredmedia":[{"embeddable":true,"href":"http:\/\/jumelage.org\/francais\/wp-json\/wp\/v2\/media\/28750"}],"wp:attachment":[{"href":"http:\/\/jumelage.org\/francais\/wp-json\/wp\/v2\/media?parent=28747"}],"wp:term":[{"taxonomy":"category","embeddable":true,"href":"http:\/\/jumelage.org\/francais\/wp-json\/wp\/v2\/categories?post=28747"},{"taxonomy":"post_tag","embeddable":true,"href":"http:\/\/jumelage.org\/francais\/wp-json\/wp\/v2\/tags?post=28747"}],"curies":[{"name":"wp","href":"https:\/\/api.w.org\/{rel}","templated":true}]}}