{"id":27444,"date":"2020-11-02T20:23:14","date_gmt":"2020-11-02T19:23:14","guid":{"rendered":"http:\/\/jumelage.org\/francais\/?p=27444"},"modified":"2020-11-02T21:01:57","modified_gmt":"2020-11-02T20:01:57","slug":"1492-2006-laventure-demographique-des-ameriques","status":"publish","type":"post","link":"http:\/\/jumelage.org\/francais\/1492-2006-laventure-demographique-des-ameriques\/","title":{"rendered":"1492-2006 &#8211; L&rsquo;aventure d\u00e9mographique des Am\u00e9riques"},"content":{"rendered":"<div id=\"ez-toc-container\" class=\"ez-toc-v2_0_82_2 counter-hierarchy ez-toc-counter ez-toc-custom ez-toc-container-direction\">\n<nav><ul class='ez-toc-list ez-toc-list-level-1 ' ><li class='ez-toc-page-1 ez-toc-heading-level-1'><a class=\"ez-toc-link ez-toc-heading-1\" href=\"http:\/\/jumelage.org\/francais\/1492-2006-laventure-demographique-des-ameriques\/#La-naissance-demographique-dun-continent\" >La naissance d\u00e9mographique d&rsquo;un continent<\/a><\/li><li class='ez-toc-page-1 ez-toc-heading-level-1'><a class=\"ez-toc-link ez-toc-heading-2\" href=\"http:\/\/jumelage.org\/francais\/1492-2006-laventure-demographique-des-ameriques\/#Diversite-des-flux-migratoires\" >Diversit\u00e9 des flux migratoires<\/a><\/li><li class='ez-toc-page-1 ez-toc-heading-level-1'><a class=\"ez-toc-link ez-toc-heading-3\" href=\"http:\/\/jumelage.org\/francais\/1492-2006-laventure-demographique-des-ameriques\/#Diversite-des-dates-des-flux-migratoires\" >Diversit\u00e9 des dates des flux migratoires<\/a><\/li><li class='ez-toc-page-1 ez-toc-heading-level-1'><a class=\"ez-toc-link ez-toc-heading-4\" href=\"http:\/\/jumelage.org\/francais\/1492-2006-laventure-demographique-des-ameriques\/#Le-facteur-politique\" >Le facteur politique<\/a><\/li><li class='ez-toc-page-1 ez-toc-heading-level-1'><a class=\"ez-toc-link ez-toc-heading-5\" href=\"http:\/\/jumelage.org\/francais\/1492-2006-laventure-demographique-des-ameriques\/#Le-facteur-economique\" >Le facteur \u00e9conomique<\/a><\/li><li class='ez-toc-page-1 ez-toc-heading-level-1'><a class=\"ez-toc-link ez-toc-heading-6\" href=\"http:\/\/jumelage.org\/francais\/1492-2006-laventure-demographique-des-ameriques\/#Le-facteur-humain\" >Le facteur humain<\/a><\/li><li class='ez-toc-page-1 ez-toc-heading-level-1'><a class=\"ez-toc-link ez-toc-heading-7\" href=\"http:\/\/jumelage.org\/francais\/1492-2006-laventure-demographique-des-ameriques\/#La-transition-migratoire\" >La transition migratoire<\/a><\/li><li class='ez-toc-page-1 ez-toc-heading-level-1'><a class=\"ez-toc-link ez-toc-heading-8\" href=\"http:\/\/jumelage.org\/francais\/1492-2006-laventure-demographique-des-ameriques\/#Le-triangle-magique\" >Le triangle magique<\/a><\/li><li class='ez-toc-page-1 ez-toc-heading-level-1'><a class=\"ez-toc-link ez-toc-heading-9\" href=\"http:\/\/jumelage.org\/francais\/1492-2006-laventure-demographique-des-ameriques\/#Les-pays-les-plus-attirants\" >Les pays les plus attirants<\/a><\/li><li class='ez-toc-page-1 ez-toc-heading-level-1'><a class=\"ez-toc-link ez-toc-heading-10\" href=\"http:\/\/jumelage.org\/francais\/1492-2006-laventure-demographique-des-ameriques\/#Effets-indirects\" >Effets indirects<\/a><\/li><li class='ez-toc-page-1 ez-toc-heading-level-1'><a class=\"ez-toc-link ez-toc-heading-11\" href=\"http:\/\/jumelage.org\/francais\/1492-2006-laventure-demographique-des-ameriques\/#Lexemple-du-Mexique\" >L&rsquo;exemple du Mexique<\/a><\/li><li class='ez-toc-page-1 ez-toc-heading-level-1'><a class=\"ez-toc-link ez-toc-heading-12\" href=\"http:\/\/jumelage.org\/francais\/1492-2006-laventure-demographique-des-ameriques\/#Deceleration\" >D\u00e9c\u00e9l\u00e9ration<\/a><\/li><li class='ez-toc-page-1 ez-toc-heading-level-1'><a class=\"ez-toc-link ez-toc-heading-13\" href=\"http:\/\/jumelage.org\/francais\/1492-2006-laventure-demographique-des-ameriques\/#Diversite-des-elements\" >Diversit\u00e9 des \u00e9l\u00e9ments<\/a><\/li><li class='ez-toc-page-1 ez-toc-heading-level-1'><a class=\"ez-toc-link ez-toc-heading-14\" href=\"http:\/\/jumelage.org\/francais\/1492-2006-laventure-demographique-des-ameriques\/#Typologie\" >Typologie<\/a><\/li><li class='ez-toc-page-1 ez-toc-heading-level-1'><a class=\"ez-toc-link ez-toc-heading-15\" href=\"http:\/\/jumelage.org\/francais\/1492-2006-laventure-demographique-des-ameriques\/#Transition-avancee-ou-tardive\" >Transition avanc\u00e9e ou tardive<\/a><\/li><li class='ez-toc-page-1 ez-toc-heading-level-1'><a class=\"ez-toc-link ez-toc-heading-16\" href=\"http:\/\/jumelage.org\/francais\/1492-2006-laventure-demographique-des-ameriques\/#Population-et-developpement\" >Population et d\u00e9veloppement<\/a><\/li><li class='ez-toc-page-1 ez-toc-heading-level-1'><a class=\"ez-toc-link ez-toc-heading-17\" href=\"http:\/\/jumelage.org\/francais\/1492-2006-laventure-demographique-des-ameriques\/#Perspectives\" >Perspectives<\/a><\/li><\/ul><\/nav><\/div>\n<div id=\"pl-27444\"  class=\"panel-layout\" ><div id=\"pg-27444-0\"  class=\"panel-grid panel-has-style\" ><div style=\"padding: 0px 0; \" data-overlay=\"true\" data-overlay-color=\"#000000\" class=\"panel-row-style panel-row-style-for-27444-0\" ><div id=\"pgc-27444-0-0\"  class=\"panel-grid-cell\" ><div id=\"panel-27444-0-0-0\" class=\"so-panel widget widget_sow-editor panel-first-child panel-last-child\" data-index=\"0\" ><div style=\"text-align: left;\" data-title-color=\"#443f3f\" data-headings-color=\"#443f3f\" class=\"panel-widget-style panel-widget-style-for-27444-0-0-0\" ><div\n\t\t\t\n\t\t\tclass=\"so-widget-sow-editor so-widget-sow-editor-base\"\n\t\t\t\n\t\t>\n<div class=\"siteorigin-widget-tinymce textwidget\">\n\t<p style=\"text-align: center;\"><span style=\"font-size: 24px;\"><strong>1492-2006 - <\/strong><strong>L'aventure d\u00e9mographique des Am\u00e9riques<\/strong><\/span><\/p>\n<pre style=\"text-align: justify;\"><span style=\"font-size: 14px;\"><em>Herodote.net \u2013 Alain-G\u00e9rard Dumont \u2013 02 jun 2019<\/em><\/span><\/pre>\n<p style=\"text-align: justify;\"><em><span style=\"color: #ffffff;\">.\u00a0\u00a0\u00a0\u00a0\u00a0\u00a0\u00a0\u00a0<\/span>\u00a0\u00a0\u00a0 De tous les continents, l'Am\u00e9rique a v\u00e9cu la plus fantastique aventure d\u00e9mographique depuis le XVIIIe si\u00e8cle. Certes, les quatre autres continents ont \u00e9galement enregistr\u00e9 une croissance d\u00e9mographique in\u00e9dite dans l'histoire de l'humanit\u00e9, sous l'effet de ce que la science de la population appelle \u00ab la transition d\u00e9mographique \u00bb.<\/em><\/p>\n<p style=\"text-align: justify;\"><em>Par exemple, l'Europe, dont la population \u00e9tait estim\u00e9e \u00e0 187 millions en 1800, est chiffr\u00e9e \u00e0 729 millions en 1995. Cela repr\u00e9sente une augmentation de 290% en \u00e0 peine deux si\u00e8cles. Mais la part relative de la population de l'Europe dans le monde diminue consid\u00e9rablement, de 20,6% en 1800 \u00e0 12,8 en 1995.<\/em><\/p>\n<p style=\"text-align: justify;\"><em>De m\u00eame, l'Asie passe de 602 millions d'habitants en 1800 \u00e0 3 451 en 1995 (+473%), mais son poids relatif dans le monde diminue, mais dans de moindres proportions, de 66,4% en 1800 \u00e0 60,5% en 1995. L'\u00e9volution de l'Oc\u00e9anie reste tr\u00e8s limit\u00e9e, puisqu'elle ne compte que 28 millions d'habitants en 1995, c'est-\u00e0-dire moins que les sept pays d'Am\u00e9rique centrale situ\u00e9s au sud du Mexique (34,6 millions), que la Colombie (37,7 millions), que les Cara\u00efbes (36 millions) ou que l'Argentine (34,6 millions).<\/em><\/p>\n<p style=\"text-align: justify;\"><em>C'est l'Am\u00e9rique qui a, en deux si\u00e8cles, chang\u00e9 le plus profond\u00e9ment la g\u00e9ographie de la population du monde. En 1800 son peuplement (27 millions d'habitants), plus de trois fois inf\u00e9rieur \u00e0 celui de l'Afrique, ne repr\u00e9sente que 2,8% de la population mondiale. En 1995, la proportion est pass\u00e9e \u00e0 13,6%, car sa population a atteint le niveau de 774 millions, soit une hausse de 2767%.<\/em><\/p>\n<p style=\"text-align: justify;\"><em>G\u00e9rard-Fran\u00e7ois Dumont (mai 1996)<\/em><\/p>\n<h1 style=\"text-align: justify;\"><span class=\"ez-toc-section\" id=\"La-naissance-demographique-dun-continent\"><\/span><span style=\"font-size: 20px;\"><strong>La naissance d\u00e9mographique d&rsquo;un continent<\/strong><\/span><span class=\"ez-toc-section-end\"><\/span><\/h1>\n<p style=\"text-align: justify;\"><em><span style=\"color: #ffffff;\">.\u00a0\u00a0\u00a0\u00a0\u00a0\u00a0\u00a0<\/span>\u00a0\u00a0\u00a0\u00a0 <\/em>Les XIX et XXe si\u00e8cles ont donc vu la naissance d\u00e9mographique d'un continent, ce qui a chang\u00e9 le monde. Cette naissance a \u00e9t\u00e9 conjointe dans les deux parties du continent. L'Am\u00e9rique du Nord a 6 millions d'habitants en 1800. En 1995, ils sont estim\u00e9s \u00e0 293 millions (+ 4783%). Leur poids d\u00e9mographique relatif dans le monde est ainsi pass\u00e9 de 0,7 \u00e0 5,1%. La croissance de l'Am\u00e9rique latine (Am\u00e9rique centrale, Cara\u00efbes et Am\u00e9rique du Sud) est moins importante, mais n\u00e9anmoins beaucoup plus grande que celle de l'Europe, puisqu'elle est pass\u00e9e de 19 millions en 1800 (2,1% de la population mondiale) \u00e0 481 millions en 1995 (8,5% de la population mondiale), enregistrant une progression de 2432% en deux si\u00e8cles.<\/p>\n<p style=\"text-align: justify;\">La d\u00e9mographie \u00e9tant une science de la longue dur\u00e9e, il est indispensable de comprendre les raisons pouvant expliquer cette \u00e9volution d\u00e9mographique d'un continent, raisons issues de l'immigration, des indices\u00a0de f\u00e9condit\u00e9 et de la transition d\u00e9mographique, sans qu'il soit toujours ais\u00e9 de d\u00e9m\u00ealer les effets respectifs de ces trois causes. La situation actuelle oblige \u00e0 s'interroger sur les r\u00e9alit\u00e9s d\u00e9mographiques d'aujourd'hui ainsi que sur les enseignements \u00e0 en tirer pour l'avenir.<\/p>\n<h1 style=\"text-align: justify;\"><span class=\"ez-toc-section\" id=\"Diversite-des-flux-migratoires\"><\/span><span style=\"font-size: 20px;\"><strong>Diversit\u00e9 des flux migratoires<\/strong><\/span><span class=\"ez-toc-section-end\"><\/span><\/h1>\n<p style=\"text-align: justify;\"><em><span style=\"color: #ffffff;\">.\u00a0\u00a0\u00a0\u00a0\u00a0\u00a0\u00a0\u00a0<\/span>\u00a0\u00a0\u00a0 <\/em>Le peuplement de l'Am\u00e9rique provient d'abord de l'immigration, ou plut\u00f4t des immigrations, car il y a eu diverses vagues migratoires \u00e0 des \u00e9poques vari\u00e9es, provenant de pays non moins vari\u00e9s. Il convient par exemple de distinguer les premiers immigrants, espagnols, portugais, anglais, fran\u00e7ais, sans n\u00e9gliger l'importation d'esclaves noirs, puis la vague irlandaise, la vague allemande et la vague italienne.<\/p>\n<p style=\"text-align: justify;\">Le symbole que repr\u00e9sente le <a href=\"https:\/\/www.herodote.net\/histoire\/evenement.php?jour=16201126\" target=\"_blank\" rel=\"noopener noreferrer\"><em>Mayflower<\/em><\/a> est sans rapport avec son poids d\u00e9mographique. Les <em>\u00ab p\u00e8lerins \u00bb<\/em> puritains anglais, partis le 6 septembre 1690 de Southampton et qui vont fonder Plymouth en Nouvelle-Angleterre, ne sont qu'une trentaine. Leur poids d\u00e9mographique est donc infime dans un continent qui comptait d\u00e9j\u00e0 une population dispers\u00e9e estim\u00e9e entre 500 000 et 1 500 000 habitants. Mais ce sont les premiers colons qui s'installent sur cette terre et qui apprennent pour cela \u00e0 cultiver le ma\u00efs. Leur exemple attirera des milliers, puis des dizaines de milliers et des millions de personnes.<\/p>\n<p style=\"text-align: justify;\">Autre exemple, la vague irlandaise de 1846-48. Elle est le r\u00e9sultat de calamit\u00e9s naturelles, et plus pr\u00e9cis\u00e9ment de la maladie de la pomme de terre, \u00e0 l'origine de la <a href=\"https:\/\/www.herodote.net\/histoire\/synthese.php?ID=37\" target=\"_blank\" rel=\"noopener noreferrer\"><em>Grande Famine<\/em><\/a> qui provoqua un choc d\u00e9mographique consid\u00e9rable: un million de morts et l'\u00e9migration d'un autre million de personnes, pour une population estim\u00e9e en 1841 \u00e0 8 175 000 \u00e2mes. Cette vague migratoire d'un million d'Irlandais para\u00eet consid\u00e9rable, mais elle n'est que la phase aigu\u00eb d'une tendance plus durable, mettant en jeu des chiffres consid\u00e9rables, car il est peu de pays au monde qui ait enregistr\u00e9 une \u00e9migration aussi massive que celle de l'Irlande. Pour la p\u00e9riode 1845-1870, le chiffre est estim\u00e9 \u00e0 trois millions de d\u00e9parts, et sur environ deux si\u00e8cles, 1780-1970, \u00e0 dix millions. L'Irlande a ainsi connu, tout particuli\u00e8rement dans la seconde moiti\u00e9 du XIXe si\u00e8cle, une v\u00e9ritable h\u00e9morragie d\u00e9mographique, passant des 8 175 000 habitants cit\u00e9s ci-dessus \u00e0 4 705 000 en 1891, chute de 42% en d\u00e9pit d'une f\u00e9condit\u00e9 assez \u00e9lev\u00e9e.<\/p>\n<h1 style=\"text-align: justify;\"><span class=\"ez-toc-section\" id=\"Diversite-des-dates-des-flux-migratoires\"><\/span><span style=\"font-size: 20px;\"><strong>Diversit\u00e9 des dates des flux migratoires<\/strong><\/span><span class=\"ez-toc-section-end\"><\/span><\/h1>\n<p style=\"text-align: justify;\"><em><span style=\"color: #ffffff;\">.\u00a0\u00a0\u00a0\u00a0\u00a0\u00a0\u00a0\u00a0\u00a0\u00a0<\/span>\u00a0 <\/em>En Am\u00e9rique latine, les vagues migratoires sont nettement post\u00e9rieures \u00e0 celle de l'Am\u00e9rique du Nord. Pourtant l'implantation politique avait \u00e9t\u00e9 ant\u00e9rieure \u00e0 celle de l'Am\u00e9rique du Nord. Le <em><a href=\"https:\/\/www.herodote.net\/7_juin_1494-evenement-14940607.php\" target=\"_blank\" rel=\"noopener noreferrer\"><span style=\"color: #0000ff;\">trait\u00e9 de Tordesillas<\/span><\/a>,<\/em> qui aboutit \u00e0 diviser le monde en deux zones, l'une espagnole vers l'Ouest (Am\u00e9rique), l'autre portugaise vers l'Est (Afrique), date de 1494. Or, en 1500, l'explorateur Pedro Alvarez Cabral d\u00e9couvre le Br\u00e9sil, ce qui permet au Portugal de s'implanter en Am\u00e9rique du Sud. D\u00e8s 1535, l'Espagne cr\u00e9e une vice-royaut\u00e9 au Mexique, puis en 1543 au P\u00e9rou. Mais il faudra attendre la seconde moiti\u00e9 du XIXe si\u00e8cle pour enregistrer des immigrations significatives. Au Br\u00e9sil, l'immigration ne prend de l'ampleur qu'\u00e0 partir de l'\u00e2ge du caf\u00e9, dans les ann\u00e9es 1880. L'Argentine ne devient un pays d'immigration que dans les ann\u00e9es 1860.<\/p>\n<p style=\"text-align: justify;\">Quant \u00e0 l'\u00e9migration italienne vers l'Am\u00e9rique, elle devient importante \u00e0 partir de 1885, dans une chronologie assez pr\u00e9cise. C'est d'abord l'Argentine qui a la pr\u00e9f\u00e9rence et qui repr\u00e9sente, en 1886, 22% des \u00e9migrants italiens, en 1889, 32%, chiffres rapport\u00e9s \u00e0 la totalit\u00e9 de l'\u00e9migration, y compris donc celle vers certains pays d'Europe, qui \u00e9taient privil\u00e9gi\u00e9s jusqu'en 1886. En 1891, l'\u00e9migration des Italiens vers l'Argentine tombe \u00e0 8%, puis elle oscille entre 11 et 13% pendant les vingt ann\u00e9es suivantes. Vers le Br\u00e9sil, l'\u00e9migration est plus importante pendant la d\u00e9cennie 1890-1900 (entre 7 et 36% suivant les ann\u00e9es), puis elle s'abaisse entre 2 et 4% de 1901 \u00e0 1904. L'\u00e9migration vers l'Am\u00e9rique du Sud va alors faire place \u00e0 celle vers les \u00c9tats-Unis qui passe de 16% en 1886 \u00e0 43% \u00e0 la veille de la Premi\u00e8re guerre mondiale.<\/p>\n<p style=\"text-align: justify;\">Ces quelques exemples montrent bien que le peuplement de l'Am\u00e9rique d'aujourd'hui provient de sources migratoires fort diverses dans leur origine g\u00e9ographique et dans leur datation. Demeure une autre complexit\u00e9 concernant les causes de ces migrations, dont la diversit\u00e9 et l'entrem\u00ealement sont incontestables.<\/p>\n<h1 style=\"text-align: justify;\"><span class=\"ez-toc-section\" id=\"Le-facteur-politique\"><\/span><span style=\"font-size: 20px;\"><strong>Le facteur politique<\/strong><\/span><span class=\"ez-toc-section-end\"><\/span><\/h1>\n<p style=\"text-align: justify;\"><em><span style=\"color: #ffffff;\">.\u00a0\u00a0\u00a0\u00a0\u00a0\u00a0\u00a0\u00a0\u00a0\u00a0<\/span>\u00a0 <\/em>Le facteur politique est certain et ne se r\u00e9sume pas \u00e0 l'exemple du <em>Mayflower<\/em>. Nombre de minorit\u00e9s ont cherch\u00e9 dans l'Am\u00e9rique une r\u00e9ponse \u00e0 l'oppression dont elles \u00e9taient l'objet ou au souci de quitter un territoire sur lequel r\u00e9gnait un pouvoir peu appr\u00e9ci\u00e9. Les \u00e9migrations fran\u00e7aises (notamment lors de la Terreur), russes (apr\u00e8s la r\u00e9volution bolchevique d'octobre 1917), polonaise (provoqu\u00e9es par les partitions, puis par l'empire sovi\u00e9tique) ou juives rel\u00e8vent de facteurs politiques incontestables.<\/p>\n<p style=\"text-align: justify;\">Mais il ne faudrait pas oublier les \u00e9migrations provoqu\u00e9es par la mis\u00e8re r\u00e9sultant des mauvaises politiques des pays d'origine. Par exemple, l'une des vagues migratoires de Grande-Bretagne vers les \u00c9tats-Unis r\u00e9sulta de la politique des <em>enclosures<\/em>. <em>Enclosant<\/em> les terres auparavant communes, emp\u00eachant les paysans de les exploiter pour leur compte et d'y trouver bois et gibier, les riches propri\u00e9taires les r\u00e9duisaient \u00e0 la famine. De 1620 et 1642, 80.000 paysans britanniques, hommes, femmes et enfants, furent amen\u00e9s \u00e0 abandonner leurs villages pour tenter l'aventure de l'installation en Am\u00e9rique.<\/p>\n<p style=\"text-align: justify;\">Plus r\u00e9cemment, l'\u00e9migration iranienne apr\u00e8s la r\u00e9volution de 1979 et la prise de pouvoir par l'imam Khomeiny a \u00e9t\u00e9 une \u00e9migration politique. Il en est de m\u00eame de celle des boat people, r\u00e9sultant des politiques liberticides des gouvernements marxistes du Vietnam.<\/p>\n<h1 style=\"text-align: justify;\"><span class=\"ez-toc-section\" id=\"Le-facteur-economique\"><\/span><span style=\"font-size: 20px;\"><strong>Le facteur \u00e9conomique<\/strong><\/span><span class=\"ez-toc-section-end\"><\/span><\/h1>\n<p style=\"text-align: justify;\"><em><span style=\"color: #ffffff;\">.\u00a0\u00a0\u00a0\u00a0\u00a0\u00a0\u00a0\u00a0\u00a0\u00a0<\/span>\u00a0 <\/em>Mais d\u00e9j\u00e0, dans les derniers exemples, s'entrem\u00ealent facteur politique et facteur \u00e9conomique. La naissance d\u00e9mographique de l'Am\u00e9rique d\u00e9rive de l'espoir \u00e9conomique que ce continent avait fait na\u00eetre : de vastes espaces, des terres vierges, des possibilit\u00e9s agricoles et m\u00eame une sorte de loterie avec l'attrait des mines d'or que de nombreux films, comme <em>La ru\u00e9e vers l'or<\/em> de Chaplin, ont immortalis\u00e9. L'essentiel a \u00e9t\u00e9 la disponibilit\u00e9 des terres, enlev\u00e9es sans scrupule, si n\u00e9cessaire, \u00e0 leurs premiers occupants. D'ailleurs l'Am\u00e9rique a \u00e9t\u00e9 un continent d'agriculteurs. Cela a \u00e9t\u00e9 notamment vrai pour les Etats-Unis qui ont longtemps d\u00e9pendu de l'Europe, et notamment de la Grande-Bretagne, pour leurs besoins industriels. Pour alimenter en eau San Francisco, il \u00e9tait plus simple de faire venir des tuyaux de Pont-\u00e0-Mousson en France que de la c\u00f4te Est de la f\u00e9d\u00e9ration.<\/p>\n<p style=\"text-align: justify;\">Le facteur \u00e9conomique a donc une double face: d'un c\u00f4t\u00e9, il convient de consid\u00e9rer les difficult\u00e9s \u00e9conomiques subies par telle ou telle partie de la population. Ainsi la Grande-Bretagne, au XIXe si\u00e8cle, avait une situation \u00e9conomique plut\u00f4t meilleure que celles des autres pays et elle \u00e9tait m\u00eame le phare \u00e9conomique du monde, disposant d'un Empire sur lequel <em>\u00ab le soleil ne se couchait jamais \u00bb<\/em>. Mais les \u00e9migrants furent des ruraux, confront\u00e9s aux \u00e9volutions des sp\u00e9culations agricoles moins exigeantes en main d'oeuvre. D'un autre c\u00f4t\u00e9, la situation \u00e9conomique des pays de destination a beaucoup d'importance, selon les potentialit\u00e9s les plus apparentes, les variations conjoncturelles, la l\u00e9gislation et les facilit\u00e9s apport\u00e9es aux migrations (comme, par exemple, l'octroi de terres).<\/p>\n<h1 style=\"text-align: justify;\"><span class=\"ez-toc-section\" id=\"Le-facteur-humain\"><\/span><span style=\"font-size: 20px;\"><strong>Le facteur humain<\/strong><\/span><span class=\"ez-toc-section-end\"><\/span><\/h1>\n<p style=\"text-align: justify;\"><em><span style=\"color: #ffffff;\">.\u00a0\u00a0\u00a0\u00a0\u00a0\u00a0\u00a0<\/span>\u00a0\u00a0\u00a0\u00a0 <\/em>Il ne faudrait pas omettre le r\u00f4le des facteurs humains. L'\u00e9migr\u00e9 potentiel est davantage tent\u00e9 de concr\u00e9tiser son projet s'il sait qu'il pourra \u00eatre accueilli dans le pays de destination par des compatriotes d\u00e9j\u00e0 install\u00e9s. Dans notre fin du XXe si\u00e8cle, ce type de migration est largement facilit\u00e9 d'une part par les nouvelles techniques de communication permettant d'avoir des \u00e9changes ais\u00e9s et fr\u00e9quents entre pays, et d'autre part par la rapidit\u00e9 et le faible co\u00fbt des transports.<\/p>\n<h1 style=\"text-align: justify;\"><span class=\"ez-toc-section\" id=\"La-transition-migratoire\"><\/span><span style=\"font-size: 20px;\"><strong>La transition migratoire<\/strong><\/span><span class=\"ez-toc-section-end\"><\/span><\/h1>\n<p style=\"text-align: justify;\"><em><span style=\"color: #ffffff;\">.\u00a0\u00a0\u00a0\u00a0\u00a0\u00a0\u00a0\u00a0\u00a0<\/span>\u00a0\u00a0 <\/em>Le facteur d\u00e9mographique est \u00e9galement une composante essentielle de la naissance d\u00e9mographique de l'Am\u00e9rique. En effet, la fa\u00e7on dont se sont d\u00e9roul\u00e9s la transition d\u00e9mographique et le d\u00e9veloppement industriel en Europe apporte un \u00e9l\u00e9ment important de connaissance de l'immigration en Am\u00e9rique. Cela est possible pour l'Europe car la plupart des pays de ce continent disposent pour cette p\u00e9riode de documents statistiques.<\/p>\n<p style=\"text-align: justify;\">On sait que le d\u00e9roulement de la transition d\u00e9mographique entra\u00eene une augmentation sensible des taux d'accroissement naturel, qui d\u00e9clinera lors de la deuxi\u00e8me \u00e9tape de la transition. Or il appara\u00eet que l'\u00e9migration europ\u00e9enne, et donc l'immigration am\u00e9ricaine, atteigne souvent leur maximum lorsque le taux d'accroissement naturel se trouve dans ses niveaux les plus \u00e9lev\u00e9s ou proche de ces niveaux. Autrement dit, l'Am\u00e9rique re\u00e7oit une immigration particuli\u00e8rement importante en provenance d'un pays consid\u00e9r\u00e9 isol\u00e9ment lorsque ce pays enregistre les \u00e9carts maximaux entre le taux de natalit\u00e9 et le taux de mortalit\u00e9.<\/p>\n<p style=\"text-align: justify;\">Par exemple, le taux d'\u00e9migration des populations du Royaume-Uni, d'Irlande, d'Allemagne, puis apr\u00e8s de Norv\u00e8ge et de Su\u00e8de, culmine dans les ann\u00e9es 1880, au moment m\u00eame o\u00f9 leur taux d'accroissement naturel culmine \u00e9galement. La Norv\u00e8ge a envoy\u00e9 vers les \u00c9tats-Unis les deux tiers de l'accroissement naturel de sa population, et la malheureuse Irlande plus que la totalit\u00e9 de cet accroissement naturel.<\/p>\n<p style=\"text-align: justify;\">Pour les pays d'Europe m\u00e9ridionale et orientale, dont la transition d\u00e9mographique a \u00e9t\u00e9 plus tardive, les niveaux maximaux se constatent apr\u00e8s 1900. En fait, il y a correspondance entre la pyramide des \u00e2ges et l'\u00e9migration. En effet, le taux d'accroissement naturel le plus \u00e9lev\u00e9 correspond \u00e0 une p\u00e9riode o\u00f9 la population des jeunes adultes est particuli\u00e8rement importante. Ce haut niveau r\u00e9sulte des progr\u00e8s de la lutte contre la mortalit\u00e9 qui ont profond\u00e9ment am\u00e9lior\u00e9 le taux de survie des populations jeunes. Il r\u00e9sulte en effet de la baisse de la mortalit\u00e9 et plus pr\u00e9cis\u00e9ment des trois mortalit\u00e9s - la mortalit\u00e9 infantile, la mortalit\u00e9 maternelle et la mortalit\u00e9 des enfants-adolescents - une forte hausse des effectifs de jeunes adultes, qui fournit un potentiel migratoire plus \u00e9lev\u00e9 en quantit\u00e9 m\u00eame s'il ne l'est pas en proportion. Or il l'est \u00e9galement en proportion car cette p\u00e9riode correspond \u00e9galement \u00e0 celle o\u00f9 les effets du progr\u00e8s technique, notamment en agriculture, provoquent un bouleversement de march\u00e9 de l'emploi tandis que celui-ci devient de plus en plus tributaire des \u00e9volutions \u00e9conomiques marqu\u00e9es par des phases de forte offre d'emploi par les industries et par des phases de moindre demande.<\/p>\n<p style=\"text-align: justify;\">Il y a alors des co\u00efncidences entre les perturbations apport\u00e9es par certains aspects n\u00e9gatifs de la r\u00e9volution industrielle, l'accroissement du nombre des jeunes adultes permis par la baisse de la mortalit\u00e9 et le d\u00e9veloppement des possibilit\u00e9s de transport.<\/p>\n<h1 style=\"text-align: justify;\"><span class=\"ez-toc-section\" id=\"Le-triangle-magique\"><\/span><span style=\"font-size: 20px;\"><strong>Le triangle magique<\/strong><\/span><span class=\"ez-toc-section-end\"><\/span><\/h1>\n<p style=\"text-align: justify;\"><em><span style=\"color: #ffffff;\">.\u00a0\u00a0\u00a0\u00a0\u00a0\u00a0\u00a0\u00a0\u00a0<\/span>\u00a0\u00a0 <\/em>Ainsi appara\u00eet une sorte de <em>\u00ab triangle magique \u00bb<\/em> facilitant l'\u00e9migration avec la rencontre de chocs \u00e9conomiques (hausse de la productivit\u00e9, disparition d'entreprises traditionnelles qui n'embauchent plus, concentration industrielle conduisant \u00e0 resserrer l'offre d'emploi, phase de conjoncture peu favorable), de la r\u00e9volution d\u00e9mographique (baisse de la mortalit\u00e9 entra\u00eenant hausse de l'accroissement naturel) et des possibilit\u00e9s accrues de transport, plus particuli\u00e8rement par la voie maritime. Ce dernier point est essentiel, car au cours de cette p\u00e9riode ant\u00e9rieure \u00e0 l'apparition de l'aviation et particuli\u00e8rement l'aviation de masse, les taux d'\u00e9migration atteignent un degr\u00e9 plus \u00e9lev\u00e9 dans les pays maritimes par rapport aux pays continentaux. L'industrie navale s'adapte d'ailleurs tr\u00e8s rapidement, en nombre comme en tonnage des bateaux lanc\u00e9s, aux besoins qui se manifestent.<\/p>\n<p style=\"text-align: justify;\">Cette logique \u00e9conomico-d\u00e9mographique se constate m\u00eame dans un pays comme la France, qui a connu un sch\u00e9ma de transition d\u00e9mographique tr\u00e8s particulier, voire antinomique. La faible \u00e9migration fran\u00e7aise ne conna\u00eet une petite \u00e9l\u00e9vation que dans les ann\u00e9es 1880, une vingtaine d'ann\u00e9es apr\u00e8s le regain de natalit\u00e9 du Second Empire, alors que les effets de la r\u00e9volution industrielle sont tr\u00e8s sensibles. En analysant plus profond\u00e9ment les p\u00e9riodes d'\u00e9migration maximale dans chaque pays, le facteur \u00e9conomico-d\u00e9mographique se compl\u00e8te souvent d'un facteur politique ou politico-social. En effet, outre l'existence de g\u00e9n\u00e9rations plus nombreuses et le fait que des innovations \u00e9conomiques tendent \u00e0 engendrer des offres d'emploi diff\u00e9rentes ne correspondant plus \u00e0 la qualification de la main-d'oeuvre disponible, on constate souvent que des structures sociales rigides font obstacle \u00e0 la promotion des jeunes.<\/p>\n<h1 style=\"text-align: justify;\"><span class=\"ez-toc-section\" id=\"Les-pays-les-plus-attirants\"><\/span><span style=\"font-size: 20px;\"><strong>Les pays les plus attirants<\/strong><\/span><span class=\"ez-toc-section-end\"><\/span><\/h1>\n<p style=\"text-align: justify;\"><em><span style=\"color: #ffffff;\">.\u00a0\u00a0\u00a0\u00a0\u00a0\u00a0\u00a0\u00a0\u00a0\u00a0<\/span>\u00a0 <\/em>L'ensemble des causes de l'\u00e9migration va entra\u00eener entre 1821 et 1933, ces dates r\u00e9sultant des donn\u00e9es statistiques disponibles, une \u00e9migration consid\u00e9rable, particuli\u00e8rement vers les Am\u00e9riques. En effet, parmi les onze pays qui re\u00e7oivent pendant cette p\u00e9riode plus de 500 000 immigrants, quatre seulement ne sont pas am\u00e9ricains: l'Australie, l'Afrique du Sud, la Nouvelle-Z\u00e9lande et Maurice. Ils ont re\u00e7u 4 932 000 immigrants, soit une proportion limit\u00e9e, 8,71% du total, alors que les sept autres pays, tous en Am\u00e9rique, en ont re\u00e7u 51 856 000. Ces apports ont \u00e9t\u00e9 d'ailleurs tr\u00e8s in\u00e9galement r\u00e9partis, puisque les \u00c9tats-Unis se sont taill\u00e9s la part du lion avec 34 244 000 immigrants, soit 66% du total. Ensuite viennent l'Argentine (6 405 000), le Canada (5 906 000), le Br\u00e9sil (4 431 000), Cuba (857 000) et l'Uruguay (713 000).<\/p>\n<p style=\"text-align: justify;\">Si l'on rapporte ces flux d'immigration \u00e0 la population initiale, le classement est l\u00e9g\u00e8rement diff\u00e9rent puis qu'arrivent en t\u00eate, selon les estimations, l'Uruguay, dont les immigrants auraient repr\u00e9sent\u00e9 huit fois la population initiale, le Canada, 5,5 fois plus, l'Argentine, 5 fois plus comme les \u00c9tats-Unis, dont la population \u00e9tait estim\u00e9e en 1821 \u00e0 10 701 000 habitants. Le Br\u00e9sil et Cuba sont dans une situation un peu diff\u00e9rente. En effet, la population du Br\u00e9sil \u00e9tait estim\u00e9e en 1821 \u00e0 4 02800 et il a accueilli jusqu'en 1933 4 431 000 migrants transoc\u00e9aniques. Cette date de 1821 correspond \u00e0 un \u00e9v\u00e9nement politique majeur, puisque c'est en 1822 que fut proclam\u00e9e l'ind\u00e9pendance du Br\u00e9sil, qui s'accompagna d'un renouveau \u00e9conomique et d'une volont\u00e9 d'ouverture aux \u00e9trangers pour peupler ce vaste territoire et fournir de la main-d'oeuvre \u00e0 une nouvelle culture \u00e9conomique \u00e9voqu\u00e9e <em>supra<\/em>, la culture du caf\u00e9. La population de Cuba \u00e9tait estim\u00e9e \u00e0 1 587 000 \u00e2mes en 1901 ; l'immigration a augment\u00e9 ce chiffre de 54% entre 1908 et 1932.<\/p>\n<h1 style=\"text-align: justify;\"><span class=\"ez-toc-section\" id=\"Effets-indirects\"><\/span><span style=\"font-size: 20px;\"><strong>Effets indirects<\/strong><\/span><span class=\"ez-toc-section-end\"><\/span><\/h1>\n<p style=\"text-align: justify;\"><em><span style=\"color: #ffffff;\">.\u00a0\u00a0\u00a0\u00a0\u00a0\u00a0\u00a0<\/span>\u00a0\u00a0\u00a0\u00a0 <\/em>L'immigration a concouru \u00e0 la renaissance d\u00e9mographique de l'Am\u00e9rique par ses effets d\u00e9mographiques directs (apport de population) et par ses effets indirects. Les statistiques donnent souvent l'impression que l'accroissement d\u00e9mographique est la somme d'un solde naturel (natalit\u00e9 moins mortalit\u00e9) et d'un solde migratoire (immigrants moins \u00e9migrants), comme si ces ph\u00e9nom\u00e8nes \u00e9taient ind\u00e9pendants, comme si les apports migratoires \u00e9taient st\u00e9riles. Or il est \u00e9vident que le solde migratoire vient influencer le solde naturel au moins de deux fa\u00e7ons. D'une part, les immigrants apportent leur pouvoir ou leur d\u00e9sir de procr\u00e9ation et, <em>ceteris paribus<\/em>, concourent donc \u00e0 augmenter le nombre des naissances. D'autre part, m\u00eame s'ils augmentent le nombre des d\u00e9c\u00e8s, puisqu'ils sont comme la population <em>initiale<\/em> des mortels, ils ont souvent pour effet de diminuer les taux de mortalit\u00e9 car d'une part ils ont g\u00e9n\u00e9ralement une composition par \u00e2ge assez favorable (ce sont les jeunes qui s'expatrient) et d'autre part l'\u00e9migration a op\u00e9r\u00e9 in\u00e9vitablement une s\u00e9lection, car elle suppose un \u00e9tat de sant\u00e9 satisfaisant.<\/p>\n<p style=\"text-align: justify;\">Ainsi, lorsque des statistiques indiquent la part de l'immigration nette dans l'accroissement total de la population, ce chiffre n'est que partiel, car il faudrait y ajouter l'effet de l'immigration sur le solde naturel. <em>In fine<\/em>, il serait tout \u00e0 fait excessif de pr\u00e9tendre que l'Am\u00e9rique serait sous-peupl\u00e9e si elle n'avait pas b\u00e9n\u00e9fici\u00e9 de l'immigration. On peut en effet admettre que si sa population avait cru comme la moyenne des populations du monde, elle serait pass\u00e9e de 12 millions, chiffre estim\u00e9 pour 1750, \u00e0 86 millions en 1995, chiffre \u00e9videmment nettement inf\u00e9rieur aux 774 millions estim\u00e9s.<\/p>\n<p style=\"text-align: justify;\">Ce dernier chiffre est le fruit de l'immigration, avec les diff\u00e9rents facteurs politiques, \u00e9conomiques, d\u00e9mographiques, spatiaux, qui la d\u00e9terminent. On a vu qu'il ne peut se comprendre sans tenir compte de la transition d\u00e9mographique des pays d'origine et plus essentiellement des pays d'Europe. Mais il ne peut non plus se comprendre sans tenir compte \u00e9galement de la transition d\u00e9mographique propre aux pays d'Am\u00e9rique.<\/p>\n<p style=\"text-align: justify;\">En effet, les pays d'Am\u00e9rique ont connu, comme les autres, un processus de transition d\u00e9mographique avec des intensit\u00e9s et des dates diff\u00e9rentes selon les cas. Ce processus, comme on le sait, est mis en route par l'\u00e9volution de la mortalit\u00e9 qui baisse plus ou moins t\u00f4t et plus ou moins rapidement suivant les dates d'adoption et les syst\u00e8mes de diffusion de meilleures conditions d'hygi\u00e8ne et de techniques sanitaires plus \u00e9labor\u00e9es.<\/p>\n<h1 style=\"text-align: justify;\"><span class=\"ez-toc-section\" id=\"Lexemple-du-Mexique\"><\/span><span style=\"font-size: 20px;\"><strong>L&rsquo;exemple du Mexique<\/strong><\/span><span class=\"ez-toc-section-end\"><\/span><\/h1>\n<p style=\"text-align: justify;\"><em><span style=\"color: #ffffff;\">.\u00a0\u00a0\u00a0\u00a0\u00a0\u00a0\u00a0\u00a0\u00a0<\/span>\u00a0\u00a0 <\/em>Prenons l'exemple du Mexique, qui est le second pays de l'Am\u00e9rique latine par l'effectif de sa population (estim\u00e9e \u00e0 93,7 millions en 1995) apr\u00e8s le Br\u00e9sil (157,8 millions d'habitants) et le troisi\u00e8me de l'ensemble de l'Am\u00e9rique, les \u00c9tats-Unis (263,2 millions d'habitants) \u00e9tant le plus peupl\u00e9. Rappelons d'abord que le Mexique a \u00e9t\u00e9 un pays d'immigration, m\u00eame si les entr\u00e9es d'\u00e9trangers n'y ont jamais \u00e9t\u00e9 aussi massives qu'aux \u00c9tats-Unis, et m\u00eame si le poids d\u00e9mographique des populations indig\u00e8nes est toujours rest\u00e9 pr\u00e9pond\u00e9rant.<\/p>\n<p style=\"text-align: justify;\">Quelques indicateurs d\u00e9mographiques au cours du XXe si\u00e8cle montrent bien l'effet de la transition d\u00e9mographique. D'abord, le Mexique avant la transition, c'est-\u00e0-dire avant les ann\u00e9es 1930, conna\u00eet des variations erratiques de la natalit\u00e9 et de la mortalit\u00e9 qui sont l'une et l'autre de niveau \u00e9lev\u00e9, d\u00e9gageant un solde naturel tr\u00e8s l\u00e9g\u00e8rement positif, nul ou l\u00e9g\u00e8rement n\u00e9gatif selon les circonstances.<\/p>\n<p style=\"text-align: justify;\">Ainsi pendant les ann\u00e9es 1910, dans la p\u00e9riode de lutte arm\u00e9e de la R\u00e9volution, la natalit\u00e9 semble baisser en raison d'une forte surmortalit\u00e9 et effectivement, la population a diminu\u00e9, passant de 15 100 000 en 1910 \u00e0 14 800 000 en 1921. La baisse de la mortalit\u00e9 r\u00e9sultant de la diffusion de m\u00e9thodes sanitaires plus efficaces ne d\u00e9marre que dans les ann\u00e9es 1930 \u00e0 partir desquelles la mortalit\u00e9 tombe durablement au-dessous de 30 pour mille. La baisse va se poursuivre de fa\u00e7on continue au fil des ann\u00e9es et le taux de mortalit\u00e9 de 1995 est l'un des plus faibles du monde, avec cinq pour mille, niveau en baisse de 74% par rapport \u00e0 1945.<\/p>\n<p style=\"text-align: justify;\">Dans le m\u00eame temps, la mortalit\u00e9 infantile recule dans des proportions consid\u00e9rables, passant de 111 pour mille en 1945 \u00e0 34 en 1995. Autrement dit, en 1945, sur cent nouveau-n\u00e9s, onze d\u00e9c\u00e9daient avant d'atteindre l'\u00e2ge d'un an. Ces progr\u00e8s font faire un bond \u00e0 l'esp\u00e9rance de vie \u00e0 la naissance, qui \u00e9tait de 37 ans en 1930, atteignait 62 ans en 1962 et est pass\u00e9e \u00e0 72 ans en 1995. La long\u00e9vit\u00e9 moyenne esp\u00e9r\u00e9e pour les nouveau-n\u00e9s Mexicains a donc doubl\u00e9 en deux g\u00e9n\u00e9rations. C'est une \u00e9volution in\u00e9dite et consid\u00e9rable, qui a pour effet m\u00e9canique une augmentation de la population. Mais cette augmentation se r\u00e9v\u00e8le encore plus importante de fait que la natalit\u00e9 reste \u00e9lev\u00e9e jusque dans les ann\u00e9es 1960, alors que la mortalit\u00e9 \u00e9tait d\u00e9j\u00e0 nettement en baisse.<\/p>\n<p style=\"text-align: justify;\">L'accroissement naturel, qui avait m\u00eame \u00e9t\u00e9 n\u00e9gatif certaines ann\u00e9es du d\u00e9but du si\u00e8cle, semble atteindre un maximum dans les ann\u00e9es 1960, la mortalit\u00e9 ayant \u00e9t\u00e9 divis\u00e9e par trois depuis le d\u00e9but du si\u00e8cle.<\/p>\n<h1 style=\"text-align: justify;\"><span class=\"ez-toc-section\" id=\"Deceleration\"><\/span><span style=\"font-size: 20px;\"><strong>D\u00e9c\u00e9l\u00e9ration<\/strong><\/span><span class=\"ez-toc-section-end\"><\/span><\/h1>\n<p style=\"text-align: justify;\"><em><span style=\"color: #ffffff;\">.\u00a0\u00a0\u00a0\u00a0\u00a0<\/span>\u00a0\u00a0\u00a0\u00a0\u00a0\u00a0 <\/em>C'est dans les ann\u00e9es 1960 que le Mexique entre dans la phase de d\u00e9c\u00e9l\u00e9ration de l'accroissement naturel. La p\u00e9rennisation des conditions de mortalit\u00e9 finit par modifier \u00e0 la baisse la f\u00e9condit\u00e9 et la natalit\u00e9. Mais la f\u00e9condit\u00e9 baisse beaucoup plus vite que la natalit\u00e9. En effet, de 1965 \u00e0 1995, en une g\u00e9n\u00e9ration, la f\u00e9condit\u00e9 baisse exactement de moiti\u00e9 (de 6,2 \u00e0 3 enfants par femme). Dans le m\u00eame temps, la natalit\u00e9 baisse de 39%, de 44,1 \u00e0 27 pour mille, et le taux d'accroissement naturel de 36% (de 34,3 \u00e0 22 pour mille).<\/p>\n<p style=\"text-align: justify;\">C'est qu'il convient de tenir compte des ph\u00e9nom\u00e8nes de vitesse acquise si important en d\u00e9mographie. Nous sommes dans la situation d'un navire qui continue un certain temps sur sa lanc\u00e9e alors que le commandant a donn\u00e9 l'ordre d'arr\u00eater les machines.<\/p>\n<p style=\"text-align: justify;\">La f\u00e9condit\u00e9 a \u00e9t\u00e9 divis\u00e9e par deux, mais elle se rapporte \u00e0 des g\u00e9n\u00e9rations en \u00e2ge de procr\u00e9er plus nombreuses et la natalit\u00e9, nombre de naissances enregistr\u00e9es, baisse donc moins que la f\u00e9condit\u00e9, taux de naissances par rapport \u00e0 la population des femmes entre 15 et 50 ans. N\u00e9anmoins, la d\u00e9c\u00e9l\u00e9ration est tr\u00e8s nette. Dans une premi\u00e8re phase, le taux d'accroissement a diminu\u00e9, mais l'exc\u00e9dent annuel des naissances sur les d\u00e9c\u00e8s continuait d'augmenter parce que la natalit\u00e9 s'appliquait \u00e0 une population plus nombreuse et parce que la mortalit\u00e9 continuait \u00e0 diminuer.<\/p>\n<p style=\"text-align: justify;\">Une seconde phase est apparue dans les ann\u00e9es 1980, avec une baisse des exc\u00e9dents annuels des naissances sur les d\u00e9c\u00e8s. L'estimation 1985 donnait 3,260 millions. Celle de 1965 indique 2,350 millions. Ainsi se d\u00e9roule la logique de la transition d\u00e9mographique, avec l'\u00e9volution progressive de la population vers une phase de stabilisation \u00e0 un niveau tenant compte d'une long\u00e9vit\u00e9 beaucoup plus grande des habitants et des effets du rythme tr\u00e8s rapide de la transition d\u00e9mographique. On peut en effet consid\u00e9rer que la transition au Mexique, commenc\u00e9e dans les ann\u00e9es 1930, pourrait se terminer dans les ann\u00e9es 2010 avec un indice de f\u00e9condit\u00e9 au niveau du taux de simple remplacement des g\u00e9n\u00e9rations.<\/p>\n<p style=\"text-align: justify;\">Autrement dit, le Mexique parcourrait la transition d\u00e9mographique en trois quarts de si\u00e8cle, soit beaucoup plus rapidement que les pays d'Europe. Or une transition plus courte se traduit g\u00e9n\u00e9ralement par une diff\u00e9rence plus importante entre les effectifs de population atteint \u00e0 la fin de la transition et ceux constat\u00e9s au d\u00e9but de la transition, soit 16,6 millions pour le Mexique. Ce qu'on appelle le multiplicateur transitionnel serait alors de 7,5, soit un niveau sup\u00e9rieur \u00e0 celui des pays d'Europe et inf\u00e9rieur \u00e0 celui de pays \u00e0 transition tardive et intense.<\/p>\n<p style=\"text-align: justify;\">Cet exemple du Mexique montre que les croissances d\u00e9mographiques du XXe si\u00e8cle, si in\u00e9dites soient-elles, ne sont pas des ph\u00e9nom\u00e8nes incompr\u00e9hensibles, devant entra\u00eener des r\u00e9actions de peur, mais qu'elles r\u00e9sultent des progr\u00e8s intervenus dans la mortalit\u00e9 et la long\u00e9vit\u00e9.<\/p>\n<h1 style=\"text-align: justify;\"><span class=\"ez-toc-section\" id=\"Diversite-des-elements\"><\/span><span style=\"font-size: 20px;\"><strong>Diversit\u00e9 des \u00e9l\u00e9ments<\/strong><\/span><span class=\"ez-toc-section-end\"><\/span><\/h1>\n<p style=\"text-align: justify;\"><em><span style=\"color: #ffffff;\">.\u00a0\u00a0\u00a0<\/span>\u00a0\u00a0\u00a0\u00a0\u00a0\u00a0\u00a0\u00a0 <\/em>Si d\u00e9sormais on consid\u00e8re l'ensemble des 39 pays de l'Am\u00e9rique, on est frapp\u00e9 par leur consid\u00e9rable diversit\u00e9. Certes, la diversit\u00e9 des populations et des superficies est bien connue, entre les \u00c9tats-Unis avec 283,2 millions d'habitants et 9 363 387 km2 et Saint-Kitts-Nevis dans les Cara\u00efbes avec 40 000 habitants et 54 km2. De m\u00eame, les densit\u00e9s sont fort diff\u00e9rentes entre par exemple les Barbades (609 habitants\/km2), le Salvador (283 hab\/km2), et l'Argentine (13 hab\/km2) ou le Canada (3 hab\/km2).<\/p>\n<h1 style=\"text-align: justify;\"><span class=\"ez-toc-section\" id=\"Typologie\"><\/span><span style=\"font-size: 20px;\"><strong>Typologie<\/strong><\/span><span class=\"ez-toc-section-end\"><\/span><\/h1>\n<p style=\"text-align: justify;\"><em><span style=\"color: #ffffff;\">.\u00a0\u00a0\u00a0\u00a0\u00a0\u00a0<\/span>\u00a0\u00a0\u00a0\u00a0\u00a0 <\/em>De cette diversit\u00e9, peut-on extraire un essai de typologie permettant de situer l'\u00e9volution des pays d'Am\u00e9rique \u00e0 la fin du XXe si\u00e8cle? Quatre sortes de pays peuvent \u00eatre distingu\u00e9s: ceux qui ont termin\u00e9 leur transition d\u00e9mographique, c'est-\u00e0-dire dont le r\u00e9gime d\u00e9mographique est caract\u00e9ris\u00e9 par une faible mortalit\u00e9 et une faible f\u00e9condit\u00e9; ceux dont la transition est tr\u00e8s avanc\u00e9e, parce que la mortalit\u00e9 y a atteint un faible niveau, tandis que la f\u00e9condit\u00e9 a pris une nette orientation \u00e0 la baisse; ceux qui connaissent une transition d\u00e9mographique tardive, la mortalit\u00e9, certes, ayant fortement baiss\u00e9, mais l'importance de la f\u00e9condit\u00e9 conduisant \u00e0 enregistrer des taux d'accroissement relativement \u00e9lev\u00e9s; enfin un dernier type concerne les pays dont la transition se trouve dans une phase terminale.<\/p>\n<p style=\"text-align: justify;\">Les pays dont la transition est termin\u00e9e se caract\u00e9risent par une f\u00e9condit\u00e9 g\u00e9n\u00e9ralement inf\u00e9rieure \u00e0 2,2 enfants par femme, donc \u00e9gale ou inf\u00e9rieure au simple remplacement des g\u00e9n\u00e9rations, par une mortalit\u00e9 infantile tr\u00e8s faible, toujours inf\u00e9rieure \u00e0 25 pour mille, le plus souvent nettement inf\u00e9rieure puisqu'elle est par exemple de 7,0 au Canada et de 8,0 aux \u00c9tats-Unis, et par un taux d'accroissement naturel \u00e9gal ou inf\u00e9rieur \u00e0 1,5 pour mille et m\u00eame souvent inf\u00e9rieur \u00e0 1. Ce premier type concerne les deux pays de l'Am\u00e9rique du Nord, aucun pays de l'Am\u00e9rique centrale, huit pays des Cara\u00efbes (Antigua et Bermuda, Bahamas, Barbade, Cuba, Guadeloupe, Martinique, Antilles n\u00e9erlandaises, Puerto Rico).<\/p>\n<p style=\"text-align: justify;\">Dans l'ensemble de ces territoires, une autre caract\u00e9ristique g\u00e9n\u00e9rale est une tendance au vieillissement de la population, marqu\u00e9e par la baisse de la proportion des moins de vingt ans et la hausse de celle des personnes \u00e2g\u00e9es. Le rythme de ce vieillissement est fort diff\u00e9rent selon l'histoire d\u00e9mographique propre \u00e0 chaque pays, mais il pourrait, dans certaines r\u00e9gions, d\u00e9s\u00e9quilibrer la pyramide des \u00e2ges et entra\u00eener des cons\u00e9quences dommageables. Les \u00c9tats-Unis et le Canada, dont le processus de vieillissement est plus avanc\u00e9, le voient, il est vrai, ralenti sous l'effet d'une immigration ayant une f\u00e9condit\u00e9 plus \u00e9lev\u00e9e que celle des habitants d'origine.<\/p>\n<p style=\"text-align: justify;\">Un deuxi\u00e8me type de pays concerne des territoires o\u00f9 la transition d\u00e9mographique est en train de se terminer. Dans l'ensemble de ces pays, la f\u00e9condit\u00e9 a baiss\u00e9 jusqu'\u00e0 atteindre un niveau l\u00e9g\u00e8rement sup\u00e9rieur au remplacement des g\u00e9n\u00e9rations, entre 2,6 et 2,4 enfants par femme. Le taux d'accroissement naturel a nettement baiss\u00e9 et est g\u00e9n\u00e9ralement inf\u00e9rieur \u00e0 20 pour mille dans une phase descendante. S'il est encore \u00e0 20 pour mille en Jama\u00efque, c'est parce que le taux de mortalit\u00e9 est encore \u00e0 un niveau tr\u00e8s bas (6 pour mille), notamment en raison de la faible mortalit\u00e9 infantile. On trouve trois pays de ce type dans les Cara\u00efbes (Dominique, Jama\u00efque, Saint-Kitts Nevis) et trois en Am\u00e9rique du Sud (Guyane, Chili et Uruguay).<\/p>\n<h1 style=\"text-align: justify;\"><span class=\"ez-toc-section\" id=\"Transition-avancee-ou-tardive\"><\/span><span style=\"font-size: 20px;\"><strong>Transition avanc\u00e9e ou tardive<\/strong><\/span><span class=\"ez-toc-section-end\"><\/span><\/h1>\n<p style=\"text-align: justify;\"><em><span style=\"color: #ffffff;\">.\u00a0\u00a0\u00a0\u00a0\u00a0\u00a0\u00a0\u00a0\u00a0<\/span>\u00a0\u00a0 <\/em>En troisi\u00e8me lieu, il convient de consid\u00e9rer les pays \u00e0 transition avanc\u00e9e ou tr\u00e8s avanc\u00e9e. Ces pays ont un taux annuel d'accroissement naturel qui est pass\u00e9 au-dessous de 2,2 pour mille, sauf le Venezuela en raison de la structure par \u00e2ge et de la faible mortalit\u00e9 infantile (20,2 pour mille). Onze pays d'Am\u00e9rique sont de ce type, dont deux en Am\u00e9rique centrale (Costa Rica et Mexique), quatre dans les Cara\u00efbes (R\u00e9publique Dominicaine, Sainte-Lucie, Saint Vincent, Trinit\u00e9 et Tobago) et cinq en Am\u00e9rique du Sud (Argentine, Br\u00e9sil, Colombie, Surinam et Venezuela).<\/p>\n<p style=\"text-align: justify;\">L'Argentine pourrait presque \u00eatre consid\u00e9r\u00e9e comme en phase terminale compte tenu de son niveau de mortalit\u00e9 infantile (23,6 pour mille). N\u00e9anmoins, laissons l\u00e0 dans ce groupe puisqu'elle se situe bien dans les pays dont la f\u00e9condit\u00e9 s'est abaiss\u00e9e \u00e0 un niveau sans conteste au-dessus du taux de simple remplacement des g\u00e9n\u00e9rations, mais d\u00e9j\u00e0 inf\u00e9rieur \u00e0 3,5 enfants par femme, soit environ la moiti\u00e9 des niveaux constat\u00e9s dans le r\u00e9gime d\u00e9mographique ant\u00e9rieur \u00e0 la transition.<\/p>\n<p style=\"text-align: justify;\">Enfin restent les pays \u00e0 transition tardive, qui peut s'expliquer souvent par des retards dans le d\u00e9veloppement dus aux mauvais choix op\u00e9r\u00e9s par certains r\u00e9gimes politiques. Onze pays forment ce groupe, dont cinq en Am\u00e9rique centrale (Belize, Guatemala, Honduras, Nicaragua, Salvador), deux dans les Cara\u00efbes (Grenade, Ha\u00efti) et quatre en Am\u00e9rique du Sud (Bolivie, Equateur, Paraguay et P\u00e9rou. Ces pays ont enregistr\u00e9, certes, une diminution de leur mortalit\u00e9, de leur f\u00e9condit\u00e9 et de leur taux d'accroissement, mais ces taux sont encore, en 1995, \u00e0 un niveau assez \u00e9lev\u00e9, sup\u00e9rieur \u00e0 3,5 enfants par femme pour l'indice synth\u00e9tique de f\u00e9condit\u00e9 et \u00e0 2,3 pour mille pour le taux d'accroissement naturel.<\/p>\n<p style=\"text-align: justify;\">En outre, et ceci serait \u00e0 consid\u00e9rer en fait en premier, ces pays ont encore des progr\u00e8s significatifs \u00e0 effectuer en mati\u00e8re sanitaire car leur mortalit\u00e9 infantile est le plus souvent encore assez \u00e9lev\u00e9e. Elle est par exemple estim\u00e9e, pour 1995, \u00e0 74 pour mille \u00e0 Ha\u00efti, 71 en Bolivie, 60 au P\u00e9rou et 50 en Equateur.<\/p>\n<p style=\"text-align: justify;\">Ainsi, la situation est contrast\u00e9e selon les pays et le serait m\u00eame davantage que la typologie ci-dessus ne le montre, si l'on prenait en compte les donn\u00e9es d\u00e9mographiques au niveau infranational. Utiliser la formule <em>population du monde<\/em> est en fait une simplification car il y a dans le monde des populations vari\u00e9es, diff\u00e9rentes. De m\u00eame, il conviendrait de parler des populations de l'Am\u00e9rique et non de la population de l'Am\u00e9rique.<\/p>\n<h1 style=\"text-align: justify;\"><span class=\"ez-toc-section\" id=\"Population-et-developpement\"><\/span><span style=\"font-size: 20px;\"><strong>Population et d\u00e9veloppement<\/strong><\/span><span class=\"ez-toc-section-end\"><\/span><\/h1>\n<p style=\"text-align: justify;\"><em><span style=\"color: #ffffff;\">.\u00a0\u00a0\u00a0\u00a0\u00a0\u00a0\u00a0\u00a0\u00a0\u00a0<\/span>\u00a0 <\/em>La dynamique d\u00e9mographique sup\u00e9rieure de l'Am\u00e9rique latine est-elle un handicap dirimant pour le d\u00e9veloppement ? Cela n'est pas du tout certain au regard des progr\u00e8s r\u00e9alis\u00e9s par les efforts de la ressource humaine. Ainsi, lorsqu'on examine l'indicateur de d\u00e9veloppement humain compos\u00e9 de l'esp\u00e9rance de vie \u00e0 la naissance, du niveau d'\u00e9ducation et du niveau de revenu, la plupart des pays d'Am\u00e9rique latine figurent en bonne place. Par exemple, sur les 125 pays en d\u00e9veloppement consid\u00e9r\u00e9s, six pays sur les dix premiers sont d'Am\u00e9rique latine (Barbade, Bahamas, Costa Rica, Belize, Argentine et Chili). Le Mexique est class\u00e9 19e et le Br\u00e9sil 34e.<\/p>\n<p style=\"text-align: justify;\">Certes, l'Am\u00e9rique latine a encore du chemin \u00e0 parcourir sur la route du d\u00e9veloppement : 44% des habitants de la campagne et 10% des habitants des villes n'ont pas encore acc\u00e8s \u00e0 l'eau potable ; une vingtaine de millions de gar\u00e7ons et de filles n'ont pas acc\u00e8s \u00e0 l'enseignement secondaire; dans certaines m\u00e9tropoles latino-am\u00e9ricaines, plus de 100 000 enfants vivent dans la rue; du fait des guerres et troubles civils, le continent compte 150 000 r\u00e9fugi\u00e9s.<\/p>\n<p style=\"text-align: justify;\">Mais les progr\u00e8s ont \u00e9t\u00e9 tr\u00e8s importants: l'esp\u00e9rance de vie \u00e0 la naissance est \u00e0 90% du niveau enregistr\u00e9 dans les pays industriels, le taux cumul\u00e9 des inscriptions dans l'enseignement secondaire et sup\u00e9rieur a \u00e9t\u00e9 multipli\u00e9 par plus de huit, passant de 4 millions \u00e0 31 millions de lyc\u00e9ens entre 1960 et 1991. Le taux de mortalit\u00e9 infantile a baiss\u00e9 de plus de moiti\u00e9 de 1960 \u00e0 1992, passant de 105 \u00e0 45 d\u00e9c\u00e8s pour mille naissances vivantes.<\/p>\n<p style=\"text-align: justify;\">Quelles sont les perspectives? Compte tenu des logiques d\u00e9mographiques, le total des populations d'Am\u00e9rique devrait contenir \u00e0 cro\u00eetre, mais \u00e0 un rythme nettement inf\u00e9rieur \u00e0 celui enregistr\u00e9 dans la seconde moiti\u00e9 du XXe si\u00e8cle. Depuis 1990, le taux de croissance d\u00e9mographique de l'Am\u00e9rique s'est d\u00e9j\u00e0 abaiss\u00e9 \u00e0 19 pour mille (et sans doute moins compte tenu des imperfections statistiques), soit une diminution de 32% en une g\u00e9n\u00e9ration par rapport au taux de 27,8 pour mille enregistr\u00e9 pour la p\u00e9riode 1960-1965.<\/p>\n<h1 style=\"text-align: justify;\"><span class=\"ez-toc-section\" id=\"Perspectives\"><\/span><span style=\"font-size: 20px;\"><strong>Perspectives<\/strong><\/span><span class=\"ez-toc-section-end\"><\/span><\/h1>\n<p style=\"text-align: justify;\"><em><span style=\"color: #ffffff;\">.\u00a0\u00a0\u00a0\u00a0\u00a0\u00a0\u00a0\u00a0\u00a0<\/span>\u00a0\u00a0 <\/em>En fait, pour les trente premi\u00e8res ann\u00e9es du XXIe si\u00e8cle, et sous r\u00e9serve de changements structurels difficilement pr\u00e9visibles, l'Am\u00e9rique devrait, selon les pays, conna\u00eetre trois types d'\u00e9volution :<\/p>\n<p style=\"text-align: justify;\">- d'une part, celle des pays \u00e0 croissance tr\u00e8s ralentie, incluant l'Am\u00e9rique du Nord et les pays dont la transition semble en phase terminale comme le Chili ;<\/p>\n<p style=\"text-align: justify;\">- d'autre part, celle des pays \u00e0 croissance encore significative en d\u00e9pit d'une tr\u00e8s nette tendance \u00e0 la baisse. On peut d'ailleurs se demander si les r\u00e9alit\u00e9s ne sont pas au-dessous des estimations lorsque l'on constate les r\u00e9visions \u00e0 la baisse des projections qui avaient \u00e9t\u00e9 propos\u00e9es pour diff\u00e9rents pays d'Afrique ou pour la ville de Mexico. Plusieurs recensements ont d\u00e9menti les calculs informatiques qui n'envisageaient pas des baisses aussi rapides de la f\u00e9condit\u00e9. Sur les questions d\u00e9mographiques, le monde commet peut-\u00eatre une erreur semblable \u00e0 celle qui \u00e9tait r\u00e9guli\u00e8rement effectu\u00e9e dans les ann\u00e9es 1950. \u00c0 cette \u00e9poque, c'\u00e9tait l'importance de la baisse de la mortalit\u00e9 qui \u00e9tait sous-estim\u00e9e. Aujourd'hui, c'est l'importance et la rapidit\u00e9 de la baisse de la f\u00e9condit\u00e9 qui semble l'\u00eatre.<\/p>\n<p style=\"text-align: justify;\">Enfin, l\u00e0 o\u00f9 l'\u00e9volution \u00e0 la baisse de la mortalit\u00e9 infantile et\/ou de la f\u00e9condit\u00e9 est plus tardive ou plus lente, le taux de croissance pourrait rester plus longtemps assez \u00e9lev\u00e9, comme en Bolivie.<\/p>\n<p style=\"text-align: justify;\">Toutes ces analyses montrent qu'il convient de ne pas limiter ses connaissances d\u00e9mographiques aux \u00e0 peu pr\u00e8s ou aux sch\u00e9mas simplificateurs trop souvent pr\u00e9sent\u00e9s dans les m\u00e9dias. Toute \u00e9tude s\u00e9rieuse des questions de population conduit \u00e0 r\u00e9futer les propos h\u00e2tifs et les formules publicitaires annon\u00e7ant des catastrophes statistiques - mais pas celles que l'analyse faite de sang-froid permet d'entrevoir. Les histoires d\u00e9mographiques des pays s'inscrivent dans des logiques d\u00e9pendant des politiques de d\u00e9veloppement, de la capacit\u00e9 \u00e0 mobiliser la ressource humaine, des progr\u00e8s sanitaires, \u00e9conomiques et sociaux et des attitudes culturelles propres \u00e0 tel ou tel peuple. C'est pourquoi le XXIe si\u00e8cle laisse entrevoir une \u00e9volution commune \u00e0 la quasi-totalit\u00e9 des populations, et des \u00e9volutions semblables. Les traits communs r\u00e9sultent de la transition d\u00e9mographique qui annonce une diminution consid\u00e9rable des taux d'accroissement et peut-\u00eatre un vieillissement in\u00e9dit si les pays qui ont termin\u00e9 leur transition privil\u00e9gient un comportement malthusien. Dans ce cas, la question majeure du XXIe si\u00e8cle ne serait pas cette croissance souvent crainte, mais le vieillissement des populations.<\/p>\n<p style=\"text-align: justify;\">Quant aux \u00e9volutions dissemblables, elles r\u00e9sultent de la vari\u00e9t\u00e9 des mouvements naturels et des mouvements migratoires selon les territoires. Elles conduiront \u00e0 des diff\u00e9rences de rapports d'effectifs et de dynamiques d\u00e9mographiques qui auront des effets importants sur la d\u00e9mographie politique du XXIe si\u00e8cle.<\/p>\n<p style=\"text-align: justify;\">\n<\/div>\n<\/div><\/div><\/div><\/div><\/div><\/div><\/div>","protected":false},"excerpt":{"rendered":"<p>1492-2006 &#8211; L&rsquo;aventure d\u00e9mographique des Am\u00e9riques Herodote.net \u2013 Alain-G\u00e9rard Dumont \u2013 02 jun 2019 .\u00a0\u00a0\u00a0\u00a0\u00a0\u00a0\u00a0\u00a0\u00a0\u00a0\u00a0 De tous les continents, l&rsquo;Am\u00e9rique a v\u00e9cu la plus fantastique [&hellip;]<\/p>\n","protected":false},"author":1,"featured_media":27446,"comment_status":"open","ping_status":"open","sticky":false,"template":"post-templates\/post_full.php","format":"standard","meta":{"two_page_speed":[],"footnotes":""},"categories":[13],"tags":[],"class_list":["post-27444","post","type-post","status-publish","format-standard","has-post-thumbnail","hentry","category-la-voie-des-usa"],"yoast_head":"<!-- This site is optimized with the Yoast SEO plugin v27.5 - https:\/\/yoast.com\/product\/yoast-seo-wordpress\/ -->\n<title>1492-2006 - L&#039;aventure d\u00e9mographique des Am\u00e9riques Jumelage<\/title>\n<meta name=\"description\" content=\"De tous les continents, l&#039;Am\u00e9rique a v\u00e9cu la plus fantastique aventure d\u00e9mographique depuis le XVIIIe si\u00e8cle.\" \/>\n<meta name=\"robots\" content=\"index, follow, max-snippet:-1, max-image-preview:large, max-video-preview:-1\" \/>\n<link rel=\"canonical\" href=\"https:\/\/jumelage.org\/francais\/1492-2006-laventure-demographique-des-ameriques\/\" \/>\n<meta property=\"og:locale\" content=\"fr_FR\" \/>\n<meta property=\"og:type\" content=\"article\" \/>\n<meta property=\"og:title\" content=\"1492-2006 - L&#039;aventure d\u00e9mographique des Am\u00e9riques Jumelage\" \/>\n<meta property=\"og:description\" content=\"De tous les continents, l&#039;Am\u00e9rique a v\u00e9cu la plus fantastique aventure d\u00e9mographique depuis le XVIIIe si\u00e8cle.\" \/>\n<meta property=\"og:url\" content=\"https:\/\/jumelage.org\/francais\/1492-2006-laventure-demographique-des-ameriques\/\" \/>\n<meta property=\"og:site_name\" content=\"Jumelage\" \/>\n<meta property=\"article:publisher\" content=\"http:\/\/www.facebook.com\/jumelagew.sgl\/\" \/>\n<meta property=\"article:published_time\" content=\"2020-11-02T19:23:14+00:00\" \/>\n<meta property=\"article:modified_time\" content=\"2020-11-02T20:01:57+00:00\" \/>\n<meta property=\"og:image\" content=\"https:\/\/jumelage.org\/francais\/wp-content\/uploads\/2020\/11\/1492-Demographie.png\" \/>\n\t<meta property=\"og:image:width\" content=\"984\" \/>\n\t<meta property=\"og:image:height\" content=\"682\" \/>\n\t<meta property=\"og:image:type\" content=\"image\/png\" \/>\n<meta name=\"author\" content=\"JumSGLW\" \/>\n<meta name=\"twitter:card\" content=\"summary_large_image\" \/>\n<meta name=\"twitter:label1\" content=\"\u00c9crit par\" \/>\n\t<meta name=\"twitter:data1\" content=\"JumSGLW\" \/>\n\t<meta name=\"twitter:label2\" content=\"Dur\u00e9e de lecture estim\u00e9e\" \/>\n\t<meta name=\"twitter:data2\" content=\"30 minutes\" \/>\n<script type=\"application\/ld+json\" class=\"yoast-schema-graph\">{\"@context\":\"https:\\\/\\\/schema.org\",\"@graph\":[{\"@type\":\"Article\",\"@id\":\"https:\\\/\\\/jumelage.org\\\/francais\\\/1492-2006-laventure-demographique-des-ameriques\\\/#article\",\"isPartOf\":{\"@id\":\"https:\\\/\\\/jumelage.org\\\/francais\\\/1492-2006-laventure-demographique-des-ameriques\\\/\"},\"author\":{\"name\":\"JumSGLW\",\"@id\":\"https:\\\/\\\/jumelage.org\\\/francais\\\/#\\\/schema\\\/person\\\/74dafcd8c5dfbdc6c0bfb7efcd1020be\"},\"headline\":\"1492-2006 &#8211; L&rsquo;aventure d\u00e9mographique des Am\u00e9riques\",\"datePublished\":\"2020-11-02T19:23:14+00:00\",\"dateModified\":\"2020-11-02T20:01:57+00:00\",\"mainEntityOfPage\":{\"@id\":\"https:\\\/\\\/jumelage.org\\\/francais\\\/1492-2006-laventure-demographique-des-ameriques\\\/\"},\"wordCount\":5971,\"commentCount\":0,\"image\":{\"@id\":\"https:\\\/\\\/jumelage.org\\\/francais\\\/1492-2006-laventure-demographique-des-ameriques\\\/#primaryimage\"},\"thumbnailUrl\":\"https:\\\/\\\/jumelage.org\\\/francais\\\/wp-content\\\/uploads\\\/2020\\\/11\\\/1492-Demographie.png\",\"articleSection\":[\"La voie des USA\"],\"inLanguage\":\"fr-FR\",\"potentialAction\":[{\"@type\":\"CommentAction\",\"name\":\"Comment\",\"target\":[\"https:\\\/\\\/jumelage.org\\\/francais\\\/1492-2006-laventure-demographique-des-ameriques\\\/#respond\"]}]},{\"@type\":\"WebPage\",\"@id\":\"https:\\\/\\\/jumelage.org\\\/francais\\\/1492-2006-laventure-demographique-des-ameriques\\\/\",\"url\":\"https:\\\/\\\/jumelage.org\\\/francais\\\/1492-2006-laventure-demographique-des-ameriques\\\/\",\"name\":\"1492-2006 - L'aventure d\u00e9mographique des Am\u00e9riques Jumelage\",\"isPartOf\":{\"@id\":\"https:\\\/\\\/jumelage.org\\\/francais\\\/#website\"},\"primaryImageOfPage\":{\"@id\":\"https:\\\/\\\/jumelage.org\\\/francais\\\/1492-2006-laventure-demographique-des-ameriques\\\/#primaryimage\"},\"image\":{\"@id\":\"https:\\\/\\\/jumelage.org\\\/francais\\\/1492-2006-laventure-demographique-des-ameriques\\\/#primaryimage\"},\"thumbnailUrl\":\"https:\\\/\\\/jumelage.org\\\/francais\\\/wp-content\\\/uploads\\\/2020\\\/11\\\/1492-Demographie.png\",\"datePublished\":\"2020-11-02T19:23:14+00:00\",\"dateModified\":\"2020-11-02T20:01:57+00:00\",\"author\":{\"@id\":\"https:\\\/\\\/jumelage.org\\\/francais\\\/#\\\/schema\\\/person\\\/74dafcd8c5dfbdc6c0bfb7efcd1020be\"},\"description\":\"De tous les continents, l'Am\u00e9rique a v\u00e9cu la plus fantastique aventure d\u00e9mographique depuis le XVIIIe si\u00e8cle.\",\"breadcrumb\":{\"@id\":\"https:\\\/\\\/jumelage.org\\\/francais\\\/1492-2006-laventure-demographique-des-ameriques\\\/#breadcrumb\"},\"inLanguage\":\"fr-FR\",\"potentialAction\":[{\"@type\":\"ReadAction\",\"target\":[\"https:\\\/\\\/jumelage.org\\\/francais\\\/1492-2006-laventure-demographique-des-ameriques\\\/\"]}]},{\"@type\":\"ImageObject\",\"inLanguage\":\"fr-FR\",\"@id\":\"https:\\\/\\\/jumelage.org\\\/francais\\\/1492-2006-laventure-demographique-des-ameriques\\\/#primaryimage\",\"url\":\"https:\\\/\\\/jumelage.org\\\/francais\\\/wp-content\\\/uploads\\\/2020\\\/11\\\/1492-Demographie.png\",\"contentUrl\":\"https:\\\/\\\/jumelage.org\\\/francais\\\/wp-content\\\/uploads\\\/2020\\\/11\\\/1492-Demographie.png\",\"width\":984,\"height\":682},{\"@type\":\"BreadcrumbList\",\"@id\":\"https:\\\/\\\/jumelage.org\\\/francais\\\/1492-2006-laventure-demographique-des-ameriques\\\/#breadcrumb\",\"itemListElement\":[{\"@type\":\"ListItem\",\"position\":1,\"name\":\"Accueil\",\"item\":\"https:\\\/\\\/jumelage.org\\\/francais\\\/\"},{\"@type\":\"ListItem\",\"position\":2,\"name\":\"1492-2006 &#8211; L&rsquo;aventure d\u00e9mographique des Am\u00e9riques\"}]},{\"@type\":\"WebSite\",\"@id\":\"https:\\\/\\\/jumelage.org\\\/francais\\\/#website\",\"url\":\"https:\\\/\\\/jumelage.org\\\/francais\\\/\",\"name\":\"Jumelage\",\"description\":\"Saint-Germain-en-Laye &amp; Winchester (MA)\",\"potentialAction\":[{\"@type\":\"SearchAction\",\"target\":{\"@type\":\"EntryPoint\",\"urlTemplate\":\"https:\\\/\\\/jumelage.org\\\/francais\\\/?s={search_term_string}\"},\"query-input\":{\"@type\":\"PropertyValueSpecification\",\"valueRequired\":true,\"valueName\":\"search_term_string\"}}],\"inLanguage\":\"fr-FR\"},{\"@type\":\"Person\",\"@id\":\"https:\\\/\\\/jumelage.org\\\/francais\\\/#\\\/schema\\\/person\\\/74dafcd8c5dfbdc6c0bfb7efcd1020be\",\"name\":\"JumSGLW\",\"image\":{\"@type\":\"ImageObject\",\"inLanguage\":\"fr-FR\",\"@id\":\"https:\\\/\\\/secure.gravatar.com\\\/avatar\\\/3d3cad377d924d636d7d20ae9f968d4816d16114a561888c0a1668606eb9b7be?s=96&d=mm&r=g\",\"url\":\"https:\\\/\\\/secure.gravatar.com\\\/avatar\\\/3d3cad377d924d636d7d20ae9f968d4816d16114a561888c0a1668606eb9b7be?s=96&d=mm&r=g\",\"contentUrl\":\"https:\\\/\\\/secure.gravatar.com\\\/avatar\\\/3d3cad377d924d636d7d20ae9f968d4816d16114a561888c0a1668606eb9b7be?s=96&d=mm&r=g\",\"caption\":\"JumSGLW\"},\"url\":\"http:\\\/\\\/jumelage.org\\\/francais\\\/author\\\/jumsglw\\\/\"}]}<\/script>\n<!-- \/ Yoast SEO plugin. -->","yoast_head_json":{"title":"1492-2006 - L'aventure d\u00e9mographique des Am\u00e9riques Jumelage","description":"De tous les continents, l'Am\u00e9rique a v\u00e9cu la plus fantastique aventure d\u00e9mographique depuis le XVIIIe si\u00e8cle.","robots":{"index":"index","follow":"follow","max-snippet":"max-snippet:-1","max-image-preview":"max-image-preview:large","max-video-preview":"max-video-preview:-1"},"canonical":"https:\/\/jumelage.org\/francais\/1492-2006-laventure-demographique-des-ameriques\/","og_locale":"fr_FR","og_type":"article","og_title":"1492-2006 - L'aventure d\u00e9mographique des Am\u00e9riques Jumelage","og_description":"De tous les continents, l'Am\u00e9rique a v\u00e9cu la plus fantastique aventure d\u00e9mographique depuis le XVIIIe si\u00e8cle.","og_url":"https:\/\/jumelage.org\/francais\/1492-2006-laventure-demographique-des-ameriques\/","og_site_name":"Jumelage","article_publisher":"http:\/\/www.facebook.com\/jumelagew.sgl\/","article_published_time":"2020-11-02T19:23:14+00:00","article_modified_time":"2020-11-02T20:01:57+00:00","og_image":[{"width":984,"height":682,"url":"https:\/\/jumelage.org\/francais\/wp-content\/uploads\/2020\/11\/1492-Demographie.png","type":"image\/png"}],"author":"JumSGLW","twitter_card":"summary_large_image","twitter_misc":{"\u00c9crit par":"JumSGLW","Dur\u00e9e de lecture estim\u00e9e":"30 minutes"},"schema":{"@context":"https:\/\/schema.org","@graph":[{"@type":"Article","@id":"https:\/\/jumelage.org\/francais\/1492-2006-laventure-demographique-des-ameriques\/#article","isPartOf":{"@id":"https:\/\/jumelage.org\/francais\/1492-2006-laventure-demographique-des-ameriques\/"},"author":{"name":"JumSGLW","@id":"https:\/\/jumelage.org\/francais\/#\/schema\/person\/74dafcd8c5dfbdc6c0bfb7efcd1020be"},"headline":"1492-2006 &#8211; L&rsquo;aventure d\u00e9mographique des Am\u00e9riques","datePublished":"2020-11-02T19:23:14+00:00","dateModified":"2020-11-02T20:01:57+00:00","mainEntityOfPage":{"@id":"https:\/\/jumelage.org\/francais\/1492-2006-laventure-demographique-des-ameriques\/"},"wordCount":5971,"commentCount":0,"image":{"@id":"https:\/\/jumelage.org\/francais\/1492-2006-laventure-demographique-des-ameriques\/#primaryimage"},"thumbnailUrl":"https:\/\/jumelage.org\/francais\/wp-content\/uploads\/2020\/11\/1492-Demographie.png","articleSection":["La voie des USA"],"inLanguage":"fr-FR","potentialAction":[{"@type":"CommentAction","name":"Comment","target":["https:\/\/jumelage.org\/francais\/1492-2006-laventure-demographique-des-ameriques\/#respond"]}]},{"@type":"WebPage","@id":"https:\/\/jumelage.org\/francais\/1492-2006-laventure-demographique-des-ameriques\/","url":"https:\/\/jumelage.org\/francais\/1492-2006-laventure-demographique-des-ameriques\/","name":"1492-2006 - L'aventure d\u00e9mographique des Am\u00e9riques Jumelage","isPartOf":{"@id":"https:\/\/jumelage.org\/francais\/#website"},"primaryImageOfPage":{"@id":"https:\/\/jumelage.org\/francais\/1492-2006-laventure-demographique-des-ameriques\/#primaryimage"},"image":{"@id":"https:\/\/jumelage.org\/francais\/1492-2006-laventure-demographique-des-ameriques\/#primaryimage"},"thumbnailUrl":"https:\/\/jumelage.org\/francais\/wp-content\/uploads\/2020\/11\/1492-Demographie.png","datePublished":"2020-11-02T19:23:14+00:00","dateModified":"2020-11-02T20:01:57+00:00","author":{"@id":"https:\/\/jumelage.org\/francais\/#\/schema\/person\/74dafcd8c5dfbdc6c0bfb7efcd1020be"},"description":"De tous les continents, l'Am\u00e9rique a v\u00e9cu la plus fantastique aventure d\u00e9mographique depuis le XVIIIe si\u00e8cle.","breadcrumb":{"@id":"https:\/\/jumelage.org\/francais\/1492-2006-laventure-demographique-des-ameriques\/#breadcrumb"},"inLanguage":"fr-FR","potentialAction":[{"@type":"ReadAction","target":["https:\/\/jumelage.org\/francais\/1492-2006-laventure-demographique-des-ameriques\/"]}]},{"@type":"ImageObject","inLanguage":"fr-FR","@id":"https:\/\/jumelage.org\/francais\/1492-2006-laventure-demographique-des-ameriques\/#primaryimage","url":"https:\/\/jumelage.org\/francais\/wp-content\/uploads\/2020\/11\/1492-Demographie.png","contentUrl":"https:\/\/jumelage.org\/francais\/wp-content\/uploads\/2020\/11\/1492-Demographie.png","width":984,"height":682},{"@type":"BreadcrumbList","@id":"https:\/\/jumelage.org\/francais\/1492-2006-laventure-demographique-des-ameriques\/#breadcrumb","itemListElement":[{"@type":"ListItem","position":1,"name":"Accueil","item":"https:\/\/jumelage.org\/francais\/"},{"@type":"ListItem","position":2,"name":"1492-2006 &#8211; L&rsquo;aventure d\u00e9mographique des Am\u00e9riques"}]},{"@type":"WebSite","@id":"https:\/\/jumelage.org\/francais\/#website","url":"https:\/\/jumelage.org\/francais\/","name":"Jumelage","description":"Saint-Germain-en-Laye &amp; Winchester (MA)","potentialAction":[{"@type":"SearchAction","target":{"@type":"EntryPoint","urlTemplate":"https:\/\/jumelage.org\/francais\/?s={search_term_string}"},"query-input":{"@type":"PropertyValueSpecification","valueRequired":true,"valueName":"search_term_string"}}],"inLanguage":"fr-FR"},{"@type":"Person","@id":"https:\/\/jumelage.org\/francais\/#\/schema\/person\/74dafcd8c5dfbdc6c0bfb7efcd1020be","name":"JumSGLW","image":{"@type":"ImageObject","inLanguage":"fr-FR","@id":"https:\/\/secure.gravatar.com\/avatar\/3d3cad377d924d636d7d20ae9f968d4816d16114a561888c0a1668606eb9b7be?s=96&d=mm&r=g","url":"https:\/\/secure.gravatar.com\/avatar\/3d3cad377d924d636d7d20ae9f968d4816d16114a561888c0a1668606eb9b7be?s=96&d=mm&r=g","contentUrl":"https:\/\/secure.gravatar.com\/avatar\/3d3cad377d924d636d7d20ae9f968d4816d16114a561888c0a1668606eb9b7be?s=96&d=mm&r=g","caption":"JumSGLW"},"url":"http:\/\/jumelage.org\/francais\/author\/jumsglw\/"}]}},"_links":{"self":[{"href":"http:\/\/jumelage.org\/francais\/wp-json\/wp\/v2\/posts\/27444","targetHints":{"allow":["GET"]}}],"collection":[{"href":"http:\/\/jumelage.org\/francais\/wp-json\/wp\/v2\/posts"}],"about":[{"href":"http:\/\/jumelage.org\/francais\/wp-json\/wp\/v2\/types\/post"}],"author":[{"embeddable":true,"href":"http:\/\/jumelage.org\/francais\/wp-json\/wp\/v2\/users\/1"}],"replies":[{"embeddable":true,"href":"http:\/\/jumelage.org\/francais\/wp-json\/wp\/v2\/comments?post=27444"}],"version-history":[{"count":0,"href":"http:\/\/jumelage.org\/francais\/wp-json\/wp\/v2\/posts\/27444\/revisions"}],"wp:featuredmedia":[{"embeddable":true,"href":"http:\/\/jumelage.org\/francais\/wp-json\/wp\/v2\/media\/27446"}],"wp:attachment":[{"href":"http:\/\/jumelage.org\/francais\/wp-json\/wp\/v2\/media?parent=27444"}],"wp:term":[{"taxonomy":"category","embeddable":true,"href":"http:\/\/jumelage.org\/francais\/wp-json\/wp\/v2\/categories?post=27444"},{"taxonomy":"post_tag","embeddable":true,"href":"http:\/\/jumelage.org\/francais\/wp-json\/wp\/v2\/tags?post=27444"}],"curies":[{"name":"wp","href":"https:\/\/api.w.org\/{rel}","templated":true}]}}