{"id":26293,"date":"2020-05-13T20:17:40","date_gmt":"2020-05-13T18:17:40","guid":{"rendered":"http:\/\/jumelage.org\/francais\/?p=26293"},"modified":"2020-05-13T20:17:40","modified_gmt":"2020-05-13T18:17:40","slug":"les-amerindiens-et-la-grande-famine-irlandaise","status":"publish","type":"post","link":"http:\/\/jumelage.org\/francais\/les-amerindiens-et-la-grande-famine-irlandaise\/","title":{"rendered":"Les Am\u00e9rindiens et la Grande Famine irlandaise"},"content":{"rendered":"<div id=\"pl-26293\"  class=\"panel-layout\" ><div id=\"pg-26293-0\"  class=\"panel-grid panel-has-style\" ><div class=\"siteorigin-panels-stretch panel-row-style panel-row-style-for-26293-0\" style=\"padding: 0px 0; \" data-stretch-type=\"full\" data-overlay=\"true\" data-overlay-color=\"#000000\" ><div id=\"pgc-26293-0-0\"  class=\"panel-grid-cell\" ><div id=\"panel-26293-0-0-0\" class=\"so-panel widget widget_sow-editor panel-first-child panel-last-child\" data-index=\"0\" ><div style=\"text-align: left;\" data-title-color=\"#443f3f\" data-headings-color=\"#443f3f\" class=\"panel-widget-style panel-widget-style-for-26293-0-0-0\" ><div\n\t\t\t\n\t\t\tclass=\"so-widget-sow-editor so-widget-sow-editor-base\"\n\t\t\t\n\t\t>\n<div class=\"siteorigin-widget-tinymce textwidget\">\n\t<p style=\"text-align: center;\"><span style=\"text-decoration: underline;\"><span style=\"font-size: 20px;\"><strong>En m\u00e9moire de la Grande Famine, les Irlandais au secours des Am\u00e9rindiens touch\u00e9s par le Covid-19<\/strong><\/span><\/span><\/p>\n<pre style=\"text-align: justify;\"><span style=\"font-size: 14px;\"><em>Le Monde - Pierre Bouvier \u2013 06 mai 2020<\/em><\/span><\/pre>\n<p style=\"text-align: justify;\"><em><span style=\"color: #ffffff;\">.\u00a0\u00a0\u00a0\u00a0\u00a0\u00a0\u00a0<\/span>\u00a0\u00a0\u00a0 Il y a cent soixante-dix ans, la nation choctaw avait envoy\u00e9 de l\u2019argent en Irlande lors de la \u00ab famine de la pomme de terre \u00bb. Aujourd\u2019hui, les Irlandais se mobilisent pour aider des communaut\u00e9s navajo et hopi.<\/em><\/p>\n<p style=\"text-align: center;\"><em> <img decoding=\"async\" class=\"alignnone size-full wp-image-26296\" src=\"http:\/\/jumelage.org\/francais\/wp-content\/uploads\/2020\/05\/Famine-am\u00e9rindiens-1.jpg\" alt=\"\" width=\"654\" height=\"440\" srcset=\"https:\/\/jumelage.org\/francais\/wp-content\/uploads\/2020\/05\/Famine-am\u00e9rindiens-1.jpg 654w, https:\/\/jumelage.org\/francais\/wp-content\/uploads\/2020\/05\/Famine-am\u00e9rindiens-1-300x202.jpg 300w, https:\/\/jumelage.org\/francais\/wp-content\/uploads\/2020\/05\/Famine-am\u00e9rindiens-1-600x404.jpg 600w, https:\/\/jumelage.org\/francais\/wp-content\/uploads\/2020\/05\/Famine-am\u00e9rindiens-1-230x155.jpg 230w, https:\/\/jumelage.org\/francais\/wp-content\/uploads\/2020\/05\/Famine-am\u00e9rindiens-1-350x235.jpg 350w, https:\/\/jumelage.org\/francais\/wp-content\/uploads\/2020\/05\/Famine-am\u00e9rindiens-1-480x323.jpg 480w, https:\/\/jumelage.org\/francais\/wp-content\/uploads\/2020\/05\/Famine-am\u00e9rindiens-1-272x182.jpg 272w\" sizes=\"(max-width: 654px) 100vw, 654px\" \/><\/em><\/p>\n<p style=\"text-align: center;\"><span style=\"font-size: 14px;\"><em>Des automobilistes font la queue pour un d\u00e9pistage du Covid-19, \u00e0 Monument Valley (Utah), en territoire navajo, le 17\u00a0avril. <\/em><em>KRISTIN MURPHY \/ THE DESERT NEWS VIA AP<\/em><\/span><\/p>\n<p style=\"text-align: justify;\"><em><span style=\"color: #ffffff;\">.\u00a0\u00a0\u00a0\u00a0\u00a0\u00a0\u00a0\u00a0\u00a0\u00a0<\/span> \u00ab\u00a0Go raibh maith agat\u00a0\u00bb, \u00ab\u00a0Eire remembers. Mile buiochas\u00a0\u00bb, \u00ab\u00a0From Ireland, 170\u00a0years later, the favour is returned\u00a0!\u00a0\u00bb <\/em>ou encore<em> \u00ab\u00a0With love from Ireland\u00a0\u00bb<\/em>\u2026 Sur la page du site de collecte de fonds <em>GoFundMe<\/em> du <em>Navajo &amp;\u00a0Hopi Families Covid-19 Relief Fund<\/em>, les messages de soutien et d\u2019encouragement se succ\u00e8dent, en anglais et en ga\u00e9lique.<\/p>\n<p style=\"text-align: justify;\">Lanc\u00e9 le 18\u00a0mars par le <em>Rural Utah Project Education Fund<\/em>, ce fonds de secours fait appel au\u00a0financement participatif. Il est destin\u00e9 \u00e0 venir en aide aux familles des peuples am\u00e9rindiens d\u2019Am\u00e9rique du Nord navajo et hopi, tr\u00e8s durement touch\u00e9s par le Covid-19 en raison notamment de leurs conditions de vie tr\u00e8s pr\u00e9caires. La nation navajo a ainsi l\u2019un des plus hauts taux de pr\u00e9valence du Covid-19 des Etats-Unis. Mercredi 6\u00a0mai, les dons atteignaient plus de 2,6\u00a0millions de dollars (environ 2,4\u00a0millions d\u2019euros).<\/p>\n<p style=\"text-align: justify;\">Depuis quelques jours, nombre de ces donateurs ont des noms \u00e0 consonance irlandaise. <em>\u00ab\u00a0Plusieurs dons r\u00e9cents font r\u00e9f\u00e9rence \u00e0 la Grande Famine en Irlande de 1845\u00a0\u00bb,<\/em> remarque Vanessa Tulley, l\u2019une des animatrices de ce projet.<\/p>\n<p style=\"text-align: justify;\"><strong>Premi\u00e8re crise humanitaire m\u00e9diatis\u00e9e<\/strong><\/p>\n<p style=\"text-align: justify;\"><em><span style=\"color: #ffffff;\">.\u00a0\u00a0\u00a0\u00a0\u00a0<\/span>\u00a0\u00a0\u00a0\u00a0\u00a0 <\/em>Il y a un peu plus de cent soixante-dix\u00a0ans, l\u2019arriv\u00e9e du mildiou dans l\u2019\u00eele ravagea les cultures de pommes de terre, provoquant la mort d\u2019un million de personnes entre 1845 et 1852. Cette famine d\u00e9clencha une vague de d\u00e9parts sans pr\u00e9c\u00e9dent, notamment vers l\u2019Am\u00e9rique\u00a0: en dix\u00a0ans, l\u2019Irlande perdit un quart de sa population, chutant de 8 \u00e0 6\u00a0millions.<\/p>\n<p style=\"text-align: justify;\">Cette catastrophe eut des r\u00e9percussions jusqu\u2019aux Etats-Unis et provoqua un mouvement de solidarit\u00e9 peu connu. Cette famine fut en effet l\u2019une des premi\u00e8res crises humanitaires m\u00e9diatis\u00e9es. Des fonds afflu\u00e8rent de la garnison de Calcutta, en Inde, de la prison de Sing Sing (New York), d\u2019anciens esclaves britanniques de Jama\u00efque, de la Barbade ou de Saint-Christophe-et-Ni\u00e9v\u00e8s ou encore de condamn\u00e9s sur un navire-prison \u00e0 Londres. Mais \u00e9galement de peuples am\u00e9rindiens.<\/p>\n<p style=\"text-align: justify;\">En mars\u00a01847, la nation choctaw parvint ainsi \u00e0 r\u00e9unir 170\u00a0dollars (environ 4\u00a0500\u00a0euros d\u2019aujourd\u2019hui) pour aider les Irlandais. Ces fonds furent envoy\u00e9s d\u2019abord au <em>Memphis Irish Relief Committee<\/em>, puis au <em>General Irish Relief Committee<\/em> de la ville de New York, d\u2019o\u00f9 ils parvinrent en Irlande.<\/p>\n<p style=\"text-align: justify;\">Les Choctaw d\u00e9cid\u00e8rent de lancer cette collecte apr\u00e8s avoir eux-m\u00eames travers\u00e9 l\u2019\u00e9preuve de la <em>Piste des larmes<\/em> (\u00ab\u00a0<em>Trail of Tears<\/em>\u00a0\u00bb), qui d\u00e9signe leur expulsion forc\u00e9e entre 1831 et 1838 du Mississippi vers l\u2019Oklahoma, tandis que leurs terres \u00e9taient remises \u00e0 des colons europ\u00e9ens, en application de <em>l\u2019Indian Removal Act<\/em>.<\/p>\n<p style=\"text-align: justify;\"><strong>\u00ab\u00a0Nous sommes devenus des \u00e2mes s\u0153urs\u00a0\u00bb<\/strong><\/p>\n<p style=\"text-align: justify;\"><em><span style=\"color: #ffffff;\">.\u00a0\u00a0\u00a0\u00a0\u00a0\u00a0\u00a0\u00a0<\/span>\u00a0\u00a0 <\/em>Quelque cent soixante-dix\u00a0ans plus tard, des citoyens irlandais ont donc d\u00e9cid\u00e9 de venir en aide \u00e0 deux autres nations am\u00e9rindiennes d\u00e9vast\u00e9es par la pand\u00e9mie.<\/p>\n<p style=\"text-align: justify;\">Gary Batton, chef de la nation choctaw, a d\u00e9clar\u00e9 que sa tribu \u00e9tait <em>\u00ab\u00a0heureuse <\/em>\u2013<em> et pas du tout surprise <\/em>\u2013<em> d\u2019apprendre que les Irlandais<\/em> [venaient]<em> \u00e0 leur tour \u00e0 l\u2019aide des nations navajo et hopi<\/em>. <em>Nous sommes devenus des \u00e2mes s\u0153urs avec les Irlandais depuis la \u201cfamine de la pomme de terre\u201d.<\/em> <em>Nous esp\u00e9rons que les Irlandais, les Navajo et les Hopi d\u00e9velopperont des amiti\u00e9s <\/em><em>durables, comme nous l\u2019avons fait\u00a0\u00bb.<\/em><\/p>\n<p style=\"text-align: justify;\">Depuis, le lien entre l\u2019Irlande et les Indiens d\u2019Am\u00e9rique ne s\u2019est jamais distendu. En\u00a01919, Eamon de Valera, consid\u00e9r\u00e9 comme le \u00ab\u00a0p\u00e8re\u00a0\u00bb de la R\u00e9publique d\u2019Irlande, a \u00e9t\u00e9 nomm\u00e9 chef honoraire par la tribu des Ojibwa-Chippewa (qui vit entre le Michigan et le Montana, aux\u00a0Etats-Unis, et de l\u2019ouest du Qu\u00e9bec \u00e0 l\u2019est de l\u2019Ontario, au Canada), qui a vu en lui le <em>\u00ab\u00a0repr\u00e9sentant d\u2019une nation opprim\u00e9e \u00e0 une autre\u00a0\u00bb<\/em>.<\/p>\n<p style=\"text-align: center;\"><img decoding=\"async\" class=\"alignnone size-full wp-image-26295\" src=\"http:\/\/jumelage.org\/francais\/wp-content\/uploads\/2020\/05\/Famine-am\u00e9rindiens-2.jpg\" alt=\"\" width=\"305\" height=\"372\" srcset=\"https:\/\/jumelage.org\/francais\/wp-content\/uploads\/2020\/05\/Famine-am\u00e9rindiens-2.jpg 305w, https:\/\/jumelage.org\/francais\/wp-content\/uploads\/2020\/05\/Famine-am\u00e9rindiens-2-246x300.jpg 246w, https:\/\/jumelage.org\/francais\/wp-content\/uploads\/2020\/05\/Famine-am\u00e9rindiens-2-230x281.jpg 230w\" sizes=\"(max-width: 305px) 100vw, 305px\" \/><\/p>\n<p style=\"text-align: center;\"><span style=\"font-size: 14px;\"><em>E<\/em><em>amon de Valera portant une coiffe de c\u00e9r\u00e9monie am\u00e9rindienne. de Valera a \u00e9t\u00e9 nomm\u00e9 chef d'une tribu chippewa.<\/em><\/span><\/p>\n<p style=\"text-align: justify;\">Diarmaid Ferriter, historien \u00e0 l\u2019University College Dublin et auteur, avec l\u2019\u00e9crivain Colm Toibin, du livre <em>The Irish Famine<\/em>, rappelle que le souvenir du don des Choctaw a \u00e9t\u00e9 raviv\u00e9 lors de la c\u00e9l\u00e9bration du 150<sup>e\u00a0<\/sup>anniversaire de la Grande Famine, en\u00a01995. Mary Robinson, la pr\u00e9sidente de la R\u00e9publique d\u2019Irlande, avait alors rendu visite aux Choctaw pour les remercier.<\/p>\n<p style=\"text-align: justify;\">En\u00a02017, une grande sculpture en acier inoxydable a \u00e9t\u00e9 inaugur\u00e9e \u00e0 Midleton, dans le comt\u00e9 de Cork, en Irlande, appel\u00e9e <em>Kindred Spirits<\/em> (\u00ab\u00a0esprits fr\u00e8res\u00a0\u00bb), pour symboliser cette histoire commune. L\u2019ann\u00e9e suivante, le premier ministre irlandais, Leo Varadkar, s\u2019est \u00e9galement rendu en Oklahoma pour annoncer la mise en place d\u2019un programme de bourses permettant aux membres de la communaut\u00e9 choctaw de venir \u00e9tudier en Irlande. <em>\u00ab\u00a0La famine n\u2019a jamais \u00e9t\u00e9 oubli\u00e9e, et elle a rendu les Irlandais plus susceptibles de faire cause commune avec d\u2019autres personnes marginalis\u00e9es\u00a0\u00bb<\/em>, r\u00e9sume l\u2019historien.<\/p>\n<p style=\"text-align: justify;\">Vanessa Tulley, membre du Rural Utah Project Education Fund, a \u00e9crit le 3\u00a0mai sur la page <em>GoFundMe\u00a0<\/em>: <em>\u00ab\u00a0C\u2019est une p\u00e9riode sombre de l\u2019histoire pour notre nation <\/em>(\u2026).<em> Les actes de g\u00e9n\u00e9rosit\u00e9 de nos anc\u00eatres sont remerci\u00e9s pr\u00e8s de deux cents\u00a0ans plus tard.\u00a0\u00bb<\/em><\/p>\n<p style=\"text-align: justify;\"><strong>Les Am\u00e9rindiens s\u00e9v\u00e8rement touch\u00e9s par la pand\u00e9mie<\/strong><\/p>\n<p style=\"text-align: justify;\"><span style=\"color: #ffffff;\"><em>.\u00a0\u00a0\u00a0\u00a0\u00a0\u00a0\u00a0\u00a0\u00a0\u00a0 <\/em><\/span>Avec une population de 170.000\u00a0habitants, la nation navajo a enregistr\u00e9 2\u00a0474\u00a0cas et 73\u00a0d\u00e9c\u00e8s confirm\u00e9s, d\u00e9but mai 2020, dus au coronavirus et les autorit\u00e9s craignent que le pic des infections ne soit encore \u00e0 venir. Selon les \u00e9pid\u00e9miologistes, la forte pr\u00e9valence de maladies comme l\u2019asthme, les pathologies cardiaques, l\u2019hypertension et le diab\u00e8te, la raret\u00e9 de l\u2019eau courante \u2013 les nappes phr\u00e9atiques ont \u00e9t\u00e9 pollu\u00e9es par l\u2019extraction de l\u2019uranium qui a servi \u00e0 b\u00e2tir l\u2019arsenal nucl\u00e9aire des Etats-Unis \u2013 et la cohabitation au sein de chaque foyer de plusieurs g\u00e9n\u00e9rations ont permis au virus de se propager avec une rapidit\u00e9 exceptionnelle.<\/p>\n<p style=\"text-align: center;\"><img decoding=\"async\" class=\"alignnone  wp-image-26294\" src=\"http:\/\/jumelage.org\/francais\/wp-content\/uploads\/2020\/05\/Famine-am\u00e9rindiens-3.jpg\" alt=\"\" width=\"737\" height=\"354\" srcset=\"https:\/\/jumelage.org\/francais\/wp-content\/uploads\/2020\/05\/Famine-am\u00e9rindiens-3.jpg 662w, https:\/\/jumelage.org\/francais\/wp-content\/uploads\/2020\/05\/Famine-am\u00e9rindiens-3-300x144.jpg 300w, https:\/\/jumelage.org\/francais\/wp-content\/uploads\/2020\/05\/Famine-am\u00e9rindiens-3-600x288.jpg 600w, https:\/\/jumelage.org\/francais\/wp-content\/uploads\/2020\/05\/Famine-am\u00e9rindiens-3-230x110.jpg 230w, https:\/\/jumelage.org\/francais\/wp-content\/uploads\/2020\/05\/Famine-am\u00e9rindiens-3-350x168.jpg 350w, https:\/\/jumelage.org\/francais\/wp-content\/uploads\/2020\/05\/Famine-am\u00e9rindiens-3-480x231.jpg 480w\" sizes=\"(max-width: 737px) 100vw, 737px\" \/><\/p>\n<p style=\"text-align: center;\"><span style=\"font-size: 14px;\"><em>Une op\u00e9ration de d\u00e9pistage du Covid-19, \u00e0 Monument Valley (Utah), en territoire navajo, le 17\u00a0avril. Kristin Murphy \/ AP<\/em><\/span><\/p>\n<p style=\"text-align: justify;\">La collecte de ces fonds doit permettre la mise en place d\u2019un r\u00e9seau de points de distribution de nourriture, d\u2019eau et de savon, et des fournitures qui sont essentielles, 38\u00a0% des habitants de la r\u00e9serve vivant sous le seuil de pauvret\u00e9.<\/p>\n<p style=\"text-align: justify;\">Au-del\u00e0 des communaut\u00e9s navajo et hopi, le <em>Guardian<\/em> rapporte que dans de nombreux Etats les Am\u00e9rindiens ne sont pas comptabilis\u00e9s dans les statistiques d\u00e9mographiques mesurant l\u2019impact du Covid-19 sur les communaut\u00e9s\u00a0: ils n\u2019entrent pas dans une cat\u00e9gorie sp\u00e9cifique comme les Blancs, Noirs, Latinos ou Asiatiques, mais dans la cat\u00e9gorie \u00ab\u00a0autres\u00a0\u00bb.<\/p>\n<p style=\"text-align: justify;\">Les services de sant\u00e9 de l\u2019Arizona ont rapport\u00e9 que les Am\u00e9rindiens repr\u00e9sentaient 16\u00a0% des d\u00e9c\u00e8s li\u00e9s au Covid-19 dans l\u2019Etat, bien qu\u2019ils n\u2019y repr\u00e9sentent que 6\u00a0% de la population. Au Nouveau-Mexique, les Am\u00e9rindiens repr\u00e9sentent moins de 10\u00a0% de la population mais plus du tiers des cas de Covid-19. NBC News rapporte par ailleurs que le Seattle Indian Health Board (Etat de Washington) a demand\u00e9 des tests au d\u00e9partement de sant\u00e9 publique de la ville et a re\u00e7u \u00e0 la place\u2026 des sacs mortuaires.<\/p>\n<p><strong>\u00a0<\/strong><\/p>\n<\/div>\n<\/div><\/div><\/div><\/div><\/div><\/div><\/div>","protected":false},"excerpt":{"rendered":"<p>En m\u00e9moire de la Grande Famine, les Irlandais au secours des Am\u00e9rindiens touch\u00e9s par le Covid-19 Le Monde &#8211; Pierre Bouvier \u2013 06 mai 2020 [&hellip;]<\/p>\n","protected":false},"author":1,"featured_media":26295,"comment_status":"open","ping_status":"open","sticky":false,"template":"post-templates\/post_full.php","format":"standard","meta":{"two_page_speed":[],"footnotes":""},"categories":[8],"tags":[],"class_list":["post-26293","post","type-post","status-publish","format-standard","has-post-thumbnail","hentry","category-only-in-the-usa"],"yoast_head":"<!-- This site is optimized with the Yoast SEO plugin v27.5 - https:\/\/yoast.com\/product\/yoast-seo-wordpress\/ -->\n<title>Les Am\u00e9rindiens et la Grande Famine irlandaise Jumelage<\/title>\n<meta name=\"description\" content=\"Il y a cent soixante-dix ans, la nation choctaw avait envoy\u00e9 de l\u2019argent en Irlande lors de la \u00ab famine de la pomme de terre \u00bb. Les Irlandais se mobilisent pour aider des communaut\u00e9s navajo et hopi.\" \/>\n<meta name=\"robots\" content=\"index, follow, max-snippet:-1, max-image-preview:large, max-video-preview:-1\" \/>\n<link rel=\"canonical\" href=\"https:\/\/jumelage.org\/francais\/les-amerindiens-et-la-grande-famine-irlandaise\/\" \/>\n<meta property=\"og:locale\" content=\"fr_FR\" \/>\n<meta property=\"og:type\" content=\"article\" \/>\n<meta property=\"og:title\" content=\"Les Am\u00e9rindiens et la Grande Famine irlandaise Jumelage\" \/>\n<meta property=\"og:description\" content=\"Il y a cent soixante-dix ans, la nation choctaw avait envoy\u00e9 de l\u2019argent en Irlande lors de la \u00ab famine de la pomme de terre \u00bb. Les Irlandais se mobilisent pour aider des communaut\u00e9s navajo et hopi.\" \/>\n<meta property=\"og:url\" content=\"https:\/\/jumelage.org\/francais\/les-amerindiens-et-la-grande-famine-irlandaise\/\" \/>\n<meta property=\"og:site_name\" content=\"Jumelage\" \/>\n<meta property=\"article:publisher\" content=\"http:\/\/www.facebook.com\/jumelagew.sgl\/\" \/>\n<meta property=\"article:published_time\" content=\"2020-05-13T18:17:40+00:00\" \/>\n<meta property=\"og:image\" content=\"https:\/\/jumelage.org\/francais\/wp-content\/uploads\/2020\/05\/Famine-am\u00e9rindiens-2.jpg\" \/>\n\t<meta property=\"og:image:width\" content=\"305\" \/>\n\t<meta property=\"og:image:height\" content=\"372\" \/>\n\t<meta property=\"og:image:type\" content=\"image\/jpeg\" \/>\n<meta name=\"author\" content=\"JumSGLW\" \/>\n<meta name=\"twitter:card\" content=\"summary_large_image\" \/>\n<meta name=\"twitter:label1\" content=\"\u00c9crit par\" \/>\n\t<meta name=\"twitter:data1\" content=\"JumSGLW\" \/>\n\t<meta name=\"twitter:label2\" content=\"Dur\u00e9e de lecture estim\u00e9e\" \/>\n\t<meta name=\"twitter:data2\" content=\"7 minutes\" \/>\n<script type=\"application\/ld+json\" class=\"yoast-schema-graph\">{\"@context\":\"https:\\\/\\\/schema.org\",\"@graph\":[{\"@type\":\"Article\",\"@id\":\"https:\\\/\\\/jumelage.org\\\/francais\\\/les-amerindiens-et-la-grande-famine-irlandaise\\\/#article\",\"isPartOf\":{\"@id\":\"https:\\\/\\\/jumelage.org\\\/francais\\\/les-amerindiens-et-la-grande-famine-irlandaise\\\/\"},\"author\":{\"name\":\"JumSGLW\",\"@id\":\"https:\\\/\\\/jumelage.org\\\/francais\\\/#\\\/schema\\\/person\\\/74dafcd8c5dfbdc6c0bfb7efcd1020be\"},\"headline\":\"Les Am\u00e9rindiens et la Grande Famine irlandaise\",\"datePublished\":\"2020-05-13T18:17:40+00:00\",\"mainEntityOfPage\":{\"@id\":\"https:\\\/\\\/jumelage.org\\\/francais\\\/les-amerindiens-et-la-grande-famine-irlandaise\\\/\"},\"wordCount\":1306,\"commentCount\":0,\"image\":{\"@id\":\"https:\\\/\\\/jumelage.org\\\/francais\\\/les-amerindiens-et-la-grande-famine-irlandaise\\\/#primaryimage\"},\"thumbnailUrl\":\"https:\\\/\\\/jumelage.org\\\/francais\\\/wp-content\\\/uploads\\\/2020\\\/05\\\/Famine-am\u00e9rindiens-2.jpg\",\"articleSection\":[\"Only in the USA\"],\"inLanguage\":\"fr-FR\",\"potentialAction\":[{\"@type\":\"CommentAction\",\"name\":\"Comment\",\"target\":[\"https:\\\/\\\/jumelage.org\\\/francais\\\/les-amerindiens-et-la-grande-famine-irlandaise\\\/#respond\"]}]},{\"@type\":\"WebPage\",\"@id\":\"https:\\\/\\\/jumelage.org\\\/francais\\\/les-amerindiens-et-la-grande-famine-irlandaise\\\/\",\"url\":\"https:\\\/\\\/jumelage.org\\\/francais\\\/les-amerindiens-et-la-grande-famine-irlandaise\\\/\",\"name\":\"Les Am\u00e9rindiens et la Grande Famine irlandaise Jumelage\",\"isPartOf\":{\"@id\":\"https:\\\/\\\/jumelage.org\\\/francais\\\/#website\"},\"primaryImageOfPage\":{\"@id\":\"https:\\\/\\\/jumelage.org\\\/francais\\\/les-amerindiens-et-la-grande-famine-irlandaise\\\/#primaryimage\"},\"image\":{\"@id\":\"https:\\\/\\\/jumelage.org\\\/francais\\\/les-amerindiens-et-la-grande-famine-irlandaise\\\/#primaryimage\"},\"thumbnailUrl\":\"https:\\\/\\\/jumelage.org\\\/francais\\\/wp-content\\\/uploads\\\/2020\\\/05\\\/Famine-am\u00e9rindiens-2.jpg\",\"datePublished\":\"2020-05-13T18:17:40+00:00\",\"author\":{\"@id\":\"https:\\\/\\\/jumelage.org\\\/francais\\\/#\\\/schema\\\/person\\\/74dafcd8c5dfbdc6c0bfb7efcd1020be\"},\"description\":\"Il y a cent soixante-dix ans, la nation choctaw avait envoy\u00e9 de l\u2019argent en Irlande lors de la \u00ab famine de la pomme de terre \u00bb. Les Irlandais se mobilisent pour aider des communaut\u00e9s navajo et hopi.\",\"breadcrumb\":{\"@id\":\"https:\\\/\\\/jumelage.org\\\/francais\\\/les-amerindiens-et-la-grande-famine-irlandaise\\\/#breadcrumb\"},\"inLanguage\":\"fr-FR\",\"potentialAction\":[{\"@type\":\"ReadAction\",\"target\":[\"https:\\\/\\\/jumelage.org\\\/francais\\\/les-amerindiens-et-la-grande-famine-irlandaise\\\/\"]}]},{\"@type\":\"ImageObject\",\"inLanguage\":\"fr-FR\",\"@id\":\"https:\\\/\\\/jumelage.org\\\/francais\\\/les-amerindiens-et-la-grande-famine-irlandaise\\\/#primaryimage\",\"url\":\"https:\\\/\\\/jumelage.org\\\/francais\\\/wp-content\\\/uploads\\\/2020\\\/05\\\/Famine-am\u00e9rindiens-2.jpg\",\"contentUrl\":\"https:\\\/\\\/jumelage.org\\\/francais\\\/wp-content\\\/uploads\\\/2020\\\/05\\\/Famine-am\u00e9rindiens-2.jpg\",\"width\":305,\"height\":372},{\"@type\":\"BreadcrumbList\",\"@id\":\"https:\\\/\\\/jumelage.org\\\/francais\\\/les-amerindiens-et-la-grande-famine-irlandaise\\\/#breadcrumb\",\"itemListElement\":[{\"@type\":\"ListItem\",\"position\":1,\"name\":\"Accueil\",\"item\":\"https:\\\/\\\/jumelage.org\\\/francais\\\/\"},{\"@type\":\"ListItem\",\"position\":2,\"name\":\"Les Am\u00e9rindiens et la Grande Famine irlandaise\"}]},{\"@type\":\"WebSite\",\"@id\":\"https:\\\/\\\/jumelage.org\\\/francais\\\/#website\",\"url\":\"https:\\\/\\\/jumelage.org\\\/francais\\\/\",\"name\":\"Jumelage\",\"description\":\"Saint-Germain-en-Laye &amp; Winchester (MA)\",\"potentialAction\":[{\"@type\":\"SearchAction\",\"target\":{\"@type\":\"EntryPoint\",\"urlTemplate\":\"https:\\\/\\\/jumelage.org\\\/francais\\\/?s={search_term_string}\"},\"query-input\":{\"@type\":\"PropertyValueSpecification\",\"valueRequired\":true,\"valueName\":\"search_term_string\"}}],\"inLanguage\":\"fr-FR\"},{\"@type\":\"Person\",\"@id\":\"https:\\\/\\\/jumelage.org\\\/francais\\\/#\\\/schema\\\/person\\\/74dafcd8c5dfbdc6c0bfb7efcd1020be\",\"name\":\"JumSGLW\",\"image\":{\"@type\":\"ImageObject\",\"inLanguage\":\"fr-FR\",\"@id\":\"https:\\\/\\\/secure.gravatar.com\\\/avatar\\\/3d3cad377d924d636d7d20ae9f968d4816d16114a561888c0a1668606eb9b7be?s=96&d=mm&r=g\",\"url\":\"https:\\\/\\\/secure.gravatar.com\\\/avatar\\\/3d3cad377d924d636d7d20ae9f968d4816d16114a561888c0a1668606eb9b7be?s=96&d=mm&r=g\",\"contentUrl\":\"https:\\\/\\\/secure.gravatar.com\\\/avatar\\\/3d3cad377d924d636d7d20ae9f968d4816d16114a561888c0a1668606eb9b7be?s=96&d=mm&r=g\",\"caption\":\"JumSGLW\"},\"url\":\"http:\\\/\\\/jumelage.org\\\/francais\\\/author\\\/jumsglw\\\/\"}]}<\/script>\n<!-- \/ Yoast SEO plugin. -->","yoast_head_json":{"title":"Les Am\u00e9rindiens et la Grande Famine irlandaise Jumelage","description":"Il y a cent soixante-dix ans, la nation choctaw avait envoy\u00e9 de l\u2019argent en Irlande lors de la \u00ab famine de la pomme de terre \u00bb. Les Irlandais se mobilisent pour aider des communaut\u00e9s navajo et hopi.","robots":{"index":"index","follow":"follow","max-snippet":"max-snippet:-1","max-image-preview":"max-image-preview:large","max-video-preview":"max-video-preview:-1"},"canonical":"https:\/\/jumelage.org\/francais\/les-amerindiens-et-la-grande-famine-irlandaise\/","og_locale":"fr_FR","og_type":"article","og_title":"Les Am\u00e9rindiens et la Grande Famine irlandaise Jumelage","og_description":"Il y a cent soixante-dix ans, la nation choctaw avait envoy\u00e9 de l\u2019argent en Irlande lors de la \u00ab famine de la pomme de terre \u00bb. Les Irlandais se mobilisent pour aider des communaut\u00e9s navajo et hopi.","og_url":"https:\/\/jumelage.org\/francais\/les-amerindiens-et-la-grande-famine-irlandaise\/","og_site_name":"Jumelage","article_publisher":"http:\/\/www.facebook.com\/jumelagew.sgl\/","article_published_time":"2020-05-13T18:17:40+00:00","og_image":[{"width":305,"height":372,"url":"https:\/\/jumelage.org\/francais\/wp-content\/uploads\/2020\/05\/Famine-am\u00e9rindiens-2.jpg","type":"image\/jpeg"}],"author":"JumSGLW","twitter_card":"summary_large_image","twitter_misc":{"\u00c9crit par":"JumSGLW","Dur\u00e9e de lecture estim\u00e9e":"7 minutes"},"schema":{"@context":"https:\/\/schema.org","@graph":[{"@type":"Article","@id":"https:\/\/jumelage.org\/francais\/les-amerindiens-et-la-grande-famine-irlandaise\/#article","isPartOf":{"@id":"https:\/\/jumelage.org\/francais\/les-amerindiens-et-la-grande-famine-irlandaise\/"},"author":{"name":"JumSGLW","@id":"https:\/\/jumelage.org\/francais\/#\/schema\/person\/74dafcd8c5dfbdc6c0bfb7efcd1020be"},"headline":"Les Am\u00e9rindiens et la Grande Famine irlandaise","datePublished":"2020-05-13T18:17:40+00:00","mainEntityOfPage":{"@id":"https:\/\/jumelage.org\/francais\/les-amerindiens-et-la-grande-famine-irlandaise\/"},"wordCount":1306,"commentCount":0,"image":{"@id":"https:\/\/jumelage.org\/francais\/les-amerindiens-et-la-grande-famine-irlandaise\/#primaryimage"},"thumbnailUrl":"https:\/\/jumelage.org\/francais\/wp-content\/uploads\/2020\/05\/Famine-am\u00e9rindiens-2.jpg","articleSection":["Only in the USA"],"inLanguage":"fr-FR","potentialAction":[{"@type":"CommentAction","name":"Comment","target":["https:\/\/jumelage.org\/francais\/les-amerindiens-et-la-grande-famine-irlandaise\/#respond"]}]},{"@type":"WebPage","@id":"https:\/\/jumelage.org\/francais\/les-amerindiens-et-la-grande-famine-irlandaise\/","url":"https:\/\/jumelage.org\/francais\/les-amerindiens-et-la-grande-famine-irlandaise\/","name":"Les Am\u00e9rindiens et la Grande Famine irlandaise Jumelage","isPartOf":{"@id":"https:\/\/jumelage.org\/francais\/#website"},"primaryImageOfPage":{"@id":"https:\/\/jumelage.org\/francais\/les-amerindiens-et-la-grande-famine-irlandaise\/#primaryimage"},"image":{"@id":"https:\/\/jumelage.org\/francais\/les-amerindiens-et-la-grande-famine-irlandaise\/#primaryimage"},"thumbnailUrl":"https:\/\/jumelage.org\/francais\/wp-content\/uploads\/2020\/05\/Famine-am\u00e9rindiens-2.jpg","datePublished":"2020-05-13T18:17:40+00:00","author":{"@id":"https:\/\/jumelage.org\/francais\/#\/schema\/person\/74dafcd8c5dfbdc6c0bfb7efcd1020be"},"description":"Il y a cent soixante-dix ans, la nation choctaw avait envoy\u00e9 de l\u2019argent en Irlande lors de la \u00ab famine de la pomme de terre \u00bb. Les Irlandais se mobilisent pour aider des communaut\u00e9s navajo et hopi.","breadcrumb":{"@id":"https:\/\/jumelage.org\/francais\/les-amerindiens-et-la-grande-famine-irlandaise\/#breadcrumb"},"inLanguage":"fr-FR","potentialAction":[{"@type":"ReadAction","target":["https:\/\/jumelage.org\/francais\/les-amerindiens-et-la-grande-famine-irlandaise\/"]}]},{"@type":"ImageObject","inLanguage":"fr-FR","@id":"https:\/\/jumelage.org\/francais\/les-amerindiens-et-la-grande-famine-irlandaise\/#primaryimage","url":"https:\/\/jumelage.org\/francais\/wp-content\/uploads\/2020\/05\/Famine-am\u00e9rindiens-2.jpg","contentUrl":"https:\/\/jumelage.org\/francais\/wp-content\/uploads\/2020\/05\/Famine-am\u00e9rindiens-2.jpg","width":305,"height":372},{"@type":"BreadcrumbList","@id":"https:\/\/jumelage.org\/francais\/les-amerindiens-et-la-grande-famine-irlandaise\/#breadcrumb","itemListElement":[{"@type":"ListItem","position":1,"name":"Accueil","item":"https:\/\/jumelage.org\/francais\/"},{"@type":"ListItem","position":2,"name":"Les Am\u00e9rindiens et la Grande Famine irlandaise"}]},{"@type":"WebSite","@id":"https:\/\/jumelage.org\/francais\/#website","url":"https:\/\/jumelage.org\/francais\/","name":"Jumelage","description":"Saint-Germain-en-Laye &amp; Winchester (MA)","potentialAction":[{"@type":"SearchAction","target":{"@type":"EntryPoint","urlTemplate":"https:\/\/jumelage.org\/francais\/?s={search_term_string}"},"query-input":{"@type":"PropertyValueSpecification","valueRequired":true,"valueName":"search_term_string"}}],"inLanguage":"fr-FR"},{"@type":"Person","@id":"https:\/\/jumelage.org\/francais\/#\/schema\/person\/74dafcd8c5dfbdc6c0bfb7efcd1020be","name":"JumSGLW","image":{"@type":"ImageObject","inLanguage":"fr-FR","@id":"https:\/\/secure.gravatar.com\/avatar\/3d3cad377d924d636d7d20ae9f968d4816d16114a561888c0a1668606eb9b7be?s=96&d=mm&r=g","url":"https:\/\/secure.gravatar.com\/avatar\/3d3cad377d924d636d7d20ae9f968d4816d16114a561888c0a1668606eb9b7be?s=96&d=mm&r=g","contentUrl":"https:\/\/secure.gravatar.com\/avatar\/3d3cad377d924d636d7d20ae9f968d4816d16114a561888c0a1668606eb9b7be?s=96&d=mm&r=g","caption":"JumSGLW"},"url":"http:\/\/jumelage.org\/francais\/author\/jumsglw\/"}]}},"_links":{"self":[{"href":"http:\/\/jumelage.org\/francais\/wp-json\/wp\/v2\/posts\/26293","targetHints":{"allow":["GET"]}}],"collection":[{"href":"http:\/\/jumelage.org\/francais\/wp-json\/wp\/v2\/posts"}],"about":[{"href":"http:\/\/jumelage.org\/francais\/wp-json\/wp\/v2\/types\/post"}],"author":[{"embeddable":true,"href":"http:\/\/jumelage.org\/francais\/wp-json\/wp\/v2\/users\/1"}],"replies":[{"embeddable":true,"href":"http:\/\/jumelage.org\/francais\/wp-json\/wp\/v2\/comments?post=26293"}],"version-history":[{"count":0,"href":"http:\/\/jumelage.org\/francais\/wp-json\/wp\/v2\/posts\/26293\/revisions"}],"wp:featuredmedia":[{"embeddable":true,"href":"http:\/\/jumelage.org\/francais\/wp-json\/wp\/v2\/media\/26295"}],"wp:attachment":[{"href":"http:\/\/jumelage.org\/francais\/wp-json\/wp\/v2\/media?parent=26293"}],"wp:term":[{"taxonomy":"category","embeddable":true,"href":"http:\/\/jumelage.org\/francais\/wp-json\/wp\/v2\/categories?post=26293"},{"taxonomy":"post_tag","embeddable":true,"href":"http:\/\/jumelage.org\/francais\/wp-json\/wp\/v2\/tags?post=26293"}],"curies":[{"name":"wp","href":"https:\/\/api.w.org\/{rel}","templated":true}]}}