{"id":24824,"date":"2019-10-07T13:09:21","date_gmt":"2019-10-07T11:09:21","guid":{"rendered":"http:\/\/jumelage.org\/francais\/?p=24824"},"modified":"2019-11-14T11:29:43","modified_gmt":"2019-11-14T10:29:43","slug":"angela-eve-des-esclaves","status":"publish","type":"post","link":"http:\/\/jumelage.org\/francais\/angela-eve-des-esclaves\/","title":{"rendered":"Angela, \u00ab\u00a0Eve\u00a0\u00bb des esclaves"},"content":{"rendered":"<div id=\"pl-24824\"  class=\"panel-layout\" ><div id=\"pg-24824-0\"  class=\"panel-grid panel-has-style\" ><div class=\"siteorigin-panels-stretch panel-row-style panel-row-style-for-24824-0\" style=\"padding: 0px 0; \" data-stretch-type=\"full\" data-overlay=\"true\" data-overlay-color=\"#000000\" ><div id=\"pgc-24824-0-0\"  class=\"panel-grid-cell\" ><div id=\"panel-24824-0-0-0\" class=\"so-panel widget widget_sow-editor panel-first-child panel-last-child\" data-index=\"0\" ><div style=\"text-align: left;\" data-title-color=\"#443f3f\" data-headings-color=\"#443f3f\" class=\"panel-widget-style panel-widget-style-for-24824-0-0-0\" ><div\n\t\t\t\n\t\t\tclass=\"so-widget-sow-editor so-widget-sow-editor-base\"\n\t\t\t\n\t\t>\n<div class=\"siteorigin-widget-tinymce textwidget\">\n\t<h1 style=\"text-align: center;\"><span style=\"font-size: 20px;\">Des arch\u00e9ologues exhument le pass\u00e9 d'Angela, l'une des premi\u00e8res esclaves africaines<\/span><\/h1>\n<pre><span style=\"font-size: 14px;\"><em>The New York Times Magazine, The 1919 project - Le Point (AFP) \u2013 <\/em><em>22 ao\u00fb 2019<\/em><\/span><\/pre>\n<p style=\"text-align: justify;\"><strong><em><span style=\"color: #ffffff;\">.\u00a0\u00a0\u00a0\u00a0\u00a0\u00a0\u00a0\u00a0\u00a0\u00a0\u00a0 <\/span><\/em><\/strong><strong><em>Angela,<\/em><\/strong> <strong><em>\"Eve\" des esclaves africains, <\/em><em>fait partie des premiers esclaves africains amen\u00e9s sur le territoire des futurs Etats-Unis. Quatre cents ans plus tard, les USA se souviennent de leurs origines et des d\u00e9buts de l'esclavage, ainsi que des in\u00e9galit\u00e9s qui persistent aujourd'hui.<\/em><\/strong><\/p>\n<p><img decoding=\"async\" class=\"alignnone size-full wp-image-24827 aligncenter\" src=\"http:\/\/jumelage.org\/francais\/wp-content\/uploads\/2019\/10\/Angela.jpg\" alt=\"\" width=\"539\" height=\"424\" srcset=\"https:\/\/jumelage.org\/francais\/wp-content\/uploads\/2019\/10\/Angela.jpg 539w, https:\/\/jumelage.org\/francais\/wp-content\/uploads\/2019\/10\/Angela-300x236.jpg 300w, https:\/\/jumelage.org\/francais\/wp-content\/uploads\/2019\/10\/Angela-230x181.jpg 230w, https:\/\/jumelage.org\/francais\/wp-content\/uploads\/2019\/10\/Angela-350x275.jpg 350w, https:\/\/jumelage.org\/francais\/wp-content\/uploads\/2019\/10\/Angela-480x378.jpg 480w\" sizes=\"(max-width: 539px) 100vw, 539px\" \/><\/p>\n<p style=\"text-align: justify;\"><span style=\"color: #ffffff;\"><strong><em>.\u00a0\u00a0\u00a0\u00a0\u00a0\u00a0\u00a0\u00a0\u00a0\u00a0\u00a0 <\/em><\/strong><\/span>Grattant la terre dans une chaleur suffocante, Chard\u00e9 Reid, jeune arch\u00e9ologue noire am\u00e9ricaine, tente de remonter le temps jusqu'aux vestiges de la vie d'Angela, d\u00e9barqu\u00e9e, apr\u00e8s une atroce travers\u00e9e, il y a 400 ans, parmi les premiers esclaves africains arriv\u00e9s sur le territoire des futurs Etats-Unis.<\/p>\n<p style=\"text-align: justify;\"><em>\"Je ressens beaucoup de liens entre mon histoire familiale et ce qui a commenc\u00e9 ici, en 1619\",<\/em> explique la jeune femme de 32 ans \u00e0 l'AFP, se disant elle-m\u00eame descendante d'une servante blanche et d'un esclave africain. <em>\"<\/em>Ces premiers Africains <em>sont nos a\u00efeux. Non seulement les anc\u00eatres de la culture afro-am\u00e9ricaine mais aussi plus largement de toute la culture am\u00e9ricaine\"<\/em>, confie-t-elle.<\/p>\n<p style=\"text-align: justify;\"><span style=\"color: #ffffff;\"><strong><em>.\u00a0\u00a0\u00a0\u00a0\u00a0\u00a0\u00a0\u00a0\u00a0\u00a0\u00a0 <\/em><\/strong><\/span>Sous sa truelle, des briques apparaissent : les restes de constructions \u00e9difi\u00e9es sur le site de la riche demeure o\u00f9 vivait, esclave Angela, \u00e0 Jamestown, la premi\u00e8re colonie anglaise permanente \u00e9tablie en Am\u00e9rique, dans ce qui est devenu par la suite l'Etat de Virginie. Ce terrain verdoyant coulant en pente douce vers la rivi\u00e8re James n'est pas tr\u00e8s diff\u00e9rent aujourd'hui de ce qu'ont vu les premiers Africains arriv\u00e9s sur cette m\u00eame rive en ao\u00fbt 1619. A l'\u00e9poque, Portugais et Espagnols arrachaient des Africains \u00e0 leurs terres depuis pr\u00e8s d'un si\u00e8cle pour les envoyer vers les Am\u00e9riques.<\/p>\n<p style=\"text-align: justify;\"><span style=\"color: #ffffff;\">.\u00a0\u00a0\u00a0\u00a0\u00a0\u00a0\u00a0\u00a0\u00a0\u00a0\u00a0<\/span> Printemps 1619, un navire n\u00e9grier portugais, le <em>S\u00e3o Jo\u00e3o Bautista<\/em> quitte Ndongo, dans ce qui est aujourd'hui l\u2019Angola, avec sa cargaison de captifs d'Angola. Hommes, femmes et enfants vont endurer l'horrible voyage \u00e0 destination de Veracruz, pour une vie d'esclavage au Mexique. Voyageant dans des conditions effroyables, pr\u00e8s de la moiti\u00e9 des 350 captifs p\u00e9riront durant la travers\u00e9e.<\/p>\n<p style=\"text-align: justify;\">Avant qu'ils n\u2019arrivent \u00e0 destination, deux bateaux pirates anglais attaqu\u00e8rent le navire et s\u00e9questr\u00e8rent une soixantaine d'Africains, explique l'historien James Horn, pr\u00e9sident de l'association Jamestown Rediscovery en charge des fouilles.<\/p>\n<p style=\"text-align: justify;\"><span style=\"color: #ffffff;\"><strong><em>.\u00a0\u00a0\u00a0\u00a0\u00a0\u00a0\u00a0\u00a0\u00a0\u00a0\u00a0 <\/em><\/strong><\/span>Le navire <em>White Lion<\/em> arriva le premier <em>\"vers la fin ao\u00fbt\"<\/em>, rapporta \u00e0 l'\u00e9poque John Rolfe, riche colon anglais c\u00e9l\u00e8bre pour avoir \u00e9t\u00e9 l'\u00e9poux de Pocahontas, fille du chef des Powhatan, une tribu des environs de Jamestown. Arriv\u00e9s sur la rive de la James River \u00e0 Point Comfort (aujourd'hui Fort Monroe) un port pr\u00e8s de Jamestown, la capitale de la colonie anglaise de Virginie, que la Virginia Company of London avait \u00e9tablie 12 ans auparavant, les pirates \u00e9chang\u00e8rent avec les indiens Powhatan, contre des victuailles,<em>\"vingt et quelque\"<\/em> Africains, en fait destin\u00e9s \u00e0 des colons anglais r\u00e9cemment install\u00e9s.<\/p>\n<p style=\"text-align: justify;\">Quelques jours plus tard, le<em> Treasurer<\/em> accostait \u00e0 son tour, livrant un autre petit groupe. Parmi eux figurait Angela. Originaire du royaume de Ndongo, Angela est <em>\"la premi\u00e8re femme africaine dont on ait jamais recens\u00e9 le nom en Virginie\",<\/em> souligne Bly Straube, commissaire au mus\u00e9e de Jamestown Settlement. <em>\"Son histoire, c'est un peu celle d''Eve', aux origines de tout\",<\/em> avance-t-elle.<\/p>\n<p style=\"text-align: justify;\"><span style=\"color: #ffffff;\"><strong><em>.\u00a0\u00a0\u00a0\u00a0\u00a0\u00a0\u00a0\u00a0\u00a0\u00a0\u00a0 <\/em><\/strong><\/span>\"Paradoxe\" historique, selon James Horn, les premiers Africains sont arriv\u00e9s \u00e0 Jamestown peu apr\u00e8s la tenue, dans la petite \u00e9glise du village, de la premi\u00e8re assembl\u00e9e l\u00e9gislative du Nouveau Monde le 30 juillet 1619. Etrange confluence entre la \"premi\u00e8re expression de notre exp\u00e9rience d\u00e9mocratique\" et de nouveaux arrivants \"priv\u00e9s de leurs droits, de leurs identit\u00e9s\", souligne James Horn. Alors que les autres premi\u00e8res Africaines (<em>\"17 femmes et 15 hommes originaires de Ndongo ou de Kongo vivaient en Virginie d\u00e9but 1620\"<\/em> selon James Horn) sont rest\u00e9es anonymes \u00e0 jamais, Angela appara\u00eet sur deux rares documents recensant la population de la petite colonie en 1624 et 1625, sous le nom d'\"<em>Angelo\".<\/em><\/p>\n<p style=\"text-align: justify;\"><span style=\"color: #ffffff;\"><strong><em>.\u00a0\u00a0\u00a0\u00a0\u00a0\u00a0\u00a0\u00a0\u00a0\u00a0\u00a0 <\/em><\/strong><\/span>Angela ou Angelo : les historiens d\u00e9battent sur ce qui \u00e9tait vraiment son pr\u00e9nom, probablement donn\u00e9 par les Portugais. Mais tous s'accordent \u00e0 dire qu'elle \u00e9tait esclave de la riche famille Pierce. Elle devait travailler aux t\u00e2ches domestiques et dans le verger.<\/p>\n<p style=\"text-align: justify;\">Angela \u00e9tait probablement log\u00e9e avec les servants blancs, selon les historiens. Ce n'est en effet qu'une quarantaine d'ann\u00e9es plus tard, autour de 1660, que plusieurs colonies britanniques en Am\u00e9rique d\u00e9cr\u00e9t\u00e8rent que le statut d\u2019esclave serait d\u00e9sormais transmis par la m\u00e8re, apportant une nouvelle dimension h\u00e9r\u00e9ditaire, et fonci\u00e8rement raciale, \u00e0 l'esclavage. Elles interdirent \u00e0 la m\u00eame \u00e9poque les mariages mixtes. Une prohibition qui perdurera dans certains Etats am\u00e9ricains jusqu'au XXe si\u00e8cle.<\/p>\n<p style=\"text-align: justify;\"><strong><em><span style=\"color: #ffffff;\">.\u00a0\u00a0\u00a0\u00a0\u00a0\u00a0\u00a0\u00a0\u00a0\u00a0\u00a0<\/span> <\/em><\/strong>Apr\u00e8s 1625, Angela dispara\u00eet des registres. Mais son nom est aujourd'hui plus que jamais \u00e0 l'honneur \u00e0 Jamestown.<\/p>\n<p style=\"text-align: justify;\">Des esclaves venus d'Afrique travaillaient d\u00e9j\u00e0 depuis au moins trois ans dans les Bermudes pour des colons britanniques, et d\u00e8s 1526 d'autres avaient fait partie d'une exp\u00e9dition espagnole \u00e9tablie en Caroline du Sud.<\/p>\n<p style=\"text-align: justify;\">Si l\u2019esclavage est souvent consid\u00e9r\u00e9 comme le p\u00e9ch\u00e9 originel de l\u2019Am\u00e9rique, il est bien plus que cela : c\u2019est l\u2019origine m\u00eame du pays.<\/p>\n<p style=\"text-align: justify;\"><strong><em>\u00a0<\/em><\/strong><\/p>\n<\/div>\n<\/div><\/div><\/div><\/div><\/div><\/div><\/div>","protected":false},"excerpt":{"rendered":"<p>Des arch\u00e9ologues exhument le pass\u00e9 d&rsquo;Angela, l&rsquo;une des premi\u00e8res esclaves africaines The New York Times Magazine, The 1919 project &#8211; Le Point (AFP) \u2013 22 [&hellip;]<\/p>\n","protected":false},"author":1,"featured_media":24827,"comment_status":"open","ping_status":"open","sticky":false,"template":"post-templates\/post_full.php","format":"standard","meta":{"two_page_speed":[],"footnotes":""},"categories":[13],"tags":[],"class_list":["post-24824","post","type-post","status-publish","format-standard","has-post-thumbnail","hentry","category-la-voie-des-usa"],"yoast_head":"<!-- This site is optimized with the Yoast SEO plugin v27.5 - https:\/\/yoast.com\/product\/yoast-seo-wordpress\/ -->\n<title>Angela, &quot;Eve&quot; des esclaves Jumelage<\/title>\n<meta name=\"robots\" content=\"index, follow, max-snippet:-1, max-image-preview:large, max-video-preview:-1\" \/>\n<link rel=\"canonical\" href=\"https:\/\/jumelage.org\/francais\/angela-eve-des-esclaves\/\" \/>\n<meta property=\"og:locale\" content=\"fr_FR\" \/>\n<meta property=\"og:type\" content=\"article\" \/>\n<meta property=\"og:title\" content=\"Angela, &quot;Eve&quot; des esclaves Jumelage\" \/>\n<meta property=\"og:description\" content=\"Des arch\u00e9ologues exhument le pass\u00e9 d&#039;Angela, l&#039;une des premi\u00e8res esclaves africaines The New York Times Magazine, The 1919 project - Le Point (AFP) \u2013 22 [&hellip;]\" \/>\n<meta property=\"og:url\" content=\"https:\/\/jumelage.org\/francais\/angela-eve-des-esclaves\/\" \/>\n<meta property=\"og:site_name\" content=\"Jumelage\" \/>\n<meta property=\"article:publisher\" content=\"http:\/\/www.facebook.com\/jumelagew.sgl\/\" \/>\n<meta property=\"article:published_time\" content=\"2019-10-07T11:09:21+00:00\" \/>\n<meta property=\"article:modified_time\" content=\"2019-11-14T10:29:43+00:00\" \/>\n<meta property=\"og:image\" content=\"https:\/\/jumelage.org\/francais\/wp-content\/uploads\/2019\/10\/Angela.jpg\" \/>\n\t<meta property=\"og:image:width\" content=\"539\" \/>\n\t<meta property=\"og:image:height\" content=\"424\" \/>\n\t<meta property=\"og:image:type\" content=\"image\/jpeg\" \/>\n<meta name=\"author\" content=\"JumSGLW\" \/>\n<meta name=\"twitter:card\" content=\"summary_large_image\" \/>\n<meta name=\"twitter:label1\" content=\"\u00c9crit par\" \/>\n\t<meta name=\"twitter:data1\" content=\"JumSGLW\" \/>\n\t<meta name=\"twitter:label2\" content=\"Dur\u00e9e de lecture estim\u00e9e\" \/>\n\t<meta name=\"twitter:data2\" content=\"4 minutes\" \/>\n<script type=\"application\/ld+json\" class=\"yoast-schema-graph\">{\"@context\":\"https:\\\/\\\/schema.org\",\"@graph\":[{\"@type\":\"Article\",\"@id\":\"https:\\\/\\\/jumelage.org\\\/francais\\\/angela-eve-des-esclaves\\\/#article\",\"isPartOf\":{\"@id\":\"https:\\\/\\\/jumelage.org\\\/francais\\\/angela-eve-des-esclaves\\\/\"},\"author\":{\"name\":\"JumSGLW\",\"@id\":\"https:\\\/\\\/jumelage.org\\\/francais\\\/#\\\/schema\\\/person\\\/74dafcd8c5dfbdc6c0bfb7efcd1020be\"},\"headline\":\"Angela, \u00ab\u00a0Eve\u00a0\u00bb des esclaves\",\"datePublished\":\"2019-10-07T11:09:21+00:00\",\"dateModified\":\"2019-11-14T10:29:43+00:00\",\"mainEntityOfPage\":{\"@id\":\"https:\\\/\\\/jumelage.org\\\/francais\\\/angela-eve-des-esclaves\\\/\"},\"wordCount\":867,\"commentCount\":0,\"image\":{\"@id\":\"https:\\\/\\\/jumelage.org\\\/francais\\\/angela-eve-des-esclaves\\\/#primaryimage\"},\"thumbnailUrl\":\"https:\\\/\\\/jumelage.org\\\/francais\\\/wp-content\\\/uploads\\\/2019\\\/10\\\/Angela.jpg\",\"articleSection\":[\"La voie des USA\"],\"inLanguage\":\"fr-FR\",\"potentialAction\":[{\"@type\":\"CommentAction\",\"name\":\"Comment\",\"target\":[\"https:\\\/\\\/jumelage.org\\\/francais\\\/angela-eve-des-esclaves\\\/#respond\"]}]},{\"@type\":\"WebPage\",\"@id\":\"https:\\\/\\\/jumelage.org\\\/francais\\\/angela-eve-des-esclaves\\\/\",\"url\":\"https:\\\/\\\/jumelage.org\\\/francais\\\/angela-eve-des-esclaves\\\/\",\"name\":\"Angela, \\\"Eve\\\" des esclaves Jumelage\",\"isPartOf\":{\"@id\":\"https:\\\/\\\/jumelage.org\\\/francais\\\/#website\"},\"primaryImageOfPage\":{\"@id\":\"https:\\\/\\\/jumelage.org\\\/francais\\\/angela-eve-des-esclaves\\\/#primaryimage\"},\"image\":{\"@id\":\"https:\\\/\\\/jumelage.org\\\/francais\\\/angela-eve-des-esclaves\\\/#primaryimage\"},\"thumbnailUrl\":\"https:\\\/\\\/jumelage.org\\\/francais\\\/wp-content\\\/uploads\\\/2019\\\/10\\\/Angela.jpg\",\"datePublished\":\"2019-10-07T11:09:21+00:00\",\"dateModified\":\"2019-11-14T10:29:43+00:00\",\"author\":{\"@id\":\"https:\\\/\\\/jumelage.org\\\/francais\\\/#\\\/schema\\\/person\\\/74dafcd8c5dfbdc6c0bfb7efcd1020be\"},\"breadcrumb\":{\"@id\":\"https:\\\/\\\/jumelage.org\\\/francais\\\/angela-eve-des-esclaves\\\/#breadcrumb\"},\"inLanguage\":\"fr-FR\",\"potentialAction\":[{\"@type\":\"ReadAction\",\"target\":[\"https:\\\/\\\/jumelage.org\\\/francais\\\/angela-eve-des-esclaves\\\/\"]}]},{\"@type\":\"ImageObject\",\"inLanguage\":\"fr-FR\",\"@id\":\"https:\\\/\\\/jumelage.org\\\/francais\\\/angela-eve-des-esclaves\\\/#primaryimage\",\"url\":\"https:\\\/\\\/jumelage.org\\\/francais\\\/wp-content\\\/uploads\\\/2019\\\/10\\\/Angela.jpg\",\"contentUrl\":\"https:\\\/\\\/jumelage.org\\\/francais\\\/wp-content\\\/uploads\\\/2019\\\/10\\\/Angela.jpg\",\"width\":539,\"height\":424},{\"@type\":\"BreadcrumbList\",\"@id\":\"https:\\\/\\\/jumelage.org\\\/francais\\\/angela-eve-des-esclaves\\\/#breadcrumb\",\"itemListElement\":[{\"@type\":\"ListItem\",\"position\":1,\"name\":\"Accueil\",\"item\":\"https:\\\/\\\/jumelage.org\\\/francais\\\/\"},{\"@type\":\"ListItem\",\"position\":2,\"name\":\"Angela, \u00ab\u00a0Eve\u00a0\u00bb des esclaves\"}]},{\"@type\":\"WebSite\",\"@id\":\"https:\\\/\\\/jumelage.org\\\/francais\\\/#website\",\"url\":\"https:\\\/\\\/jumelage.org\\\/francais\\\/\",\"name\":\"Jumelage\",\"description\":\"Saint-Germain-en-Laye &amp; Winchester (MA)\",\"potentialAction\":[{\"@type\":\"SearchAction\",\"target\":{\"@type\":\"EntryPoint\",\"urlTemplate\":\"https:\\\/\\\/jumelage.org\\\/francais\\\/?s={search_term_string}\"},\"query-input\":{\"@type\":\"PropertyValueSpecification\",\"valueRequired\":true,\"valueName\":\"search_term_string\"}}],\"inLanguage\":\"fr-FR\"},{\"@type\":\"Person\",\"@id\":\"https:\\\/\\\/jumelage.org\\\/francais\\\/#\\\/schema\\\/person\\\/74dafcd8c5dfbdc6c0bfb7efcd1020be\",\"name\":\"JumSGLW\",\"image\":{\"@type\":\"ImageObject\",\"inLanguage\":\"fr-FR\",\"@id\":\"https:\\\/\\\/secure.gravatar.com\\\/avatar\\\/3d3cad377d924d636d7d20ae9f968d4816d16114a561888c0a1668606eb9b7be?s=96&d=mm&r=g\",\"url\":\"https:\\\/\\\/secure.gravatar.com\\\/avatar\\\/3d3cad377d924d636d7d20ae9f968d4816d16114a561888c0a1668606eb9b7be?s=96&d=mm&r=g\",\"contentUrl\":\"https:\\\/\\\/secure.gravatar.com\\\/avatar\\\/3d3cad377d924d636d7d20ae9f968d4816d16114a561888c0a1668606eb9b7be?s=96&d=mm&r=g\",\"caption\":\"JumSGLW\"},\"url\":\"http:\\\/\\\/jumelage.org\\\/francais\\\/author\\\/jumsglw\\\/\"}]}<\/script>\n<!-- \/ Yoast SEO plugin. -->","yoast_head_json":{"title":"Angela, \"Eve\" des esclaves Jumelage","robots":{"index":"index","follow":"follow","max-snippet":"max-snippet:-1","max-image-preview":"max-image-preview:large","max-video-preview":"max-video-preview:-1"},"canonical":"https:\/\/jumelage.org\/francais\/angela-eve-des-esclaves\/","og_locale":"fr_FR","og_type":"article","og_title":"Angela, \"Eve\" des esclaves Jumelage","og_description":"Des arch\u00e9ologues exhument le pass\u00e9 d'Angela, l'une des premi\u00e8res esclaves africaines The New York Times Magazine, The 1919 project - Le Point (AFP) \u2013 22 [&hellip;]","og_url":"https:\/\/jumelage.org\/francais\/angela-eve-des-esclaves\/","og_site_name":"Jumelage","article_publisher":"http:\/\/www.facebook.com\/jumelagew.sgl\/","article_published_time":"2019-10-07T11:09:21+00:00","article_modified_time":"2019-11-14T10:29:43+00:00","og_image":[{"width":539,"height":424,"url":"https:\/\/jumelage.org\/francais\/wp-content\/uploads\/2019\/10\/Angela.jpg","type":"image\/jpeg"}],"author":"JumSGLW","twitter_card":"summary_large_image","twitter_misc":{"\u00c9crit par":"JumSGLW","Dur\u00e9e de lecture estim\u00e9e":"4 minutes"},"schema":{"@context":"https:\/\/schema.org","@graph":[{"@type":"Article","@id":"https:\/\/jumelage.org\/francais\/angela-eve-des-esclaves\/#article","isPartOf":{"@id":"https:\/\/jumelage.org\/francais\/angela-eve-des-esclaves\/"},"author":{"name":"JumSGLW","@id":"https:\/\/jumelage.org\/francais\/#\/schema\/person\/74dafcd8c5dfbdc6c0bfb7efcd1020be"},"headline":"Angela, \u00ab\u00a0Eve\u00a0\u00bb des esclaves","datePublished":"2019-10-07T11:09:21+00:00","dateModified":"2019-11-14T10:29:43+00:00","mainEntityOfPage":{"@id":"https:\/\/jumelage.org\/francais\/angela-eve-des-esclaves\/"},"wordCount":867,"commentCount":0,"image":{"@id":"https:\/\/jumelage.org\/francais\/angela-eve-des-esclaves\/#primaryimage"},"thumbnailUrl":"https:\/\/jumelage.org\/francais\/wp-content\/uploads\/2019\/10\/Angela.jpg","articleSection":["La voie des USA"],"inLanguage":"fr-FR","potentialAction":[{"@type":"CommentAction","name":"Comment","target":["https:\/\/jumelage.org\/francais\/angela-eve-des-esclaves\/#respond"]}]},{"@type":"WebPage","@id":"https:\/\/jumelage.org\/francais\/angela-eve-des-esclaves\/","url":"https:\/\/jumelage.org\/francais\/angela-eve-des-esclaves\/","name":"Angela, \"Eve\" des esclaves Jumelage","isPartOf":{"@id":"https:\/\/jumelage.org\/francais\/#website"},"primaryImageOfPage":{"@id":"https:\/\/jumelage.org\/francais\/angela-eve-des-esclaves\/#primaryimage"},"image":{"@id":"https:\/\/jumelage.org\/francais\/angela-eve-des-esclaves\/#primaryimage"},"thumbnailUrl":"https:\/\/jumelage.org\/francais\/wp-content\/uploads\/2019\/10\/Angela.jpg","datePublished":"2019-10-07T11:09:21+00:00","dateModified":"2019-11-14T10:29:43+00:00","author":{"@id":"https:\/\/jumelage.org\/francais\/#\/schema\/person\/74dafcd8c5dfbdc6c0bfb7efcd1020be"},"breadcrumb":{"@id":"https:\/\/jumelage.org\/francais\/angela-eve-des-esclaves\/#breadcrumb"},"inLanguage":"fr-FR","potentialAction":[{"@type":"ReadAction","target":["https:\/\/jumelage.org\/francais\/angela-eve-des-esclaves\/"]}]},{"@type":"ImageObject","inLanguage":"fr-FR","@id":"https:\/\/jumelage.org\/francais\/angela-eve-des-esclaves\/#primaryimage","url":"https:\/\/jumelage.org\/francais\/wp-content\/uploads\/2019\/10\/Angela.jpg","contentUrl":"https:\/\/jumelage.org\/francais\/wp-content\/uploads\/2019\/10\/Angela.jpg","width":539,"height":424},{"@type":"BreadcrumbList","@id":"https:\/\/jumelage.org\/francais\/angela-eve-des-esclaves\/#breadcrumb","itemListElement":[{"@type":"ListItem","position":1,"name":"Accueil","item":"https:\/\/jumelage.org\/francais\/"},{"@type":"ListItem","position":2,"name":"Angela, \u00ab\u00a0Eve\u00a0\u00bb des esclaves"}]},{"@type":"WebSite","@id":"https:\/\/jumelage.org\/francais\/#website","url":"https:\/\/jumelage.org\/francais\/","name":"Jumelage","description":"Saint-Germain-en-Laye &amp; Winchester (MA)","potentialAction":[{"@type":"SearchAction","target":{"@type":"EntryPoint","urlTemplate":"https:\/\/jumelage.org\/francais\/?s={search_term_string}"},"query-input":{"@type":"PropertyValueSpecification","valueRequired":true,"valueName":"search_term_string"}}],"inLanguage":"fr-FR"},{"@type":"Person","@id":"https:\/\/jumelage.org\/francais\/#\/schema\/person\/74dafcd8c5dfbdc6c0bfb7efcd1020be","name":"JumSGLW","image":{"@type":"ImageObject","inLanguage":"fr-FR","@id":"https:\/\/secure.gravatar.com\/avatar\/3d3cad377d924d636d7d20ae9f968d4816d16114a561888c0a1668606eb9b7be?s=96&d=mm&r=g","url":"https:\/\/secure.gravatar.com\/avatar\/3d3cad377d924d636d7d20ae9f968d4816d16114a561888c0a1668606eb9b7be?s=96&d=mm&r=g","contentUrl":"https:\/\/secure.gravatar.com\/avatar\/3d3cad377d924d636d7d20ae9f968d4816d16114a561888c0a1668606eb9b7be?s=96&d=mm&r=g","caption":"JumSGLW"},"url":"http:\/\/jumelage.org\/francais\/author\/jumsglw\/"}]}},"_links":{"self":[{"href":"http:\/\/jumelage.org\/francais\/wp-json\/wp\/v2\/posts\/24824","targetHints":{"allow":["GET"]}}],"collection":[{"href":"http:\/\/jumelage.org\/francais\/wp-json\/wp\/v2\/posts"}],"about":[{"href":"http:\/\/jumelage.org\/francais\/wp-json\/wp\/v2\/types\/post"}],"author":[{"embeddable":true,"href":"http:\/\/jumelage.org\/francais\/wp-json\/wp\/v2\/users\/1"}],"replies":[{"embeddable":true,"href":"http:\/\/jumelage.org\/francais\/wp-json\/wp\/v2\/comments?post=24824"}],"version-history":[{"count":0,"href":"http:\/\/jumelage.org\/francais\/wp-json\/wp\/v2\/posts\/24824\/revisions"}],"wp:featuredmedia":[{"embeddable":true,"href":"http:\/\/jumelage.org\/francais\/wp-json\/wp\/v2\/media\/24827"}],"wp:attachment":[{"href":"http:\/\/jumelage.org\/francais\/wp-json\/wp\/v2\/media?parent=24824"}],"wp:term":[{"taxonomy":"category","embeddable":true,"href":"http:\/\/jumelage.org\/francais\/wp-json\/wp\/v2\/categories?post=24824"},{"taxonomy":"post_tag","embeddable":true,"href":"http:\/\/jumelage.org\/francais\/wp-json\/wp\/v2\/tags?post=24824"}],"curies":[{"name":"wp","href":"https:\/\/api.w.org\/{rel}","templated":true}]}}