{"id":24196,"date":"2019-05-27T21:01:58","date_gmt":"2019-05-27T19:01:58","guid":{"rendered":"http:\/\/jumelage.org\/francais\/?p=24196"},"modified":"2022-07-22T22:20:50","modified_gmt":"2022-07-22T20:20:50","slug":"la-fayette-un-heros-un-grand-homme","status":"publish","type":"post","link":"http:\/\/jumelage.org\/francais\/la-fayette-un-heros-un-grand-homme\/","title":{"rendered":"La Fayette, un h\u00e9ros ! un grand homme ?"},"content":{"rendered":"<div id=\"ez-toc-container\" class=\"ez-toc-v2_0_82_2 counter-hierarchy ez-toc-counter ez-toc-custom ez-toc-container-direction\">\n<nav><ul class='ez-toc-list ez-toc-list-level-1 ' ><li class='ez-toc-page-1 ez-toc-heading-level-1'><a class=\"ez-toc-link ez-toc-heading-1\" href=\"http:\/\/jumelage.org\/francais\/la-fayette-un-heros-un-grand-homme\/#La-Fayette-un-heros\" >La Fayette, un h\u00e9ros !<\/a><\/li><li class='ez-toc-page-1 ez-toc-heading-level-1'><a class=\"ez-toc-link ez-toc-heading-2\" href=\"http:\/\/jumelage.org\/francais\/la-fayette-un-heros-un-grand-homme\/#La-Fayette-%C2%AB-Heros-des-Deux-Mondes-%C2%BB\" >La Fayette, \u00ab\u00a0H\u00e9ros des Deux Mondes\u00a0\u00bb<\/a><ul class='ez-toc-list-level-2' ><li class='ez-toc-heading-level-2'><a class=\"ez-toc-link ez-toc-heading-3\" href=\"http:\/\/jumelage.org\/francais\/la-fayette-un-heros-un-grand-homme\/#Un-liberal-en-avance-sur-son-temps\" >Un lib\u00e9ral en avance sur son temps<\/a><\/li><li class='ez-toc-page-1 ez-toc-heading-level-2'><a class=\"ez-toc-link ez-toc-heading-4\" href=\"http:\/\/jumelage.org\/francais\/la-fayette-un-heros-un-grand-homme\/#Nostalgie-quand-tu-nous-tiens-%E2%80%A6\" >Nostalgie, quand tu nous tiens &#8230;<\/a><\/li><li class='ez-toc-page-1 ez-toc-heading-level-2'><a class=\"ez-toc-link ez-toc-heading-5\" href=\"http:\/\/jumelage.org\/francais\/la-fayette-un-heros-un-grand-homme\/#%C2%AB-La-Fayette-nous-voici-%C2%BB\" >\u00ab\u00a0La Fayette, nous voici\u00a0!\u00a0\u00bb<\/a><\/li><\/ul><\/li><li class='ez-toc-page-1 ez-toc-heading-level-1'><a class=\"ez-toc-link ez-toc-heading-6\" href=\"http:\/\/jumelage.org\/francais\/la-fayette-un-heros-un-grand-homme\/#La-Fayette-etait-il-un-grand-homme\" >La Fayette, \u00e9tait-il un grand homme ?<\/a><\/li><li class='ez-toc-page-1 ez-toc-heading-level-1'><a class=\"ez-toc-link ez-toc-heading-7\" href=\"http:\/\/jumelage.org\/francais\/la-fayette-un-heros-un-grand-homme\/#%E2%80%9CLafayette-in-America-in-1824-and-1825%E2%80%9D\" >\u201cLafayette in America in 1824 and 1825\u201d<\/a><\/li><li class='ez-toc-page-1 ez-toc-heading-level-1'><a class=\"ez-toc-link ez-toc-heading-8\" href=\"http:\/\/jumelage.org\/francais\/la-fayette-un-heros-un-grand-homme\/#Pourquoi-la-cle-de-la-Bastille-est-elle-conservee-aux-Etats-Unis\" >Pourquoi la cl\u00e9 de la Bastille est-elle conserv\u00e9e aux \u00c9tats-Unis\u00a0?<\/a><\/li><\/ul><\/nav><\/div>\n<div id=\"pl-24196\"  class=\"panel-layout\" ><div id=\"pg-24196-0\"  class=\"panel-grid panel-has-style\" ><div style=\"padding: 0px 0; \" data-overlay=\"true\" data-overlay-color=\"#000000\" class=\"panel-row-style panel-row-style-for-24196-0\" ><div id=\"pgc-24196-0-0\"  class=\"panel-grid-cell\" ><div id=\"panel-24196-0-0-0\" class=\"so-panel widget widget_sow-editor panel-first-child panel-last-child\" data-index=\"0\" ><div style=\"text-align: left;\" data-title-color=\"#443f3f\" data-headings-color=\"#443f3f\" class=\"panel-widget-style panel-widget-style-for-24196-0-0-0\" ><div\n\t\t\t\n\t\t\tclass=\"so-widget-sow-editor so-widget-sow-editor-base\"\n\t\t\t\n\t\t>\n<div class=\"siteorigin-widget-tinymce textwidget\">\n\t<h1 style=\"text-align: center;\"><span class=\"ez-toc-section\" id=\"La-Fayette-un-heros\"><\/span><span style=\"text-decoration: underline;\"><span style=\"font-size: 24px;\"><strong>La Fayette, un h\u00e9ros !<\/strong><\/span><\/span><span class=\"ez-toc-section-end\"><\/span><\/h1>\n<pre><em><span style=\"font-size: 14px;\">A Daily Dose of History\n<\/span><\/em><\/pre>\n<p style=\"text-align: justify;\"><span style=\"color: #ffffff;\">.\u00a0\u00a0\u00a0\u00a0\u00a0\u00a0\u00a0<\/span>\u00a0\u00a0\u00a0\u00a0 L'hiver 1779-1780 fut une sombre p\u00e9riode dans la lutte pour l'ind\u00e9pendance am\u00e9ricaine. L'arm\u00e9e de George Washington \u00e9tait \u00e0 la peine, manquant de nourriture, de v\u00eatements et d'armes. Beaucoup d'hommes allaient pieds nus et il n'y avait pas assez de munitions pour les quelques armes dont ils disposaient. Mais quelque chose se produisit en avril qui devait remonter le moral des <em>Patriots<\/em> et leur rendre espoir. Lafayette \u00e9tait de retour.<\/p>\n<p style=\"text-align: justify;\"><span style=\"color: #ffffff;\">.\u00a0\u00a0\u00a0\u00a0\u00a0\u00a0\u00a0<\/span>\u00a0\u00a0\u00a0\u00a0 Le marquis de Lafayette \u00e9tait venu pour la premi\u00e8re fois en Am\u00e9rique en 1777, d\u00e9fiant son roi et risquant son immense fortune pour offrir ses services aux r\u00e9volutionnaires am\u00e9ricains. Le jeune noble id\u00e9aliste fut bient\u00f4t nomm\u00e9 g\u00e9n\u00e9ral de division dans l'arm\u00e9e continentale. Il avait dix-neuf ans\u00a0; \u00e0 ce jour, il reste la plus jeune personne \u00e0 d\u00e9tenir ce rang. Le courage, le z\u00e8le et la comp\u00e9tence militaire de Lafayette lui valurent bient\u00f4t l'immense respect du g\u00e9n\u00e9ral Washington. Bless\u00e9 \u00e0 la bataille de Brandywine, Lafayette se r\u00e9tablit et combattit avec distinction dans les campagnes de 1778. Mais lorsqu\u2019il apprit la mort de l\u2019un de ses jeunes enfants, Lafayette demanda et obtint un cong\u00e9 pour traiter ses affaires urgentes en France, Il embarqua pour la France en janvier 1779.<\/p>\n<p style=\"text-align: justify;\"><span style=\"color: #ffffff;\">.\u00a0\u00a0\u00a0\u00a0<\/span>\u00a0\u00a0\u00a0\u00a0\u00a0\u00a0\u00a0 Toujours contrari\u00e9 par la d\u00e9sob\u00e9issance de Lafayette, le roi Louis XVI le fit imm\u00e9diatement assigner \u00e0 r\u00e9sidence d\u00e8s son arriv\u00e9e. Ayant obtenu une audience royale, Lafayette prit le risque d\u2019irriter encore davantage son roi en se pr\u00e9sentant\u00a0\u2026 rev\u00eatu de son uniforme am\u00e9ricain. Mais le charme, le charisme et l'enthousiasme du jeune homme le ram\u00e8nent bient\u00f4t dans les bonnes gr\u00e2ces du roi. Il commen\u00e7a alors \u00e0 faire pression pour que la France soutienne la cause am\u00e9ricaine.<\/p>\n<p style=\"text-align: justify;\">Le 5 mars 1780, Lafayette fut ravi de recevoir un ordre qui r\u00e9pondait aux espoirs et aux pri\u00e8res de ses camarades am\u00e9ricains et qui changera l'histoire am\u00e9ricaine : \u00ab <em>Monsieur le marquis de Lafayette se h\u00e2tera de rejoindre le g\u00e9n\u00e9ral Washington auquel il fera savoir secr\u00e8tement que le roi enverra au d\u00e9but du printemps une assistance compos\u00e9e de 6 navires et d'environ 5.000 fantassins<\/em>. \u00bb La charge d'assurer le retour s\u00fbr et rapide du marquis en Am\u00e9rique fut confi\u00e9e au capitaine Louis de La Touche qui commanderait la fr\u00e9gate <em>L'Hermione<\/em>. <em>L'Hermione<\/em> \u00e9tait la fiert\u00e9 de la marine fran\u00e7aise. R\u00e9cemment construit \u00e0 Rochefort, le navire pouvait d\u00e9passer n'importe quel navire de guerre britannique qu'il ne pourrait pas surpasser en armement, et il y en avait peu qu'il ne pouvait surpasser en armement\u00a0! La Touche fut seulement inform\u00e9 que sa mission \u00e9tait d'une importance vitale et secr\u00e8te.<\/p>\n<p style=\"text-align: justify;\">Marie-Joseph Paul Yves Roch Gilbert du Motier, marquis de La Fayette, monta \u00e0 bord de <em>L'Hermione<\/em> \u00e0 Portes-en-Barques \u00e0 l'embouchure de la Charente, le 10 mars, 1780, porteur du message secret du roi qui promettait l'assistance militaire fran\u00e7aise \u00e0 l'Am\u00e9rique. Le 11 mars 1780, <em>L'Hermione<\/em> appareillait pour l'Am\u00e9rique.<\/p>\n<p style=\"text-align: justify;\"><span style=\"color: #ffffff;\">.\u00a0\u00a0\u00a0\u00a0<\/span>\u00a0\u00a0\u00a0\u00a0\u00a0\u00a0\u00a0 Lafayette fut accueilli en h\u00e9ros \u00e0 son arriv\u00e9e \u00e0 Boston, et dans chaque ville et village qu'il traversa lors de son voyage qui le conduisit de Boston au quartier g\u00e9n\u00e9ral de Washington \u00e0 Morristown dans le New Jersey. Bien que son message secret soit encore inconnu, les <em>Patriots<\/em> ont senti que le retour de Lafayette laissait pr\u00e9sager de bonnes nouvelles et des jours meilleurs \u00e0 venir. Lorsqu'il atteignit le camp de Washington et lui d\u00e9livra le message du roi, une nouvelle vie fut insuffl\u00e9e \u00e0 la cause am\u00e9ricaine.<\/p>\n<p style=\"text-align: justify;\">Dix-huit mois plus tard, en octobre 1781, les forces am\u00e9ricaines et fran\u00e7aises ont pi\u00e9g\u00e9 le g\u00e9n\u00e9ral britannique Cornwallis \u00e0 Yorktown, en Virginie, for\u00e7ant sa reddition et assurant l'ind\u00e9pendance am\u00e9ricaine.<\/p>\n<p style=\"text-align: justify;\"><em><span style=\"color: #ffffff;\">.\u00a0\u00a0\u00a0\u00a0\u00a0\u00a0\u00a0\u00a0\u00a0<\/span>\u00a0\u00a0 L'Hermione<\/em> a particip\u00e9 \u00e0 de nombreux combats contre la marine britannique avant de sombrer dans une temp\u00eate en 1793. En 2015, une r\u00e9plique grandeur nature de L'Hermione, construite \u00e0 Rochefort avec les m\u00e9thodes et moyens de l\u2019\u00e9poque, reconstitua triomphalement le c\u00e9l\u00e8bre voyage du navire d'origine. La r\u00e9plique de L\u2019Hermione peut \u00eatre visit\u00e9e \u00e0 Rochefort aujourd'hui, \u2026 quand elle ne parcourt pas le monde.<\/p>\n<h1 style=\"text-align: center;\"><span style=\"color: #0000ff;\"><strong><span style=\"font-size: 24px;\"><u>La Fayette, <em>\"H\u00e9ros des Deux Mondes\"<\/em><\/u><\/span><\/strong><\/span><\/h1>\n<pre style=\"text-align: justify;\"><span style=\"font-size: 14px; color: #0000ff;\"><em>Herodote.net - <\/em><em>\u00a0Fabienne Mani\u00e8re \u2013 03 sep 2019<\/em><\/span><\/pre>\n<p style=\"text-align: justify;\"><span style=\"color: #0000ff;\"><em>Le marquis Gilbert Motier de La Fayette (1757 - 1834) demeure apr\u00e8s plus de deux si\u00e8cles le principal trait d'union entre la France et les \u00c9tats-Unis.<\/em><\/span><\/p>\n<p style=\"text-align: justify; padding-left: 40px;\"><span style=\"font-size: 14px; color: #0000ff;\"><em>(Le marquis Gilbert Motier de La Fayette a pris l'habitude de signer Lafayette \u00e0 partir de la R\u00e9volution, afin d'occulter un peu son ascendance nobiliaire. Les deux graphies sont aujourd'hui interchangeables.)<\/em><\/span><\/p>\n<p style=\"text-align: justify;\"><span style=\"color: #0000ff;\"><em>Mais son r\u00f4le historique ne se r\u00e9sume pas \u00e0 ses ann\u00e9es de jeunesse pass\u00e9es \u00e0 combattre aux c\u00f4t\u00e9s des \u00ab\u00a0Insurgents\u00a0\u00bb am\u00e9ricains. Il a aussi jou\u00e9 un r\u00f4le moteur dans les d\u00e9buts de la R\u00e9volution fran\u00e7aise et \u00e0 nouveau dans la r\u00e9volution des <\/em><em>Trois Glorieuses<\/em><em> qui vit le remplacement de Charles X par Louis-Philippe Ier \u00e0 la t\u00eate des Fran\u00e7ais.<\/em><\/span><\/p>\n<p><span style=\"font-size: 14px; color: #0000ff;\"><img decoding=\"async\" class=\"alignnone size-full wp-image-30649 aligncenter\" src=\"http:\/\/jumelage.org\/francais\/wp-content\/uploads\/2019\/05\/La-Fayette-1.jpg\" alt=\"\" width=\"419\" height=\"521\" srcset=\"https:\/\/jumelage.org\/francais\/wp-content\/uploads\/2019\/05\/La-Fayette-1.jpg 419w, https:\/\/jumelage.org\/francais\/wp-content\/uploads\/2019\/05\/La-Fayette-1-230x286.jpg 230w, https:\/\/jumelage.org\/francais\/wp-content\/uploads\/2019\/05\/La-Fayette-1-350x435.jpg 350w\" sizes=\"(max-width: 419px) 100vw, 419px\" \/><\/span><\/p>\n<p style=\"text-align: center;\"><span style=\"font-size: 14px; color: #0000ff;\"><em>Un jeune homme plein d'audace<\/em><\/span><\/p>\n<p style=\"text-align: justify;\"><span style=\"color: #0000ff;\"><span style=\"color: #ffffff;\">.\u00a0\u00a0\u00a0\u00a0<\/span>\u00a0\u00a0\u00a0\u00a0\u00a0 \u00a0 N\u00e9 en Auvergne le 6 septembre 1757, au ch\u00e2teau de Chavaniac (ou Chavagnac), Haute Loire, Gilbert du Motier, futur marquis de La Fayette, perd tr\u00e8s t\u00f4t son p\u00e8re, tu\u00e9 \u00e0 la guerre. Il \u00e9pouse \u00e0 17 ans une jeune et tr\u00e8s riche h\u00e9riti\u00e8re, Marie de Noailles. Cette alliance lui donne acc\u00e8s \u00e0 la Cour de Versailles et au roi Louis XV.<\/span><\/p>\n<p style=\"text-align: justify;\"><span style=\"color: #0000ff;\"><span style=\"color: #ffffff;\">.\u00a0\u00a0\u00a0\u00a0<\/span>\u00a0\u00a0\u00a0\u00a0\u00a0\u00a0\u00a0 Assoiff\u00e9 d'aventures, il rencontre en secret Benjamin Franklin, venu plaider \u00e0 Versailles la cause des <em>Insurgents<\/em> am\u00e9ricains et, malgr\u00e9 l'opposition de sa famille, quitte l'arm\u00e9e et d\u00e9cide de rejoindre\u00a0l'Am\u00e9rique.<\/span><\/p>\n<p style=\"text-align: justify;\"><span style=\"color: #0000ff;\">Ayant soin de tromper la surveillance de ses proches et des Anglais, il se rend dans le Pays basque et embarque le 17 avril 1777 avec quelques fid\u00e8les \u00e0 Pasajes de San Juan, pr\u00e8s de San Sebastian,\u00a0sur la <em>Victoire<\/em>,\u00a0une fr\u00e9gate affr\u00e9t\u00e9e \u00e0 ses frais, gr\u00e2ce \u00e0 une avance sur sa fortune.<\/span><\/p>\n<p style=\"text-align: justify;\"><span style=\"color: #0000ff;\">Dans une lettre \u00e0 sa s\u0153ur, il explique son engagement\u00a0: <em>\u00ab D\u00e9fenseur de cette libert\u00e9 que j'idol\u00e2tre, libre moi-m\u00eame plus que personne, en venant comme ami offrir mes services \u00e0 cette r\u00e9publique si int\u00e9ressante, je n'y porte que ma franchise et ma bonne volont\u00e9, nulle ambition, nul int\u00e9r\u00eat particulier ; en travaillant pour ma gloire, je travaille pour leur bonheur.<\/em> [\u2026] <em>Le bonheur de l'Am\u00e9rique est intimement li\u00e9 au bonheur de toute l'humanit\u00e9\u00a0; elle va devenir le respectable et s\u00fbr asile de la vertu, de l'honn\u00eatet\u00e9, de la tol\u00e9rance, de l'\u00e9galit\u00e9 et d'une tranquille libert\u00e9\u00a0\u00bb<\/em> (Lettre du 7 juin 1777).<\/span><\/p>\n<p style=\"text-align: justify;\"><span style=\"color: #0000ff;\">Il a 19 ans quand il d\u00e9barque \u00e0 Georgetown le 15 juin 1777. Un an plus t\u00f4t, les <em>Insurgents<\/em>, bien qu'en minorit\u00e9 dans les Treize Colonies anglaises d'Am\u00e9rique du nord, ont proclam\u00e9 unilat\u00e9ralement leur ind\u00e9pendance.<\/span><\/p>\n<p style=\"text-align: justify;\"><span style=\"color: #0000ff;\">Comme La Fayette, beaucoup de jeunes nobles europ\u00e9ens ont pris fait et cause pour eux. Parmi eux le Polonais Kosciusko, le Prussien von Steuben, le Rh\u00e9nan von Kalb ...<\/span><\/p>\n<p style=\"text-align: justify;\"><span style=\"color: #0000ff;\">La Fayette se pr\u00e9sente \u00e0 Philadelphie devant le Congr\u00e8s am\u00e9ricain et revendique humblement le droit de servir comme simple soldat. On lui attribue le grade de <em>major g\u00e9n\u00e9ral<\/em> et il devient le proche collaborateur et l'ami du commandant en chef George Washington. Il consid\u00e8re celui-ci comme un p\u00e8re.<\/span><\/p>\n<p style=\"text-align: justify;\"><span style=\"color: #0000ff;\">Comme les autres nobles europ\u00e9ens, il va t\u00e9moigner au combat d'une bravoure et d'un professionnalisme bien sup\u00e9rieurs \u00e0 ceux des volontaires am\u00e9ricains. Le jeune marquis est bless\u00e9 \u00e0 la cuisse \u00e0 la bataille de Brandywine le 11 septembre 1777, puis, apr\u00e8s quelques mois de repos, se distingue en plusieurs occasions, notamment en p\u00e9n\u00e9trant au Canada avec une poign\u00e9e d'hommes et en secourant deux mille insurg\u00e9s assi\u00e9g\u00e9s par les Anglais.<\/span><\/p>\n<p style=\"text-align: justify;\"><span style=\"color: #0000ff;\">Au printemps 1779, il revient en France, o\u00f9 il re\u00e7oit un accueil triomphal, et plaide la cause de l'insurrection. Il r\u00e9clame l'envoi d'un corps exp\u00e9ditionnaire. Acc\u00e9dant \u00e0 sa demande, le roi Louis XVI envoie un corps de 6.000 hommes outre-Atlantique sous le commandement du g\u00e9n\u00e9ral de Rochambeau, avec le concours de la flotte du chef d'escadre Fran\u00e7ois de Grasse.<\/span><\/p>\n<p style=\"text-align: justify;\"><span style=\"color: #0000ff;\">La Fayette devance le corps exp\u00e9ditionnaire. Le 11 mars 1780, il embarque pr\u00e8s de Rochefort-sur-mer sur la fr\u00e9gate <em>L'Hermione<\/em> que lui a donn\u00e9e le roi et arrive \u00e0 Boston le 28 avril suivant. \u00c0 la t\u00eate des troupes de Virginie, il harc\u00e8le l'arm\u00e9e anglaise de lord Cornwallis et fait sa jonction avec les troupes de Washington et Rochambeau.<\/span><\/p>\n<p style=\"text-align: justify;\"><span style=\"color: #0000ff;\">Les troupes anglaises sont bient\u00f4t coinc\u00e9es dans la baie de Chesapeake, dans l'impossibilit\u00e9 de recevoir des secours par mer du fait du blocus effectu\u00e9 par la flotte de De Grasse. C'est ainsi que les alli\u00e9s franco-am\u00e9ricains remportent la victoire d\u00e9cisive de Yorktown le 17 octobre 1781.<\/span><\/p>\n<p><span style=\"font-size: 14px; color: #0000ff;\"><img decoding=\"async\" class=\"alignnone size-full wp-image-30650 aligncenter\" src=\"http:\/\/jumelage.org\/francais\/wp-content\/uploads\/2019\/05\/La-Fayette-2.jpg\" alt=\"\" width=\"640\" height=\"485\" srcset=\"https:\/\/jumelage.org\/francais\/wp-content\/uploads\/2019\/05\/La-Fayette-2.jpg 640w, https:\/\/jumelage.org\/francais\/wp-content\/uploads\/2019\/05\/La-Fayette-2-230x174.jpg 230w, https:\/\/jumelage.org\/francais\/wp-content\/uploads\/2019\/05\/La-Fayette-2-350x265.jpg 350w, https:\/\/jumelage.org\/francais\/wp-content\/uploads\/2019\/05\/La-Fayette-2-480x364.jpg 480w\" sizes=\"(max-width: 640px) 100vw, 640px\" \/><\/span><\/p>\n<p style=\"text-align: center;\"><span style=\"font-size: 14px; color: #0000ff;\"><em>La reddition de lord Cornwallis \u00e0 Yorktown (17 octobre 1781)<\/em><\/span><\/p>\n<p style=\"text-align: justify;\"><span style=\"color: #0000ff;\">C'est pratiquement la fin de la guerre d'Ind\u00e9pendance. En attendant le trait\u00e9 de paix qui sera sign\u00e9 \u00e0 Versailles, La Fayette peut s'en revenir en France, couvert de gloire et d'honneur.<\/span><\/p>\n<h2 style=\"text-align: justify;\"><span class=\"ez-toc-section\" id=\"Un-liberal-en-avance-sur-son-temps\"><\/span><span style=\"font-size: 20px; color: #0000ff;\"><strong>Un lib\u00e9ral en avance sur son temps<\/strong><\/span><span class=\"ez-toc-section-end\"><\/span><\/h2>\n<p style=\"text-align: justify;\"><span style=\"color: #0000ff;\"><span style=\"color: #ffffff;\">.\u00a0\u00a0\u00a0\u00a0\u00a0\u00a0\u00a0\u00a0<\/span>\u00a0\u00a0\u00a0 Le noble et fortun\u00e9 marquis va d\u00e8s lors cultiver son aura et se mettre au service des id\u00e9es les plus g\u00e9n\u00e9reuses de son temps. Le 17 f\u00e9vrier 1788, il cr\u00e9e avec Brissot et l'abb\u00e9 Gr\u00e9goire la <em>\u00ab\u00a0Soci\u00e9t\u00e9 des Amis des Noirs\u00a0\u00bb<\/em>, pour l'abolition de la traite et de l'esclavage.<\/span><\/p>\n<p style=\"text-align: justify;\"><span style=\"color: #0000ff;\">Enfin survient la R\u00e9volution. La Fayette est \u00e9lu d\u00e9put\u00e9 de la noblesse de Riom aux \u00e9tats g\u00e9n\u00e9raux. D\u00e8s le 11 juillet 1789, \u00e0 l'Assembl\u00e9e nationale, il pr\u00e9sente un projet de <em>D\u00e9claration europ\u00e9enne des droits de l'homme et du citoyen<\/em> (dont s'inspirera le <em>Bill of Rights<\/em> am\u00e9ricain de d\u00e9cembre 1791).<\/span><\/p>\n<p style=\"text-align: center;\"><span style=\"color: #0000ff;\"><img decoding=\"async\" class=\"alignnone size-full wp-image-30651\" src=\"http:\/\/jumelage.org\/francais\/wp-content\/uploads\/2019\/05\/La-Fayette-3.jpg\" alt=\"\" width=\"484\" height=\"596\" srcset=\"https:\/\/jumelage.org\/francais\/wp-content\/uploads\/2019\/05\/La-Fayette-3.jpg 484w, https:\/\/jumelage.org\/francais\/wp-content\/uploads\/2019\/05\/La-Fayette-3-230x283.jpg 230w, https:\/\/jumelage.org\/francais\/wp-content\/uploads\/2019\/05\/La-Fayette-3-350x431.jpg 350w, https:\/\/jumelage.org\/francais\/wp-content\/uploads\/2019\/05\/La-Fayette-3-480x591.jpg 480w\" sizes=\"(max-width: 484px) 100vw, 484px\" \/><\/span><\/p>\n<p style=\"text-align: center;\"><span style=\"font-size: 14px; color: #0000ff;\"><em>Le serment de La Fayette \u00e0 la f\u00eate de la F\u00e9d\u00e9ration, 14 juillet 1790, inconnu, Mus\u00e9e Carnavalet, Paris.<\/em><\/span><\/p>\n<p style=\"text-align: justify;\"><span style=\"color: #0000ff;\">Le 13 juillet, il est \u00e9lu vice-pr\u00e9sident de l'Assembl\u00e9e et le 15 juillet, prend la t\u00eate de la garde nationale. Le 17 juillet, il invite ses troupes \u00e0 arborer une cocarde tricolore (est-ce un hasard si l'on y retrouve les trois couleurs de la banni\u00e8re am\u00e9ricaine ?).<\/span><\/p>\n<p style=\"text-align: justify; padding-left: 40px;\"><span style=\"font-size: 14px; color: #0000ff;\"><em>Quatre ans plus tard\u00a0: la Convention \u00ab d\u00e9cr\u00e8te qu'\u00e0 compter du 1er prairial An II [20 mai 1794], le pavillon sera form\u00e9 des trois couleurs nationales dispos\u00e9es en trois bandes \u00e9gales pos\u00e9es verticalement \u00bb pour mettre fin \u00e0 la fantaisie des couleurs dans la Marine fran\u00e7aise, sujette \u00e0 confusion dans les combats.<\/em><\/span><\/p>\n<p style=\"text-align: justify;\"><span style=\"color: #0000ff;\">Mais il ne tarde pas \u00e0 \u00eatre tiraill\u00e9 entre son obligation de prot\u00e9ger le roi et son d\u00e9sir de faire progresser les id\u00e9es lib\u00e9rales de la R\u00e9volution.<\/span><\/p>\n<p style=\"text-align: justify;\"><span style=\"color: #0000ff;\">Lorsque les Parisiennes vont chercher le roi \u00e0 Versailles le 5 octobre 1789, il se montre maladroit dans la d\u00e9fense du ch\u00e2teau. Il n'en promet pas moins au roi et \u00e0 sa famille de les d\u00e9fendre quoi qu'il arrive. Cela n'a pas l'heur de rassurer la reine Marie-Antoinette, qui le d\u00e9teste.<\/span><\/p>\n<p style=\"text-align: justify;\"><span style=\"color: #0000ff;\">Le marquis de La Fayette, surnomm\u00e9 <em>\u00ab\u00a0H\u00e9ros des Deux Mondes\u00a0\u00bb<\/em>, tient son heure de gloire le 14 juillet 1790, \u00e0 l'occasion de la F\u00eate de la F\u00e9d\u00e9ration, quand il pr\u00eate serment devant le roi au nom de la garde nationale.<\/span><\/p>\n<p style=\"text-align: justify;\"><span style=\"color: #0000ff;\">Son \u00e9toile se ternit lorsque le roi et sa famille tentent de s'enfuir et sont rattrap\u00e9s \u00e0 Varennes le 21 juin 1791, sans qu'il ait pu soup\u00e7onner quoi que ce soit. Un mois plus tard, le 17 juillet 1791, sur le Champ-de-Mars, La Fayette et ses gardes sont violemment pris \u00e0 partie par des centaines de sans-culottes venus signer une p\u00e9tition du club des Cordeliers r\u00e9clamant l'instauration de la R\u00e9publique. La garde nationale tire. Une cinquantaine de manifestants sont tu\u00e9s. C'est la premi\u00e8re fracture entre le marquis lib\u00e9ral et la R\u00e9volution.<\/span><\/p>\n<p style=\"text-align: justify;\"><span style=\"color: #0000ff;\">Apr\u00e8s la chute de la monarchie, le g\u00e9n\u00e9ral de La Fayette, menac\u00e9 d'arrestation, prend la fuite avec une partie de son \u00e9tat-major. Il est incarc\u00e9r\u00e9 par les Autrichiens qui ne go\u00fbtent pas particuli\u00e8rement sa geste r\u00e9volutionnaire.<\/span><\/p>\n<p style=\"text-align: justify;\"><span style=\"color: #0000ff;\">Lib\u00e9r\u00e9 cinq ans plus tard gr\u00e2ce \u00e0 une clause particuli\u00e8re du trait\u00e9 de Campoformio n\u00e9goci\u00e9 par Bonaparte, il revient en France sous le Consulat mais se tient \u00e0 l'\u00e9cart de la vie politique jusqu'\u00e0 la chute de l'Empire, en 1814.<\/span><\/p>\n<h2 style=\"text-align: justify;\"><span style=\"font-size: 20px; color: #0000ff;\"><strong>Nostalgie, quand tu nous tiens ...<\/strong><\/span><\/h2>\n<p style=\"text-align: justify;\"><span style=\"color: #0000ff;\"><span style=\"color: #ffffff;\">.\u00a0\u00a0\u00a0\u00a0\u00a0\u00a0\u00a0\u00a0<\/span>\u00a0\u00a0\u00a0 Pendant les <em>Cent-Jours<\/em> qui suivent le retour de Napol\u00e9on 1er de l'\u00eele d'Elbe, La Fayette prend fait et cause pour l'empereur et se fait \u00e9lire d\u00e9put\u00e9 \u00e0 la Chambre des repr\u00e9sentants. Mais apr\u00e8s Waterloo, il intervient pour obliger l'empereur \u00e0 un retrait d\u00e9finitif.<\/span><\/p>\n<p style=\"text-align: justify;\"><span style=\"color: #0000ff;\">En 1818, sous le r\u00e8gne de Louis XVIII, La Fayette, encore aur\u00e9ol\u00e9 par son pass\u00e9 am\u00e9ricain et r\u00e9volutionnaire malgr\u00e9 la soixantaine bien sonn\u00e9e, se fait \u00e9lire d\u00e9put\u00e9 de la Sarthe. Toujours \u00e0 la pointe du lib\u00e9ralisme, il participe aux manigances de la <em>Charbonnerie<\/em> <span style=\"font-size: 14px;\"><em>(en Europe, soci\u00e9t\u00e9s secr\u00e8tes \u00e0 vocation politique pr\u00e9parant dans la clandestinit\u00e9 une s\u00e9rie de conspirations militaires<\/em><\/span>). et, en 1825, s'offre un voyage triomphal aux \u00c9tats-Unis.<\/span><\/p>\n<p style=\"text-align: justify;\"><span style=\"color: #0000ff;\">Lorsque la r\u00e9volution des <em>Trois Glorieuses<\/em> chasse Charles X du pouvoir, La Fayette retrouve \u00e0 pr\u00e8s de 73 ans le commandement de la garde nationale. Le 31 juillet 1830, il accueille \u00e0 l'H\u00f4tel de ville de Paris le duc Louis-Philippe d'Orl\u00e9ans, qui est comme lui un noble lib\u00e9ral attach\u00e9 \u00e0 la R\u00e9volution.<\/span><\/p>\n<p style=\"text-align: justify;\"><span style=\"color: #0000ff;\">Le\u00a0 <em>\u00ab\u00a0H\u00e9ros des Deux Mondes\u00a0\u00bb<\/em> convainc les insurg\u00e9s parisiens de porter le duc sur le tr\u00f4ne comme roi des Fran\u00e7ais en le pr\u00e9sentant comme la <em>\u00ab\u00a0meilleure des r\u00e9publiques\u00a0\u00bb<\/em>.\u00a0Chacun veut alors croire qu'avec un monarque constitutionnel tel que Louis-Philippe, la d\u00e9mocratie et la paix civile seront aussi bien assur\u00e9es, sinon mieux, que sous un r\u00e9gime r\u00e9publicain.<\/span><\/p>\n<h2 style=\"text-align: justify;\"><span class=\"ez-toc-section\" id=\"%C2%AB-La-Fayette-nous-voici-%C2%BB\"><\/span><span style=\"font-size: 20px; color: #0000ff;\"><strong><em>\u00ab\u00a0La Fayette, nous voici\u00a0!\u00a0\u00bb<\/em><\/strong><\/span><span class=\"ez-toc-section-end\"><\/span><\/h2>\n<p style=\"text-align: justify;\"><span style=\"color: #0000ff;\"><span style=\"color: #ffffff;\">.\u00a0\u00a0\u00a0\u00a0\u00a0\u00a0<\/span>\u00a0\u00a0\u00a0\u00a0\u00a0 Le <em>\u00ab\u00a0H\u00e9ros des Deux Mondes\u00a0\u00bb<\/em> meurt \u00e0 77 ans en pleine gloire. Il est inhum\u00e9 \u00e0 Paris dans le petit cimeti\u00e8re de Picpus, pr\u00e8s d'une fosse commune o\u00f9 furent ensevelis de nombreuses personnes guillotin\u00e9es sous la R\u00e9volution, y compris des membres de sa famille. Devant sa tombe se recueilleront en 1917 les premiers Am\u00e9ricains venus soutenir l'effort de guerre fran\u00e7ais et l'un d'eux aura ce cri du coeur\u00a0: <em>\u00ab\u00a0La Fayette, nous voici\u00a0!\u00a0\u00bb<\/em><\/span><\/p>\n<h1 style=\"text-align: center;\"><span class=\"ez-toc-section\" id=\"La-Fayette-etait-il-un-grand-homme\"><\/span><span style=\"text-decoration: underline;\"><span style=\"font-size: 24px;\">La Fayette, \u00e9tait-il un grand homme ?<\/span><\/span><span class=\"ez-toc-section-end\"><\/span><\/h1>\n<pre><span style=\"font-size: 14px;\"><em>Le Figaro - Jacques de Saint Victor \u2013 23 mai 2019<\/em><\/span><\/pre>\n<p style=\"text-align: center;\"><img decoding=\"async\" class=\"alignnone size-full wp-image-24198\" src=\"http:\/\/jumelage.org\/francais\/wp-content\/uploads\/2019\/05\/La-Fayette-\u00e9tait-il-un-grand-homme.jpg\" alt=\"\" width=\"661\" height=\"430\" srcset=\"https:\/\/jumelage.org\/francais\/wp-content\/uploads\/2019\/05\/La-Fayette-\u00e9tait-il-un-grand-homme.jpg 661w, https:\/\/jumelage.org\/francais\/wp-content\/uploads\/2019\/05\/La-Fayette-\u00e9tait-il-un-grand-homme-300x195.jpg 300w, https:\/\/jumelage.org\/francais\/wp-content\/uploads\/2019\/05\/La-Fayette-\u00e9tait-il-un-grand-homme-600x390.jpg 600w, https:\/\/jumelage.org\/francais\/wp-content\/uploads\/2019\/05\/La-Fayette-\u00e9tait-il-un-grand-homme-230x150.jpg 230w, https:\/\/jumelage.org\/francais\/wp-content\/uploads\/2019\/05\/La-Fayette-\u00e9tait-il-un-grand-homme-350x228.jpg 350w, https:\/\/jumelage.org\/francais\/wp-content\/uploads\/2019\/05\/La-Fayette-\u00e9tait-il-un-grand-homme-480x312.jpg 480w\" sizes=\"(max-width: 661px) 100vw, 661px\" \/><\/p>\n<p style=\"text-align: center;\"><span style=\"font-size: 14px;\"><em>En 1777, \u00e0 dix-neuf ans, La Fayette embarque pour l\u2019Am\u00e9rique afin de participer \u00e0 la guerre d\u2019Ind\u00e9pendance am\u00e9ricaine. Granger NYC\/Rue des Archives<\/em><\/span><\/p>\n<p style=\"text-align: justify;\"><span style=\"color: #ffffff;\">.\u00a0\u00a0\u00a0\u00a0\u00a0\u00a0\u00a0\u00a0\u00a0\u00a0\u00a0<\/span> Chez les historiens, La Fayette (ou Lafayette) n\u2019a pas bonne r\u00e9putation, sauf en Am\u00e9rique (\u00ab La Fayette nous voil\u00e0 ! \u00bb). Le h\u00e9ros de la guerre de l\u2019Ind\u00e9pendance am\u00e9ricaine fait figure en France d\u2019esprit fat et sans saveur, seulement avide de popularit\u00e9, \u00ab une idole m\u00e9diocre, nous dit Michelet, que la R\u00e9volution a \u00e9lev\u00e9e bien au-dessus de ses maigres talents \u00bb. Ainsi \u00e9tait-ce avec un r\u00e9el int\u00e9r\u00eat que nous nous sommes pr\u00e9cipit\u00e9s sur cette nouvelle biographie du \u00ab <em>h\u00e9ros des Deux Mondes<\/em> \u00bb. On la doit \u00e0 un journaliste, Laurent Zecchini, correspondant du <em>Monde<\/em> \u00e0 Washington, qui a fait un travail important et bien document\u00e9.<\/p>\n<p style=\"text-align: justify;\">L\u2019auteur ne cache pas son ambition : r\u00e9habiliter cette figure de la R\u00e9publique lib\u00e9rale. Changer l\u2019image qu\u2019on peut avoir du g\u00e9n\u00e9ral n\u2019est pas une mince affaire. Ce peut m\u00eame \u00eatre un enjeu politique.<\/p>\n<p style=\"text-align: justify;\"><span style=\"color: #ffffff;\">.\u00a0\u00a0\u00a0\u00a0\u00a0\u00a0\u00a0\u00a0\u00a0\u00a0\u00a0<\/span> La Fayette, ami de Washington, est en effet une des personnalit\u00e9s connues de la R\u00e9volution ayant une authentique sensibilit\u00e9 \u00e0 la fois \u00ab lib\u00e9rale \u00bb et r\u00e9publicaine. C\u2019est suffisamment rare pour \u00eatre salu\u00e9. On conna\u00eet les grandes figures jacobines de la Convention qui, \u00e0 l\u2019instar d\u2019un Robespierre ou d\u2019un Carnot, ont sauv\u00e9 la nation, mais \u00e0 quel prix ! Une Terreur impitoyable qui a r\u00e9duit la nation fran\u00e7aise au rang d\u2019une tyrannie antique et conduit nombre de Fran\u00e7ais \u00e0 associer la fondation de la R\u00e9publique \u00e0 ce triste bilan.<\/p>\n<p style=\"text-align: justify;\">La Fayette repr\u00e9sente au contraire un versant plus mod\u00e9r\u00e9 de la R\u00e9publique naissante, qui convient mieux \u00e0 notre \u00e9poque. D\u2019o\u00f9 l\u2019importance du g\u00e9n\u00e9ral : mais l\u2019homme est-il \u00e0 la hauteur de ce qu\u2019il incarne ?<\/p>\n<p style=\"text-align: justify;\"><span style=\"color: #ffffff;\">.\u00a0\u00a0\u00a0\u00a0\u00a0\u00a0\u00a0\u00a0\u00a0\u00a0\u00a0<\/span> Malheureusement, la lecture de cet int\u00e9ressant travail de Laurent Zecchini ne parvient pas, et il faut saluer son honn\u00eatet\u00e9, \u00e0 nous faire changer d\u2019avis sur le caract\u00e8re superficiel du <em>grand h\u00e9ros des Deux Mondes<\/em>. Qu\u2019il ait \u00e9t\u00e9 le premier \u00e0 avoir saisi l\u2019importance des m\u00e9dias pour se construire une \u00ab stature \u00bb, cela ne fait aucun doute. Mais il n\u2019y a rien derri\u00e8re. Vaniteux et habile, mais n\u2019ayant ni la stature d\u2019un homme d\u2019\u00c9tat ni m\u00eame celle d\u2019un th\u00e9oricien, toujours un peu d\u00e9pass\u00e9 par les \u00e9v\u00e9nements, il a compris l\u2019int\u00e9r\u00eat de se placer au service des Am\u00e9ricains pour les lib\u00e9rer du joug anglais. Il se taille une belle popularit\u00e9. Mais cela s\u2019arr\u00eate l\u00e0. Au moins l\u2019homme trouve-t-il outre-Atlantique un sens \u00e0 sa vie : il sera conquis par l\u2019id\u00e9al r\u00e9publicain. Mais il ne parviendra pas \u00e0 l\u2019incarner. Il restera toujours en dessous de sa t\u00e2che. L\u2019histoire lui offrira pourtant \u00e0 plusieurs reprises des occasions sur un plateau.<\/p>\n<p style=\"text-align: justify;\">Il passe \u00e0 c\u00f4t\u00e9 de la R\u00e9volution. En 1789, apr\u00e8s avoir d\u00e9stabilis\u00e9 la monarchie, il ne cesse de se d\u00e9rober, tout en briguant la place de \u00ab maire du Palais \u00bb. Chateaubriand dira qu\u2019il \u00ab r\u00eavasse \u00bb \u00e0 la R\u00e9volution. Il gagne durant les journ\u00e9es d\u2019octobre 1789 le surnom bien m\u00e9rit\u00e9 de \u00ab g\u00e9n\u00e9ral Morph\u00e9e \u00bb, s\u2019\u00e9tant lev\u00e9 trop tard pour \u00e9viter l\u2019invasion du ch\u00e2teau royal. Zecchini le reconna\u00eet : il a fait preuve de \u00ab n\u00e9gligence \u00bb. Ensuite, il ne fait pas le poids devant l\u2019intelligence d\u2019un Mirabeau ou d\u2019un Danton. Ayant d\u00e9sert\u00e9 en 1792, il se montre courageux dans le malheur. Il va passer le reste de la R\u00e9volution dans une ge\u00f4le autrichienne, puis refuser de servir Bonaparte.<\/p>\n<p style=\"text-align: justify;\">Mais, apr\u00e8s 1815, il passe encore une fois \u00e0 c\u00f4t\u00e9 de son destin, faisant preuve au minimum de \u00ab l\u00e9g\u00e8ret\u00e9 \u00bb. Et le sommet est atteint en 1830. Alors qu\u2019il est devenu la grande figure de l\u2019opposition r\u00e9publicaine, il se fait \u00ab manipuler \u00bb, dit Zecchini, par le duc d\u2019Orl\u00e9ans, et c\u2019est lui qui permet l\u2019av\u00e8nement de la monarchie bourgeoise. \u00ab La meilleure des R\u00e9publiques \u00bb, aurait-il dit. Bref, son bilan est nul en 1830. Il reste un grand nom pour les livres d\u2019enfants et les r\u00e9ceptions \u00e0 l\u2019ambassade de France \u00e0 Washington.<\/p>\n<h1 style=\"text-align: center;\"><span class=\"ez-toc-section\" id=\"%E2%80%9CLafayette-in-America-in-1824-and-1825%E2%80%9D\"><\/span><span style=\"text-decoration: underline; color: #800000;\"><span style=\"font-size: 24px;\"><strong>\u201cLafayette in America in 1824 and 1825\u201d<\/strong><\/span><\/span><span class=\"ez-toc-section-end\"><\/span><\/h1>\n<pre style=\"text-align: justify;\"><span style=\"font-size: 14px; color: #800000;\"><em>http:\/\/www.lafayetteinamerica.com (2022)\n<\/em><\/span><\/pre>\n<p style=\"text-align: justify;\"><span style=\"color: #800000;\"><span style=\"color: #ffffff;\">.\u00a0\u00a0\u00a0\u00a0\u00a0\u00a0\u00a0\u00a0\u00a0\u00a0<\/span>\u00a0 Alan R. Hoffman a obtenu un BA en histoire au Yale College, avant d'obtenir un JD \u00e0 la Harvard Law School ; il pratique le droit \u00e0 Boston depuis 40 ans. Passionn\u00e9 par l'histoire des d\u00e9buts de l'Am\u00e9rique, il a \"d\u00e9couvert\" Lafayette en 2002 et a pass\u00e9 deux ans - de 2003 \u00e0 2005 - \u00e0 traduire <em>Lafayette in America in 1824 and 1825<\/em> d'Auguste Levasseur, le r\u00e9cit de premi\u00e8re main du voyage d'adieu de Lafayette en Am\u00e9rique \u00e9crit par son secr\u00e9taire particulier. Auguste Levasseur, \u00e9crivain et diplomate fran\u00e7ais, accompagna La Fayette lors de son dernier voyage en Am\u00e9rique. Cette traduction en am\u00e9ricain a \u00e9t\u00e9 publi\u00e9e en 2006 et en est \u00e0 sa troisi\u00e8me impression. A.R.. Hoffman a donn\u00e9 de nombreuses conf\u00e9rences sur Lafayette - environ 150 - et s'est exprim\u00e9 dans chacun des 24 \u00c9tats que Lafayette a visit\u00e9s au cours de son voyage d'adieu. <\/span><span style=\"color: #800000;\">Hoffman est pr\u00e9sident de l'<em>American Friends of Lafayette<\/em> et pr\u00e9sident de la <em>Massachusetts Lafayette Society<\/em>. <\/span><\/p>\n<p style=\"text-align: center;\"><span style=\"text-decoration: underline; font-size: 20px;\"><span style=\"color: #800000; text-decoration: underline;\">Titre et description des conf\u00e9rences Lafayette<\/span><\/span><\/p>\n<p style=\"text-align: justify;\"><span style=\"color: #800000;\"><strong>Lafayette et la tourn\u00e9e d'adieu : Odyss\u00e9e d'une idole am\u00e9ricaine<\/strong><\/span><\/p>\n<p style=\"text-align: justify;\"><span style=\"color: #800000;\"><span style=\"color: #ffffff;\">.\u00a0\u00a0\u00a0\u00a0\u00a0\u00a0\u00a0\u00a0\u00a0\u00a0<\/span>\u00a0 Le g\u00e9n\u00e9ral Lafayette, n\u00e9 Marquis de Lafayette en Auvergne, France, \u00e9tait v\u00e9ritablement une idole am\u00e9ricaine au 19\u00e8me si\u00e8cle. La preuve en est que 80 comt\u00e9s, villes et villages ont \u00e9t\u00e9 baptis\u00e9s de son nom, ainsi que, partout, des rues et des routes. L'extraordinaire r\u00e9putation de Lafayette reposait sur ses \u00e9tats de service pendant la R\u00e9volution, son amiti\u00e9 avec Washington, sa d\u00e9fense constante des int\u00e9r\u00eats am\u00e9ricains, sa vie romanesque et, peut-\u00eatre, surtout, son voyage d'adieu en Am\u00e9rique, au cours duquel il a visit\u00e9 les 24 \u00c9tats et la ville de Washington, en qualit\u00e9 de dernier g\u00e9n\u00e9ral de l'arm\u00e9e continentale encore en vie. Partout un accueil grandiose lui fut r\u00e9serv\u00e9 par le peuple am\u00e9ricain.<\/span><\/p>\n<p style=\"text-align: justify;\"><span style=\"color: #800000;\"><strong>Lafayette :\u00a0 Symbole de l'amiti\u00e9 franco-am\u00e9ricaine<\/strong><\/span><\/p>\n<p style=\"text-align: justify;\"><span style=\"color: #800000;\"><span style=\"color: #ffffff;\">.\u00a0\u00a0\u00a0\u00a0\u00a0<\/span>\u00a0\u00a0\u00a0\u00a0\u00a0\u00a0 Lafayette a \u00e9t\u00e9 le symbole de l'amiti\u00e9 franco-am\u00e9ricaine, de son vivant bien s\u00fbr, principalement de 1777 \u00e0 1792, mais qui perdurera apr\u00e8s sa mort. Dans la mesure o\u00f9 le peuple am\u00e9ricain se souvient de Lafayette, il se rappelle son r\u00f4le au XVIIIe si\u00e8cle dans la R\u00e9volution am\u00e9ricaine et ses actions en faveur des int\u00e9r\u00eats am\u00e9ricains dans les ann\u00e9es 1780. Cependant, Hoffman met l'accent sur le r\u00f4le de la tourn\u00e9e d'adieu de Lafayette en 1824-1825, au cours de laquelle il a visit\u00e9 les 24 \u00c9tats de l'Union, en tant qu'<em>invit\u00e9 de la nation<\/em>, imprimant son nom et sa r\u00e9putation dans la psych\u00e9 am\u00e9ricaine. \u00a0Ce programme de conf\u00e9rences explorera cette p\u00e9riode initiale de l'amiti\u00e9 franco-am\u00e9ricaine, mais se concentrera sur le r\u00f4le symbolique posthume de Lafayette, notamment son r\u00f4le d'inspirateur de la <em>Statue de la Libert\u00e9<\/em>, de facilitateur de l'entr\u00e9e et de la participation de l'Am\u00e9rique \u00e0 la Grande Guerre en 1917.<\/span><\/p>\n<p style=\"text-align: justify;\"><span style=\"color: #800000;\"><strong>Lafayette et les droits de l'homme<\/strong><\/span><\/p>\n<p style=\"text-align: justify;\"><span style=\"color: #800000;\"><span style=\"color: #ffffff;\">.\u00a0\u00a0\u00a0\u00a0\u00a0\u00a0\u00a0\u00a0\u00a0\u00a0<\/span>\u00a0 La premi\u00e8re incursion de Lafayette dans le domaine des droits de l'homme a eu lieu lors de la R\u00e9volution am\u00e9ricaine, qu'il consid\u00e9rait comme une cause importante pour toute l'humanit\u00e9. Il a \u00e9crit ceci alors qu'il s'embarquait pour l'Am\u00e9rique quelques mois avant son 20\u00e8me anniversaire : \"<em>Le bien-\u00eatre de l'Am\u00e9rique est intimement li\u00e9 au bonheur de toute l'humanit\u00e9 ; elle deviendra l'asile respectable et s\u00fbr de la vertu, de l'int\u00e9grit\u00e9, de la tol\u00e9rance, de l'\u00e9galit\u00e9 et de la libert\u00e9 pacifique.<\/em>\" Il continue \u00e0 promouvoir les droits naturels - ce qu'il appelle \"l<em>es droits de l'homme et du citoyen<\/em>\" dans sa d\u00e9claration de 1789 en France - en soutenant les r\u00e9volutions en Europe et en Am\u00e9rique du Sud.<\/span><\/p>\n<p style=\"text-align: justify;\"><span style=\"color: #800000;\">Lafayette utilise son prestige et son influence pour d\u00e9fendre des causes visant \u00e0 \u00e9tendre et \u00e0 renforcer les droits de l'homme pour les opprim\u00e9s. Il a fait pression avec succ\u00e8s en faveur des protestants de France qui n'avaient pas pu pratiquer leur religion publiquement depuis la r\u00e9vocation de l'\u00e9dit de Nantes en 1685. Il s'est oppos\u00e9 \u00e0 l'isolement cellulaire et \u00e0 la peine de mort. Il pr\u00e9conise le suffrage universel pour les hommes en France.<\/span><\/p>\n<p style=\"text-align: justify;\"><span style=\"color: #800000;\"><span style=\"color: #ffffff;\">.\u00a0\u00a0\u00a0\u00a0\u00a0\u00a0\u00a0\u00a0\u00a0\u00a0\u00a0<\/span> L'abolition de l'esclavage am\u00e9ricain est la cause qui a mobilis\u00e9 Lafayette le plus intens\u00e9ment et continuellement, de 1783 \u00e0 sa mort en 1834. Un biographe r\u00e9cent le d\u00e9crit comme le premier abolitionniste international. Il parla vrai aux hommes de pouvoir, \u00e0 Washington, son ami \u00ab paternel \u00bb dans les ann\u00e9es 1780, comme \u00e0 Jefferson dans les ann\u00e9es 1820. Lafayette plaida pour l'\u00e9ducation des esclaves et leur \u00e9mancipation progressive. Dans les ann\u00e9es 1780, apr\u00e8s que Washington eut h\u00e9sit\u00e9 \u00e0 se joindre \u00e0 lui pour acheter une plantation abolitionniste exp\u00e9rimentale en Am\u00e9rique, Lafayette en acheta une \u00e0 Cayenne, la fran\u00e7aise, et demanda \u00e0 son contrema\u00eetre de pourvoir \u00e0 l'\u00e9ducation des travailleurs et de leur verser un salaire jusqu'\u00e0 ce qu'ils puissent acheter leur libert\u00e9.<\/span><\/p>\n<p style=\"text-align: justify;\"><span style=\"color: #800000;\">Lafayette \u00e9tait un ami proche de Thomas Clarkson, l'abolitionniste britannique qui, en 1845, 11 ans apr\u00e8s la mort de Lafayette, le citait comme suit : \"<em>Je n'aurais jamais tir\u00e9 mon \u00e9p\u00e9e pour la cause de l'Am\u00e9rique, si j'avais pu concevoir que par l\u00e0 je fondais une terre d'esclavage.<\/em>\" Apr\u00e8s la publication de la lettre de Clarkson dans le<em> Liberator<\/em> en janvier 1846, les abolitionnistes utiliseront la \"<em>complainte de Lafayette<\/em>\" pour faire avancer leur cause.<\/span><\/p>\n<h1 style=\"text-align: center;\"><span class=\"ez-toc-section\" id=\"Pourquoi-la-cle-de-la-Bastille-est-elle-conservee-aux-Etats-Unis\"><\/span><span style=\"font-size: 24px;\"><strong>Pourquoi la cl\u00e9 de la Bastille est-elle conserv\u00e9e aux \u00c9tats-Unis\u00a0?<\/strong><\/span><span class=\"ez-toc-section-end\"><\/span><\/h1>\n<p style=\"text-align: justify; padding-left: 40px;\"><em>La cl\u00e9 de la Bastille est toujours conserv\u00e9e\u2026 \u00e0 Mount Vernon, aux \u00c9tats-Unis<\/em>.<\/p>\n<p style=\"text-align: justify;\"><span style=\"color: #ffffff;\">.\u00a0\u00a0\u00a0\u00a0\u00a0\u00a0\u00a0<\/span>\u00a0\u00a0\u00a0\u00a0 Si l\u2019\u00e9difice, apr\u00e8s avoir \u00e9t\u00e9 pris d\u2019assaut les \u00e9meutiers le 14 juillet 1789, a aujourd\u2019hui enti\u00e8rement disparu, une des cl\u00e9s subsiste. Mais bien loin de la France : elle se trouve \u00e0 Mount Vernon, aux \u00c9tats-Unis.<\/p>\n<p style=\"text-align: center;\"><img decoding=\"async\" class=\"alignnone  wp-image-31473\" src=\"http:\/\/jumelage.org\/francais\/wp-content\/uploads\/2019\/05\/La-Fayette-Cle-1.jpg\" alt=\"\" width=\"646\" height=\"419\" srcset=\"https:\/\/jumelage.org\/francais\/wp-content\/uploads\/2019\/05\/La-Fayette-Cle-1.jpg 1260w, https:\/\/jumelage.org\/francais\/wp-content\/uploads\/2019\/05\/La-Fayette-Cle-1-1000x648.jpg 1000w, https:\/\/jumelage.org\/francais\/wp-content\/uploads\/2019\/05\/La-Fayette-Cle-1-768x498.jpg 768w, https:\/\/jumelage.org\/francais\/wp-content\/uploads\/2019\/05\/La-Fayette-Cle-1-920x597.jpg 920w, https:\/\/jumelage.org\/francais\/wp-content\/uploads\/2019\/05\/La-Fayette-Cle-1-230x149.jpg 230w, https:\/\/jumelage.org\/francais\/wp-content\/uploads\/2019\/05\/La-Fayette-Cle-1-350x227.jpg 350w, https:\/\/jumelage.org\/francais\/wp-content\/uploads\/2019\/05\/La-Fayette-Cle-1-480x311.jpg 480w\" sizes=\"(max-width: 646px) 100vw, 646px\" \/><\/p>\n<p style=\"text-align: center;\"><em><span style=\"font-size: 14px;\">Tableau repr\u00e9sentatif de la prise de la Bastille \u2013 Anonyme, vers 1790.<\/span><\/em><\/p>\n<p style=\"text-align: justify;\">Le 17\u00a0mars\u00a01790, soit pr\u00e8s d\u2019un an apr\u00e8s avoir pris la Bastille, les r\u00e9volutionnaires pr\u00e9sentent la cl\u00e9 du b\u00e2timent \u00e0 Gilbert du Motier, marquis de La Fayette. Surnomm\u00e9 le \u00ab\u00a0h\u00e9ros des deux mondes\u00a0\u00bb, le g\u00e9n\u00e9ral est en effet une figure embl\u00e9matique de la R\u00e9volution fran\u00e7aise.<\/p>\n<p style=\"text-align: justify;\"><span style=\"color: #ffffff;\">.\u00a0\u00a0\u00a0\u00a0\u00a0\u00a0\u00a0<\/span>\u00a0\u00a0\u00a0\u00a0 Nomm\u00e9 g\u00e9n\u00e9ral \u00e0 l\u2019\u00e2ge de 19\u00a0ans par le pr\u00e9sident am\u00e9ricain George Washington, il avait auparavant jou\u00e9 un r\u00f4le d\u00e9cisif dans la guerre d\u2019ind\u00e9pendance des \u00c9tats-Unis (1775-1783) contre la Grande-Bretagne. La Fayette accepte la cl\u00e9 de la Bastille et \u2026 l\u2019envoie \u00e0 George Washington \u00e0 New York, aux \u00c9tats-Unis, en signe de son amiti\u00e9\u00a0: <em>\u00ab\u00a0C\u2019est un hommage que je dois en tant que fils \u00e0 mon p\u00e8re adoptif, aide de camp \u00e0 mon g\u00e9n\u00e9ral, missionnaire de la libert\u00e9 \u00e0 son patriarche\u00a0\u00bb.<\/em><\/p>\n<p style=\"text-align: justify;\">La Fayette confie l\u2019imposante cl\u00e9, qui mesure plus de 18\u00a0centim\u00e8tres et p\u00e8se pr\u00e8s d\u2019un kilo, \u00e0 l\u2019intellectuel et r\u00e9volutionnaire fran\u00e7ais Thomas Paine, avec mission de la remettre \u00e0 George Washington. Le voyage de Paine aux \u00c9tats-Unis est finalement annul\u00e9. C\u2019est donc entre les mains de John Rutledge JR, avocat de Caroline du Sud, que tombe la cl\u00e9 de la Bastille. Il a pour mission de la ramener \u00e0 bon port.<\/p>\n<p><img decoding=\"async\" class=\"alignnone size-full wp-image-31475 aligncenter\" src=\"http:\/\/jumelage.org\/francais\/wp-content\/uploads\/2019\/05\/La-Fayette-Cle-3.jpg\" alt=\"\" width=\"601\" height=\"680\" srcset=\"https:\/\/jumelage.org\/francais\/wp-content\/uploads\/2019\/05\/La-Fayette-Cle-3.jpg 601w, https:\/\/jumelage.org\/francais\/wp-content\/uploads\/2019\/05\/La-Fayette-Cle-3-230x260.jpg 230w, https:\/\/jumelage.org\/francais\/wp-content\/uploads\/2019\/05\/La-Fayette-Cle-3-350x396.jpg 350w, https:\/\/jumelage.org\/francais\/wp-content\/uploads\/2019\/05\/La-Fayette-Cle-3-480x543.jpg 480w\" sizes=\"(max-width: 601px) 100vw, 601px\" \/><\/p>\n<p style=\"text-align: justify;\"><span style=\"color: #ffffff;\">.\u00a0\u00a0\u00a0<\/span>\u00a0\u00a0\u00a0\u00a0\u00a0\u00a0\u00a0\u00a0 George Washington re\u00e7oit le pr\u00e9sent au d\u00e9but du mois d\u2019ao\u00fbt\u00a01790, et s\u2019empresse d\u2019envoyer \u00e0 La Fayette une lettre de remerciements\u2026 et des boucles de chaussures. Cadeau \u00e9tonnant, mais qui n\u2019est pas offert par George Washington <strong>\u00ab\u00a0<\/strong><em>pour sa valeur, mais parce qu\u2019elles repr\u00e9sentent un m\u00e9morial, car elles sont issues des usines de cette ville<\/em><strong>\u00a0\u00bb<\/strong>, soit New York, comme il l\u2019explique au g\u00e9n\u00e9ral dans sa lettre.<\/p>\n<p style=\"text-align: justify;\"><span style=\"color: #ffffff;\">.\u00a0\u00a0\u00a0\u00a0\u00a0\u00a0\u00a0\u00a0\u00a0<\/span>\u00a0\u00a0 La c\u00e9l\u00e8bre cl\u00e9, dont les dents ont la forme des fleurs de lys, le symbole royal fran\u00e7ais, a \u00e9t\u00e9 expos\u00e9e par George Washington lors d\u2019une r\u00e9ception \u00e0 New York (alors capitale des \u00c9tats-Unis), au mois d\u2019ao\u00fbt de la m\u00eame ann\u00e9e. Elle n\u2019est jamais revenue ensuite au pays envoyeur. Elle est aujourd\u2019hui accroch\u00e9e dans le hall d\u2019entr\u00e9e du premier \u00e9tage de la maison de George Washington, \u00e0 Mount Vernon en Virginie (\u00c9tats-Unis). Elle est un symbole d\u2019amiti\u00e9 entre les deux pays\u2026 Et un rappel que l\u2019histoire des r\u00e9volutions fran\u00e7aises et am\u00e9ricaines est m\u00eal\u00e9e.<\/p>\n<p><img decoding=\"async\" class=\" wp-image-31474 aligncenter\" src=\"http:\/\/jumelage.org\/francais\/wp-content\/uploads\/2019\/05\/La-Fayette-Cle-2.jpg\" alt=\"\" width=\"620\" height=\"349\" srcset=\"https:\/\/jumelage.org\/francais\/wp-content\/uploads\/2019\/05\/La-Fayette-Cle-2.jpg 1260w, https:\/\/jumelage.org\/francais\/wp-content\/uploads\/2019\/05\/La-Fayette-Cle-2-1000x563.jpg 1000w, https:\/\/jumelage.org\/francais\/wp-content\/uploads\/2019\/05\/La-Fayette-Cle-2-768x432.jpg 768w, https:\/\/jumelage.org\/francais\/wp-content\/uploads\/2019\/05\/La-Fayette-Cle-2-920x518.jpg 920w, https:\/\/jumelage.org\/francais\/wp-content\/uploads\/2019\/05\/La-Fayette-Cle-2-230x129.jpg 230w, https:\/\/jumelage.org\/francais\/wp-content\/uploads\/2019\/05\/La-Fayette-Cle-2-350x197.jpg 350w, https:\/\/jumelage.org\/francais\/wp-content\/uploads\/2019\/05\/La-Fayette-Cle-2-480x270.jpg 480w\" sizes=\"(max-width: 620px) 100vw, 620px\" \/><\/p>\n<\/div>\n<\/div><\/div><\/div><\/div><\/div><\/div><\/div>","protected":false},"excerpt":{"rendered":"<p>La Fayette, un h\u00e9ros ! A Daily Dose of History .\u00a0\u00a0\u00a0\u00a0\u00a0\u00a0\u00a0\u00a0\u00a0\u00a0\u00a0 L&rsquo;hiver 1779-1780 fut une sombre p\u00e9riode dans la lutte pour l&rsquo;ind\u00e9pendance am\u00e9ricaine. L&rsquo;arm\u00e9e de [&hellip;]<\/p>\n","protected":false},"author":1,"featured_media":24197,"comment_status":"open","ping_status":"open","sticky":false,"template":"post-templates\/post_full.php","format":"standard","meta":{"two_page_speed":[],"footnotes":""},"categories":[17],"tags":[],"class_list":["post-24196","post","type-post","status-publish","format-standard","has-post-thumbnail","hentry","category-usa-france"],"yoast_head":"<!-- This site is optimized with the Yoast SEO plugin v27.5 - https:\/\/yoast.com\/product\/yoast-seo-wordpress\/ -->\n<title>La Fayette, un h\u00e9ros ! un grand homme ? Jumelage<\/title>\n<meta name=\"description\" content=\"Chez les historiens, La Fayette (ou Lafayette) n\u2019a pas bonne r\u00e9putation, sauf en Am\u00e9rique (\u00ab La Fayette nous voil\u00e0 ! \u00bb).\" \/>\n<meta name=\"robots\" content=\"index, follow, max-snippet:-1, max-image-preview:large, max-video-preview:-1\" \/>\n<link rel=\"canonical\" href=\"https:\/\/jumelage.org\/francais\/la-fayette-un-heros-un-grand-homme\/\" \/>\n<meta property=\"og:locale\" content=\"fr_FR\" \/>\n<meta property=\"og:type\" content=\"article\" \/>\n<meta property=\"og:title\" content=\"La Fayette, un h\u00e9ros ! un grand homme ? Jumelage\" \/>\n<meta property=\"og:description\" content=\"Chez les historiens, La Fayette (ou Lafayette) n\u2019a pas bonne r\u00e9putation, sauf en Am\u00e9rique (\u00ab La Fayette nous voil\u00e0 ! \u00bb).\" \/>\n<meta property=\"og:url\" content=\"https:\/\/jumelage.org\/francais\/la-fayette-un-heros-un-grand-homme\/\" \/>\n<meta property=\"og:site_name\" content=\"Jumelage\" \/>\n<meta property=\"article:publisher\" content=\"http:\/\/www.facebook.com\/jumelagew.sgl\/\" \/>\n<meta property=\"article:published_time\" content=\"2019-05-27T19:01:58+00:00\" \/>\n<meta property=\"article:modified_time\" content=\"2022-07-22T20:20:50+00:00\" \/>\n<meta property=\"og:image\" content=\"https:\/\/jumelage.org\/francais\/wp-content\/uploads\/2019\/05\/La-Fayette-\u00e9tait-il-un-grand-homme-1.jpg\" \/>\n\t<meta property=\"og:image:width\" content=\"508\" \/>\n\t<meta property=\"og:image:height\" content=\"384\" \/>\n\t<meta property=\"og:image:type\" content=\"image\/jpeg\" \/>\n<meta name=\"author\" content=\"JumSGLW\" \/>\n<meta name=\"twitter:card\" content=\"summary_large_image\" \/>\n<meta name=\"twitter:label1\" content=\"\u00c9crit par\" \/>\n\t<meta name=\"twitter:data1\" content=\"JumSGLW\" \/>\n\t<meta name=\"twitter:label2\" content=\"Dur\u00e9e de lecture estim\u00e9e\" \/>\n\t<meta name=\"twitter:data2\" content=\"20 minutes\" \/>\n<script type=\"application\/ld+json\" class=\"yoast-schema-graph\">{\"@context\":\"https:\\\/\\\/schema.org\",\"@graph\":[{\"@type\":\"Article\",\"@id\":\"https:\\\/\\\/jumelage.org\\\/francais\\\/la-fayette-un-heros-un-grand-homme\\\/#article\",\"isPartOf\":{\"@id\":\"https:\\\/\\\/jumelage.org\\\/francais\\\/la-fayette-un-heros-un-grand-homme\\\/\"},\"author\":{\"name\":\"JumSGLW\",\"@id\":\"http:\\\/\\\/jumelage.org\\\/francais\\\/#\\\/schema\\\/person\\\/74dafcd8c5dfbdc6c0bfb7efcd1020be\"},\"headline\":\"La Fayette, un h\u00e9ros ! un grand homme ?\",\"datePublished\":\"2019-05-27T19:01:58+00:00\",\"dateModified\":\"2022-07-22T20:20:50+00:00\",\"mainEntityOfPage\":{\"@id\":\"https:\\\/\\\/jumelage.org\\\/francais\\\/la-fayette-un-heros-un-grand-homme\\\/\"},\"wordCount\":4469,\"commentCount\":0,\"image\":{\"@id\":\"https:\\\/\\\/jumelage.org\\\/francais\\\/la-fayette-un-heros-un-grand-homme\\\/#primaryimage\"},\"thumbnailUrl\":\"https:\\\/\\\/jumelage.org\\\/francais\\\/wp-content\\\/uploads\\\/2019\\\/05\\\/La-Fayette-\u00e9tait-il-un-grand-homme-1.jpg\",\"articleSection\":[\"USA &amp; France\"],\"inLanguage\":\"fr-FR\",\"potentialAction\":[{\"@type\":\"CommentAction\",\"name\":\"Comment\",\"target\":[\"https:\\\/\\\/jumelage.org\\\/francais\\\/la-fayette-un-heros-un-grand-homme\\\/#respond\"]}]},{\"@type\":\"WebPage\",\"@id\":\"https:\\\/\\\/jumelage.org\\\/francais\\\/la-fayette-un-heros-un-grand-homme\\\/\",\"url\":\"https:\\\/\\\/jumelage.org\\\/francais\\\/la-fayette-un-heros-un-grand-homme\\\/\",\"name\":\"La Fayette, un h\u00e9ros ! un grand homme ? Jumelage\",\"isPartOf\":{\"@id\":\"http:\\\/\\\/jumelage.org\\\/francais\\\/#website\"},\"primaryImageOfPage\":{\"@id\":\"https:\\\/\\\/jumelage.org\\\/francais\\\/la-fayette-un-heros-un-grand-homme\\\/#primaryimage\"},\"image\":{\"@id\":\"https:\\\/\\\/jumelage.org\\\/francais\\\/la-fayette-un-heros-un-grand-homme\\\/#primaryimage\"},\"thumbnailUrl\":\"https:\\\/\\\/jumelage.org\\\/francais\\\/wp-content\\\/uploads\\\/2019\\\/05\\\/La-Fayette-\u00e9tait-il-un-grand-homme-1.jpg\",\"datePublished\":\"2019-05-27T19:01:58+00:00\",\"dateModified\":\"2022-07-22T20:20:50+00:00\",\"author\":{\"@id\":\"http:\\\/\\\/jumelage.org\\\/francais\\\/#\\\/schema\\\/person\\\/74dafcd8c5dfbdc6c0bfb7efcd1020be\"},\"description\":\"Chez les historiens, La Fayette (ou Lafayette) n\u2019a pas bonne r\u00e9putation, sauf en Am\u00e9rique (\u00ab La Fayette nous voil\u00e0 ! \u00bb).\",\"breadcrumb\":{\"@id\":\"https:\\\/\\\/jumelage.org\\\/francais\\\/la-fayette-un-heros-un-grand-homme\\\/#breadcrumb\"},\"inLanguage\":\"fr-FR\",\"potentialAction\":[{\"@type\":\"ReadAction\",\"target\":[\"https:\\\/\\\/jumelage.org\\\/francais\\\/la-fayette-un-heros-un-grand-homme\\\/\"]}]},{\"@type\":\"ImageObject\",\"inLanguage\":\"fr-FR\",\"@id\":\"https:\\\/\\\/jumelage.org\\\/francais\\\/la-fayette-un-heros-un-grand-homme\\\/#primaryimage\",\"url\":\"https:\\\/\\\/jumelage.org\\\/francais\\\/wp-content\\\/uploads\\\/2019\\\/05\\\/La-Fayette-\u00e9tait-il-un-grand-homme-1.jpg\",\"contentUrl\":\"https:\\\/\\\/jumelage.org\\\/francais\\\/wp-content\\\/uploads\\\/2019\\\/05\\\/La-Fayette-\u00e9tait-il-un-grand-homme-1.jpg\",\"width\":508,\"height\":384},{\"@type\":\"BreadcrumbList\",\"@id\":\"https:\\\/\\\/jumelage.org\\\/francais\\\/la-fayette-un-heros-un-grand-homme\\\/#breadcrumb\",\"itemListElement\":[{\"@type\":\"ListItem\",\"position\":1,\"name\":\"Accueil\",\"item\":\"http:\\\/\\\/jumelage.org\\\/francais\\\/\"},{\"@type\":\"ListItem\",\"position\":2,\"name\":\"La Fayette, un h\u00e9ros ! un grand homme ?\"}]},{\"@type\":\"WebSite\",\"@id\":\"http:\\\/\\\/jumelage.org\\\/francais\\\/#website\",\"url\":\"http:\\\/\\\/jumelage.org\\\/francais\\\/\",\"name\":\"Jumelage\",\"description\":\"Saint-Germain-en-Laye &amp; Winchester (MA)\",\"potentialAction\":[{\"@type\":\"SearchAction\",\"target\":{\"@type\":\"EntryPoint\",\"urlTemplate\":\"http:\\\/\\\/jumelage.org\\\/francais\\\/?s={search_term_string}\"},\"query-input\":{\"@type\":\"PropertyValueSpecification\",\"valueRequired\":true,\"valueName\":\"search_term_string\"}}],\"inLanguage\":\"fr-FR\"},{\"@type\":\"Person\",\"@id\":\"http:\\\/\\\/jumelage.org\\\/francais\\\/#\\\/schema\\\/person\\\/74dafcd8c5dfbdc6c0bfb7efcd1020be\",\"name\":\"JumSGLW\",\"image\":{\"@type\":\"ImageObject\",\"inLanguage\":\"fr-FR\",\"@id\":\"https:\\\/\\\/secure.gravatar.com\\\/avatar\\\/3d3cad377d924d636d7d20ae9f968d4816d16114a561888c0a1668606eb9b7be?s=96&d=mm&r=g\",\"url\":\"https:\\\/\\\/secure.gravatar.com\\\/avatar\\\/3d3cad377d924d636d7d20ae9f968d4816d16114a561888c0a1668606eb9b7be?s=96&d=mm&r=g\",\"contentUrl\":\"https:\\\/\\\/secure.gravatar.com\\\/avatar\\\/3d3cad377d924d636d7d20ae9f968d4816d16114a561888c0a1668606eb9b7be?s=96&d=mm&r=g\",\"caption\":\"JumSGLW\"},\"url\":\"http:\\\/\\\/jumelage.org\\\/francais\\\/author\\\/jumsglw\\\/\"}]}<\/script>\n<!-- \/ Yoast SEO plugin. -->","yoast_head_json":{"title":"La Fayette, un h\u00e9ros ! un grand homme ? Jumelage","description":"Chez les historiens, La Fayette (ou Lafayette) n\u2019a pas bonne r\u00e9putation, sauf en Am\u00e9rique (\u00ab La Fayette nous voil\u00e0 ! \u00bb).","robots":{"index":"index","follow":"follow","max-snippet":"max-snippet:-1","max-image-preview":"max-image-preview:large","max-video-preview":"max-video-preview:-1"},"canonical":"https:\/\/jumelage.org\/francais\/la-fayette-un-heros-un-grand-homme\/","og_locale":"fr_FR","og_type":"article","og_title":"La Fayette, un h\u00e9ros ! un grand homme ? Jumelage","og_description":"Chez les historiens, La Fayette (ou Lafayette) n\u2019a pas bonne r\u00e9putation, sauf en Am\u00e9rique (\u00ab La Fayette nous voil\u00e0 ! \u00bb).","og_url":"https:\/\/jumelage.org\/francais\/la-fayette-un-heros-un-grand-homme\/","og_site_name":"Jumelage","article_publisher":"http:\/\/www.facebook.com\/jumelagew.sgl\/","article_published_time":"2019-05-27T19:01:58+00:00","article_modified_time":"2022-07-22T20:20:50+00:00","og_image":[{"width":508,"height":384,"url":"https:\/\/jumelage.org\/francais\/wp-content\/uploads\/2019\/05\/La-Fayette-\u00e9tait-il-un-grand-homme-1.jpg","type":"image\/jpeg"}],"author":"JumSGLW","twitter_card":"summary_large_image","twitter_misc":{"\u00c9crit par":"JumSGLW","Dur\u00e9e de lecture estim\u00e9e":"20 minutes"},"schema":{"@context":"https:\/\/schema.org","@graph":[{"@type":"Article","@id":"https:\/\/jumelage.org\/francais\/la-fayette-un-heros-un-grand-homme\/#article","isPartOf":{"@id":"https:\/\/jumelage.org\/francais\/la-fayette-un-heros-un-grand-homme\/"},"author":{"name":"JumSGLW","@id":"http:\/\/jumelage.org\/francais\/#\/schema\/person\/74dafcd8c5dfbdc6c0bfb7efcd1020be"},"headline":"La Fayette, un h\u00e9ros ! un grand homme ?","datePublished":"2019-05-27T19:01:58+00:00","dateModified":"2022-07-22T20:20:50+00:00","mainEntityOfPage":{"@id":"https:\/\/jumelage.org\/francais\/la-fayette-un-heros-un-grand-homme\/"},"wordCount":4469,"commentCount":0,"image":{"@id":"https:\/\/jumelage.org\/francais\/la-fayette-un-heros-un-grand-homme\/#primaryimage"},"thumbnailUrl":"https:\/\/jumelage.org\/francais\/wp-content\/uploads\/2019\/05\/La-Fayette-\u00e9tait-il-un-grand-homme-1.jpg","articleSection":["USA &amp; France"],"inLanguage":"fr-FR","potentialAction":[{"@type":"CommentAction","name":"Comment","target":["https:\/\/jumelage.org\/francais\/la-fayette-un-heros-un-grand-homme\/#respond"]}]},{"@type":"WebPage","@id":"https:\/\/jumelage.org\/francais\/la-fayette-un-heros-un-grand-homme\/","url":"https:\/\/jumelage.org\/francais\/la-fayette-un-heros-un-grand-homme\/","name":"La Fayette, un h\u00e9ros ! un grand homme ? Jumelage","isPartOf":{"@id":"http:\/\/jumelage.org\/francais\/#website"},"primaryImageOfPage":{"@id":"https:\/\/jumelage.org\/francais\/la-fayette-un-heros-un-grand-homme\/#primaryimage"},"image":{"@id":"https:\/\/jumelage.org\/francais\/la-fayette-un-heros-un-grand-homme\/#primaryimage"},"thumbnailUrl":"https:\/\/jumelage.org\/francais\/wp-content\/uploads\/2019\/05\/La-Fayette-\u00e9tait-il-un-grand-homme-1.jpg","datePublished":"2019-05-27T19:01:58+00:00","dateModified":"2022-07-22T20:20:50+00:00","author":{"@id":"http:\/\/jumelage.org\/francais\/#\/schema\/person\/74dafcd8c5dfbdc6c0bfb7efcd1020be"},"description":"Chez les historiens, La Fayette (ou Lafayette) n\u2019a pas bonne r\u00e9putation, sauf en Am\u00e9rique (\u00ab La Fayette nous voil\u00e0 ! \u00bb).","breadcrumb":{"@id":"https:\/\/jumelage.org\/francais\/la-fayette-un-heros-un-grand-homme\/#breadcrumb"},"inLanguage":"fr-FR","potentialAction":[{"@type":"ReadAction","target":["https:\/\/jumelage.org\/francais\/la-fayette-un-heros-un-grand-homme\/"]}]},{"@type":"ImageObject","inLanguage":"fr-FR","@id":"https:\/\/jumelage.org\/francais\/la-fayette-un-heros-un-grand-homme\/#primaryimage","url":"https:\/\/jumelage.org\/francais\/wp-content\/uploads\/2019\/05\/La-Fayette-\u00e9tait-il-un-grand-homme-1.jpg","contentUrl":"https:\/\/jumelage.org\/francais\/wp-content\/uploads\/2019\/05\/La-Fayette-\u00e9tait-il-un-grand-homme-1.jpg","width":508,"height":384},{"@type":"BreadcrumbList","@id":"https:\/\/jumelage.org\/francais\/la-fayette-un-heros-un-grand-homme\/#breadcrumb","itemListElement":[{"@type":"ListItem","position":1,"name":"Accueil","item":"http:\/\/jumelage.org\/francais\/"},{"@type":"ListItem","position":2,"name":"La Fayette, un h\u00e9ros ! un grand homme ?"}]},{"@type":"WebSite","@id":"http:\/\/jumelage.org\/francais\/#website","url":"http:\/\/jumelage.org\/francais\/","name":"Jumelage","description":"Saint-Germain-en-Laye &amp; Winchester (MA)","potentialAction":[{"@type":"SearchAction","target":{"@type":"EntryPoint","urlTemplate":"http:\/\/jumelage.org\/francais\/?s={search_term_string}"},"query-input":{"@type":"PropertyValueSpecification","valueRequired":true,"valueName":"search_term_string"}}],"inLanguage":"fr-FR"},{"@type":"Person","@id":"http:\/\/jumelage.org\/francais\/#\/schema\/person\/74dafcd8c5dfbdc6c0bfb7efcd1020be","name":"JumSGLW","image":{"@type":"ImageObject","inLanguage":"fr-FR","@id":"https:\/\/secure.gravatar.com\/avatar\/3d3cad377d924d636d7d20ae9f968d4816d16114a561888c0a1668606eb9b7be?s=96&d=mm&r=g","url":"https:\/\/secure.gravatar.com\/avatar\/3d3cad377d924d636d7d20ae9f968d4816d16114a561888c0a1668606eb9b7be?s=96&d=mm&r=g","contentUrl":"https:\/\/secure.gravatar.com\/avatar\/3d3cad377d924d636d7d20ae9f968d4816d16114a561888c0a1668606eb9b7be?s=96&d=mm&r=g","caption":"JumSGLW"},"url":"http:\/\/jumelage.org\/francais\/author\/jumsglw\/"}]}},"_links":{"self":[{"href":"http:\/\/jumelage.org\/francais\/wp-json\/wp\/v2\/posts\/24196","targetHints":{"allow":["GET"]}}],"collection":[{"href":"http:\/\/jumelage.org\/francais\/wp-json\/wp\/v2\/posts"}],"about":[{"href":"http:\/\/jumelage.org\/francais\/wp-json\/wp\/v2\/types\/post"}],"author":[{"embeddable":true,"href":"http:\/\/jumelage.org\/francais\/wp-json\/wp\/v2\/users\/1"}],"replies":[{"embeddable":true,"href":"http:\/\/jumelage.org\/francais\/wp-json\/wp\/v2\/comments?post=24196"}],"version-history":[{"count":9,"href":"http:\/\/jumelage.org\/francais\/wp-json\/wp\/v2\/posts\/24196\/revisions"}],"predecessor-version":[{"id":30644,"href":"http:\/\/jumelage.org\/francais\/wp-json\/wp\/v2\/posts\/24196\/revisions\/30644"}],"wp:featuredmedia":[{"embeddable":true,"href":"http:\/\/jumelage.org\/francais\/wp-json\/wp\/v2\/media\/24197"}],"wp:attachment":[{"href":"http:\/\/jumelage.org\/francais\/wp-json\/wp\/v2\/media?parent=24196"}],"wp:term":[{"taxonomy":"category","embeddable":true,"href":"http:\/\/jumelage.org\/francais\/wp-json\/wp\/v2\/categories?post=24196"},{"taxonomy":"post_tag","embeddable":true,"href":"http:\/\/jumelage.org\/francais\/wp-json\/wp\/v2\/tags?post=24196"}],"curies":[{"name":"wp","href":"https:\/\/api.w.org\/{rel}","templated":true}]}}