{"id":11737,"date":"2018-11-10T14:07:28","date_gmt":"2018-11-10T13:07:28","guid":{"rendered":"http:\/\/jumelage.org\/francais\/?p=11737"},"modified":"2020-11-10T11:12:34","modified_gmt":"2020-11-10T10:12:34","slug":"ces-americains-sacrifies-le-11-novembre-1918-a-la-bataille-de-stenay","status":"publish","type":"post","link":"http:\/\/jumelage.org\/francais\/ces-americains-sacrifies-le-11-novembre-1918-a-la-bataille-de-stenay\/","title":{"rendered":"Ces Am\u00e9ricains sacrifi\u00e9s le 11 novembre 1918 \u00e0 la bataille de Stenay"},"content":{"rendered":"<div id=\"pl-11737\"  class=\"panel-layout\" ><div id=\"pg-11737-0\"  class=\"panel-grid panel-has-style\" ><div style=\"padding: 0px 0; \" data-overlay=\"true\" data-overlay-color=\"#000000\" class=\"panel-row-style panel-row-style-for-11737-0\" ><div id=\"pgc-11737-0-0\"  class=\"panel-grid-cell\" ><div id=\"panel-11737-0-0-0\" class=\"so-panel widget widget_sow-editor panel-first-child panel-last-child\" data-index=\"0\" ><div style=\"text-align: left;\" data-title-color=\"#443f3f\" data-headings-color=\"#443f3f\" class=\"panel-widget-style panel-widget-style-for-11737-0-0-0\" ><div\n\t\t\t\n\t\t\tclass=\"so-widget-sow-editor so-widget-sow-editor-base\"\n\t\t\t\n\t\t>\n<div class=\"siteorigin-widget-tinymce textwidget\">\n\t<h3 style=\"text-align: center;\"><span style=\"font-size: 24px;\">Ces Am\u00e9ricains sacrifi\u00e9s le 11 novembre 1918 \u00e0 la bataille de Stenay<\/span><\/h3>\n<pre style=\"text-align: left;\"><em>Le Figaro \u2013 09 nov 2018 \u2013 Pierre Vermeren<\/em><\/pre>\n<p style=\"text-align: justify;\"><strong><em><span style=\"color: #ffffff;\">.\u00a0\u00a0\u00a0\u00a0\u00a0\u00a0\u00a0\u00a0\u00a0\u00a0\u00a0 <span style=\"color: #000000;\">U<\/span><\/span>ne des derni\u00e8res batailles de la Grande Guerre, le matin m\u00eame du 11\u00a0novembre 1918, m\u00e9rite d\u2019\u00eatre tir\u00e9e de l\u2019oubli.<\/em><\/strong><\/p>\n<p style=\"text-align: justify;\"><span style=\"color: #ffffff;\"><strong><em>.\u00a0\u00a0\u00a0\u00a0\u00a0\u00a0\u00a0\u00a0\u00a0\u00a0\u00a0 <\/em><\/strong><\/span>11\u00a0novembre 1918, 11\u00a0heures du matin\u00a0: l\u2019armistice. Les Alli\u00e9s ont gagn\u00e9 la guerre. Les Allemands sont vaincus. \u2026<\/p>\n<p style=\"text-align: justify;\"><span style=\"color: #ffffff;\"><strong><em>.\u00a0\u00a0\u00a0\u00a0\u00a0\u00a0\u00a0\u00a0\u00a0\u00a0\u00a0 <\/em><\/strong><\/span>Le 11\u00a0novembre m\u00eame, pourtant, la France a subi 1\u00a0170 tu\u00e9s, bless\u00e9s et disparus, et les Allemands plus de 4\u00a0000. Une demi-journ\u00e9e de guerre presque comme les autres, pour achever ce conflit mondial aux 6\u00a0500\u00a0morts en moyenne par jour (toutes nations bellig\u00e9rantes confondues). Sur le front occidental, le 11\u00a0novembre m\u00eame, toutes arm\u00e9es comprises, 11\u00a0000 hommes auraient \u00e9t\u00e9 tu\u00e9s, bless\u00e9s ou auraient disparu.<\/p>\n<p style=\"text-align: justify;\"><span style=\"color: #ffffff;\"><strong><em>.\u00a0\u00a0\u00a0\u00a0\u00a0\u00a0\u00a0\u00a0\u00a0\u00a0\u00a0 <\/em><\/strong><\/span>La date de l\u2019armistice \u00e9tait connue depuis quatre jours, et l\u2019heure de l\u2019armistice depuis 5\u00a0heures du matin, parfois plus tardivement. \u00c0 Inor (Meuse), le colonel Allen de la 356e\u00a0compagnie d\u2019infanterie am\u00e9ricaine, \u00e0 la poursuite d\u2019unit\u00e9s allemandes, n\u2019a re\u00e7u les ordres qu\u2019\u00e0 11\u00a0heures 40, et le commandant du 3e\u00a0bataillon plus en avant, qu\u2019\u00e0 12\u00a0h\u00a015. Car l\u2019armistice a trouv\u00e9 les 89e et 90e divisions de l\u2019arm\u00e9e am\u00e9ricaine en pleine offensive dans le secteur Meuse-Argonne, engag\u00e9es dans la bataille de Stenay\u00a0: le but \u00e9tait de traverser la Meuse co\u00fbte que co\u00fbte avant l\u2019armistice. Entam\u00e9e le 26\u00a0septembre, l\u2019offensive du nord Meuse vise \u00e0 couper la ligne de chemin de fer L\u00e9rouville-Pont-Maugis (Sedan), qui serpente le long de la Meuse. Elle a ravitaill\u00e9 le front de Verdun, c\u00f4t\u00e9 allemand, depuis le d\u00e9but de la guerre. Le ch\u00e2teau de Stenay - 45 kilom\u00e8tres au nord de Verdun - a abrit\u00e9 pendant deux ans et demi le prince h\u00e9ritier allemand (le Kronprinz), charg\u00e9 de superviser la bataille de Verdun pour casser l\u2019arm\u00e9e fran\u00e7aise. La bataille est donc strat\u00e9gique et symbolique.<\/p>\n<p style=\"text-align: justify;\"><span style=\"color: #ffffff;\"><strong><em>.\u00a0\u00a0\u00a0\u00a0\u00a0\u00a0\u00a0\u00a0\u00a0\u00a0\u00a0 <\/em><\/strong><\/span>L\u2019histoire de la Grande Guerre a retenu la mort des 68 hommes du 415e\u00a0r\u00e9giment d\u2019infanterie de l\u2019arm\u00e9e fran\u00e7aise, command\u00e9 par Charles de Menditte, dans la bataille de Vrigne-Meuse, dans les Ardennes (\u00e0 46\u00a0kilom\u00e8tres au nord de Stenay), tu\u00e9s le 11\u00a0novembre au matin. \u2026. Les historiens ont exhum\u00e9 le tour de passe-passe du commandement militaire fran\u00e7ais, qui a donn\u00e9 l\u2019ordre d\u2019antidater d\u2019un jour les morts du 11\u00a0novembre. \u00ab\u00a0<em>Mourir le dernier jour de la guerre, c\u2019est mourir deux fois<\/em>\u00a0\u00bb, \u00e9crivit plus tard le commandant Charles de Menditte, tourment\u00e9 par l\u2019ordre d\u2019attaque qu\u2019il avait re\u00e7u de ses chefs.<\/p>\n<p style=\"text-align: justify;\"><span style=\"color: #ffffff;\"><strong><em>.\u00a0\u00a0\u00a0\u00a0\u00a0\u00a0\u00a0\u00a0\u00a0\u00a0\u00a0 <\/em><\/strong><\/span>L\u2019histoire a en revanche occult\u00e9 le sacrifice de plusieurs dizaines d\u2019Am\u00e9ricains, soldats et officiers, des 89e et 90e divisions, morts \u00e0 l\u2019ennemi les 10 et 11\u00a0novembre 1918, non sans avoir tu\u00e9 plus encore d\u2019Allemands. La 90e\u00a0division a travers\u00e9 la Meuse, au d\u00e9bouch\u00e9 de l\u2019Argonne, \u00e0 la hauteur de Dun-sur-Meuse, le 5\u00a0novembre. ... La 89e elle, arrivait des Ardennes par l\u2019ouest. Le 2\u00a0novembre, elle s\u2019\u00e9tait empar\u00e9e de la c\u00f4te de la Folie, \u00e0 9\u00a0kilom\u00e8tres \u00e0 l\u2019ouest de Stenay. \u2026 Depuis plusieurs jours, les Allemands font donc face \u00e0 deux divisions am\u00e9ricaines, une \u00e0 l\u2019ouest et une au sud.<\/p>\n<p style=\"text-align: justify;\">Le major-g\u00e9n\u00e9ral William M. Wright, qui commande la 89e, comme son homologue de la 90e, est d\u00e9cid\u00e9 \u00e0 prendre Stenay, malgr\u00e9 l\u2019annonce imminente de l\u2019armistice. \u2026<\/p>\n<p style=\"text-align: justify;\"><strong><em><span style=\"color: #ffffff;\">.\u00a0\u00a0\u00a0\u00a0\u00a0\u00a0\u00a0\u00a0\u00a0\u00a0\u00a0<\/span> <\/em><\/strong>Le 10\u00a0novembre, les Am\u00e9ricains lancent une double offensive. La 90e, aux portes sud de Stenay, engage l\u2019offensive dans le quartier industriel et militaire. Son onzi\u00e8me bataillon lance l\u2019assaut apr\u00e8s un pilonnage d\u2019artillerie, \u00e9paul\u00e9 par un second bataillon avec 130\u00a0hommes rescap\u00e9s. On d\u00e9nombre 57\u00a0Allemands tu\u00e9s et 17 faits prisonniers. Mais le bilan est lourd chez les Am\u00e9ricains\u00a0: 24\u00a0tu\u00e9s, 83\u00a0bless\u00e9s et 3\u00a0disparus. Un d\u00e9luge de feu et d\u2019obus tombe alors sur les Am\u00e9ricains oblig\u00e9s de s\u2019enterrer. Il est impossible d\u2019entrer dans la ville, et plus encore de passer la Meuse pour la 89e.<\/p>\n<p style=\"text-align: justify;\">Wright met en \u0153uvre son plan\u00a0: il fait passer la Meuse \u00e0 Pouilly et L\u00e9tanne au nord. Le 10\u00a0novembre, la 356e\u00a0compagnie d\u2019infanterie, \u00e9paul\u00e9e par la 314e du g\u00e9nie, franchit la Meuse. Puis, dans la nuit du 10 au 11, c\u2019est au tour de la 355e. Mais les Allemands qui ont min\u00e9 le fleuve glac\u00e9 dans lequel se noient des Am\u00e9ricains, les attendent avec des mitrailleuses. C\u2019est l\u2019h\u00e9catombe. Des dizaines d\u2019hommes d\u2019une compagnie enti\u00e8re, avec tous leurs officiers et sous-officiers, dont le commandant du bataillon Carlson, sont tu\u00e9s. La tuerie se poursuit jusqu\u2019au matin (vraisemblablement 61 tu\u00e9s et 300 bless\u00e9s am\u00e9ricains). Mais le fleuve est travers\u00e9, les mitrailleuses d\u00e9truites, et la poursuite s\u2019engage\u00a0: jusqu\u2019\u00e0 12\u00a0h\u00a015 \u00e0 Inor, le village suivant.<\/p>\n<p style=\"text-align: justify;\">Au sud, \u00e0 Stenay, \u00e0 9\u00a0h\u00a030, la section (patrol) du sous-lieutenant Edward M. Connors de la 89e p\u00e9n\u00e8tre dans la ville, d\u00e9sert\u00e9e dans la nuit par les Allemands. Il s\u2019ensuivra, d\u00e8s 1919, une longue querelle interne \u00e0 l\u2019arm\u00e9e am\u00e9ricaine entre les chefs de la 89e et de la 90e, pour savoir qui a pris la ville de Stenay.<\/p>\n<p style=\"text-align: justify;\">Le reste du peloton rejoint Connors. La bataille de Stenay est finie. \u00c0 10\u00a0h\u00a058, le peloton se rassemble autour de deux vieillards sur l\u2019escalier et le perron de l\u2019\u00e9glise Saint-Gr\u00e9goire\u00a0: photo\u00a0! Explosion de cris de joie \u00e0 11\u00a0heures. Plus loin, les autres unit\u00e9s se taisent. Aucune cloche ne sonne, car toutes celles de la r\u00e9gion ont \u00e9t\u00e9 fondues. Au loin, \u00e0 Inor, on entend les soldats allemands hurler leur joie.<\/p>\n<p style=\"text-align: justify;\"><strong><em><span style=\"color: #ffffff;\">.\u00a0\u00a0\u00a0\u00a0\u00a0\u00a0\u00a0\u00a0\u00a0\u00a0\u00a0<\/span> <\/em><\/strong>Pourtant, le conflit n\u2019est pas fini pour tout le monde. L\u2019arm\u00e9e fran\u00e7aise a perdu plus de 26\u00a0000 hommes entre le 12\u00a0novembre 1918 et les trait\u00e9s de paix de 1919-1920. Les soldats fran\u00e7ais, en effet, continu\u00e8rent \u00e0 se battre en Pologne et en Russie (Crim\u00e9e) contre les bolcheviks ainsi qu\u2019en Anatolie contre les Turcs. La premi\u00e8re guerre mondiale ne s\u2019est donc pas tout \u00e0 fait achev\u00e9e le 11\u00a0novembre 1918.<\/p>\n<\/div>\n<\/div><\/div><\/div><\/div><\/div><\/div><\/div>","protected":false},"excerpt":{"rendered":"<p>Ces Am\u00e9ricains sacrifi\u00e9s le 11 novembre 1918 \u00e0 la bataille de Stenay Le Figaro \u2013 09 nov 2018 \u2013 Pierre Vermeren .\u00a0\u00a0\u00a0\u00a0\u00a0\u00a0\u00a0\u00a0\u00a0\u00a0\u00a0 Une des derni\u00e8res [&hellip;]<\/p>\n","protected":false},"author":1,"featured_media":11738,"comment_status":"open","ping_status":"open","sticky":false,"template":"post-templates\/post_full.php","format":"standard","meta":{"two_page_speed":[],"footnotes":""},"categories":[17],"tags":[],"class_list":["post-11737","post","type-post","status-publish","format-standard","has-post-thumbnail","hentry","category-usa-france"],"yoast_head":"<!-- This site is optimized with the Yoast SEO plugin v27.5 - https:\/\/yoast.com\/product\/yoast-seo-wordpress\/ -->\n<title>Ces Am\u00e9ricains sacrifi\u00e9s le 11 novembre 1918 \u00e0 la bataille de Stenay Jumelage<\/title>\n<meta name=\"robots\" content=\"index, follow, max-snippet:-1, max-image-preview:large, max-video-preview:-1\" \/>\n<link rel=\"canonical\" href=\"http:\/\/jumelage.org\/francais\/ces-americains-sacrifies-le-11-novembre-1918-a-la-bataille-de-stenay\/\" \/>\n<meta property=\"og:locale\" content=\"fr_FR\" \/>\n<meta property=\"og:type\" content=\"article\" \/>\n<meta property=\"og:title\" content=\"Ces Am\u00e9ricains sacrifi\u00e9s le 11 novembre 1918 \u00e0 la bataille de Stenay Jumelage\" \/>\n<meta property=\"og:description\" content=\"Ces Am\u00e9ricains sacrifi\u00e9s le 11 novembre 1918 \u00e0 la bataille de Stenay Le Figaro \u2013 09 nov 2018 \u2013 Pierre Vermeren .\u00a0\u00a0\u00a0\u00a0\u00a0\u00a0\u00a0\u00a0\u00a0\u00a0\u00a0 Une des derni\u00e8res [&hellip;]\" \/>\n<meta property=\"og:url\" content=\"http:\/\/jumelage.org\/francais\/ces-americains-sacrifies-le-11-novembre-1918-a-la-bataille-de-stenay\/\" \/>\n<meta property=\"og:site_name\" content=\"Jumelage\" \/>\n<meta property=\"article:publisher\" content=\"http:\/\/www.facebook.com\/jumelagew.sgl\/\" \/>\n<meta property=\"article:published_time\" content=\"2018-11-10T13:07:28+00:00\" \/>\n<meta property=\"article:modified_time\" content=\"2020-11-10T10:12:34+00:00\" \/>\n<meta property=\"og:image\" content=\"https:\/\/jumelage.org\/francais\/wp-content\/uploads\/2018\/11\/Bataille-de-Stenay.jpg\" \/>\n\t<meta property=\"og:image:width\" content=\"1920\" \/>\n\t<meta property=\"og:image:height\" content=\"1182\" \/>\n\t<meta property=\"og:image:type\" content=\"image\/jpeg\" \/>\n<meta name=\"author\" content=\"JumSGLW\" \/>\n<meta name=\"twitter:card\" content=\"summary_large_image\" \/>\n<meta name=\"twitter:label1\" content=\"\u00c9crit par\" \/>\n\t<meta name=\"twitter:data1\" content=\"JumSGLW\" \/>\n\t<meta name=\"twitter:label2\" content=\"Dur\u00e9e de lecture estim\u00e9e\" \/>\n\t<meta name=\"twitter:data2\" content=\"5 minutes\" \/>\n<script type=\"application\/ld+json\" class=\"yoast-schema-graph\">{\"@context\":\"https:\\\/\\\/schema.org\",\"@graph\":[{\"@type\":\"Article\",\"@id\":\"http:\\\/\\\/jumelage.org\\\/francais\\\/ces-americains-sacrifies-le-11-novembre-1918-a-la-bataille-de-stenay\\\/#article\",\"isPartOf\":{\"@id\":\"http:\\\/\\\/jumelage.org\\\/francais\\\/ces-americains-sacrifies-le-11-novembre-1918-a-la-bataille-de-stenay\\\/\"},\"author\":{\"name\":\"JumSGLW\",\"@id\":\"https:\\\/\\\/jumelage.org\\\/francais\\\/#\\\/schema\\\/person\\\/74dafcd8c5dfbdc6c0bfb7efcd1020be\"},\"headline\":\"Ces Am\u00e9ricains sacrifi\u00e9s le 11 novembre 1918 \u00e0 la bataille de Stenay\",\"datePublished\":\"2018-11-10T13:07:28+00:00\",\"dateModified\":\"2020-11-10T10:12:34+00:00\",\"mainEntityOfPage\":{\"@id\":\"http:\\\/\\\/jumelage.org\\\/francais\\\/ces-americains-sacrifies-le-11-novembre-1918-a-la-bataille-de-stenay\\\/\"},\"wordCount\":1023,\"commentCount\":0,\"image\":{\"@id\":\"http:\\\/\\\/jumelage.org\\\/francais\\\/ces-americains-sacrifies-le-11-novembre-1918-a-la-bataille-de-stenay\\\/#primaryimage\"},\"thumbnailUrl\":\"https:\\\/\\\/jumelage.org\\\/francais\\\/wp-content\\\/uploads\\\/2018\\\/11\\\/Bataille-de-Stenay.jpg\",\"articleSection\":[\"USA &amp; France\"],\"inLanguage\":\"fr-FR\",\"potentialAction\":[{\"@type\":\"CommentAction\",\"name\":\"Comment\",\"target\":[\"http:\\\/\\\/jumelage.org\\\/francais\\\/ces-americains-sacrifies-le-11-novembre-1918-a-la-bataille-de-stenay\\\/#respond\"]}]},{\"@type\":\"WebPage\",\"@id\":\"http:\\\/\\\/jumelage.org\\\/francais\\\/ces-americains-sacrifies-le-11-novembre-1918-a-la-bataille-de-stenay\\\/\",\"url\":\"http:\\\/\\\/jumelage.org\\\/francais\\\/ces-americains-sacrifies-le-11-novembre-1918-a-la-bataille-de-stenay\\\/\",\"name\":\"Ces Am\u00e9ricains sacrifi\u00e9s le 11 novembre 1918 \u00e0 la bataille de Stenay Jumelage\",\"isPartOf\":{\"@id\":\"https:\\\/\\\/jumelage.org\\\/francais\\\/#website\"},\"primaryImageOfPage\":{\"@id\":\"http:\\\/\\\/jumelage.org\\\/francais\\\/ces-americains-sacrifies-le-11-novembre-1918-a-la-bataille-de-stenay\\\/#primaryimage\"},\"image\":{\"@id\":\"http:\\\/\\\/jumelage.org\\\/francais\\\/ces-americains-sacrifies-le-11-novembre-1918-a-la-bataille-de-stenay\\\/#primaryimage\"},\"thumbnailUrl\":\"https:\\\/\\\/jumelage.org\\\/francais\\\/wp-content\\\/uploads\\\/2018\\\/11\\\/Bataille-de-Stenay.jpg\",\"datePublished\":\"2018-11-10T13:07:28+00:00\",\"dateModified\":\"2020-11-10T10:12:34+00:00\",\"author\":{\"@id\":\"https:\\\/\\\/jumelage.org\\\/francais\\\/#\\\/schema\\\/person\\\/74dafcd8c5dfbdc6c0bfb7efcd1020be\"},\"breadcrumb\":{\"@id\":\"http:\\\/\\\/jumelage.org\\\/francais\\\/ces-americains-sacrifies-le-11-novembre-1918-a-la-bataille-de-stenay\\\/#breadcrumb\"},\"inLanguage\":\"fr-FR\",\"potentialAction\":[{\"@type\":\"ReadAction\",\"target\":[\"http:\\\/\\\/jumelage.org\\\/francais\\\/ces-americains-sacrifies-le-11-novembre-1918-a-la-bataille-de-stenay\\\/\"]}]},{\"@type\":\"ImageObject\",\"inLanguage\":\"fr-FR\",\"@id\":\"http:\\\/\\\/jumelage.org\\\/francais\\\/ces-americains-sacrifies-le-11-novembre-1918-a-la-bataille-de-stenay\\\/#primaryimage\",\"url\":\"https:\\\/\\\/jumelage.org\\\/francais\\\/wp-content\\\/uploads\\\/2018\\\/11\\\/Bataille-de-Stenay.jpg\",\"contentUrl\":\"https:\\\/\\\/jumelage.org\\\/francais\\\/wp-content\\\/uploads\\\/2018\\\/11\\\/Bataille-de-Stenay.jpg\",\"width\":1920,\"height\":1182,\"caption\":\"A view shows a white rose, a French flag and a U.S. flag in front of a tombstone at the World War One Meuse-Argonne American Cemetery and Memorial in Romagne-sous-Montfaucon, near the eastern French city of Verdun, as France prepares to mark the centenial commemoration of the First World War Armistice Day, France, November 6, 2018. REUTERS\\\/Christian Hartmann - RC1D9324AE70\"},{\"@type\":\"BreadcrumbList\",\"@id\":\"http:\\\/\\\/jumelage.org\\\/francais\\\/ces-americains-sacrifies-le-11-novembre-1918-a-la-bataille-de-stenay\\\/#breadcrumb\",\"itemListElement\":[{\"@type\":\"ListItem\",\"position\":1,\"name\":\"Accueil\",\"item\":\"https:\\\/\\\/jumelage.org\\\/francais\\\/\"},{\"@type\":\"ListItem\",\"position\":2,\"name\":\"Ces Am\u00e9ricains sacrifi\u00e9s le 11 novembre 1918 \u00e0 la bataille de Stenay\"}]},{\"@type\":\"WebSite\",\"@id\":\"https:\\\/\\\/jumelage.org\\\/francais\\\/#website\",\"url\":\"https:\\\/\\\/jumelage.org\\\/francais\\\/\",\"name\":\"Jumelage\",\"description\":\"Saint-Germain-en-Laye &amp; Winchester (MA)\",\"potentialAction\":[{\"@type\":\"SearchAction\",\"target\":{\"@type\":\"EntryPoint\",\"urlTemplate\":\"https:\\\/\\\/jumelage.org\\\/francais\\\/?s={search_term_string}\"},\"query-input\":{\"@type\":\"PropertyValueSpecification\",\"valueRequired\":true,\"valueName\":\"search_term_string\"}}],\"inLanguage\":\"fr-FR\"},{\"@type\":\"Person\",\"@id\":\"https:\\\/\\\/jumelage.org\\\/francais\\\/#\\\/schema\\\/person\\\/74dafcd8c5dfbdc6c0bfb7efcd1020be\",\"name\":\"JumSGLW\",\"image\":{\"@type\":\"ImageObject\",\"inLanguage\":\"fr-FR\",\"@id\":\"https:\\\/\\\/secure.gravatar.com\\\/avatar\\\/3d3cad377d924d636d7d20ae9f968d4816d16114a561888c0a1668606eb9b7be?s=96&d=mm&r=g\",\"url\":\"https:\\\/\\\/secure.gravatar.com\\\/avatar\\\/3d3cad377d924d636d7d20ae9f968d4816d16114a561888c0a1668606eb9b7be?s=96&d=mm&r=g\",\"contentUrl\":\"https:\\\/\\\/secure.gravatar.com\\\/avatar\\\/3d3cad377d924d636d7d20ae9f968d4816d16114a561888c0a1668606eb9b7be?s=96&d=mm&r=g\",\"caption\":\"JumSGLW\"},\"url\":\"http:\\\/\\\/jumelage.org\\\/francais\\\/author\\\/jumsglw\\\/\"}]}<\/script>\n<!-- \/ Yoast SEO plugin. -->","yoast_head_json":{"title":"Ces Am\u00e9ricains sacrifi\u00e9s le 11 novembre 1918 \u00e0 la bataille de Stenay Jumelage","robots":{"index":"index","follow":"follow","max-snippet":"max-snippet:-1","max-image-preview":"max-image-preview:large","max-video-preview":"max-video-preview:-1"},"canonical":"http:\/\/jumelage.org\/francais\/ces-americains-sacrifies-le-11-novembre-1918-a-la-bataille-de-stenay\/","og_locale":"fr_FR","og_type":"article","og_title":"Ces Am\u00e9ricains sacrifi\u00e9s le 11 novembre 1918 \u00e0 la bataille de Stenay Jumelage","og_description":"Ces Am\u00e9ricains sacrifi\u00e9s le 11 novembre 1918 \u00e0 la bataille de Stenay Le Figaro \u2013 09 nov 2018 \u2013 Pierre Vermeren .\u00a0\u00a0\u00a0\u00a0\u00a0\u00a0\u00a0\u00a0\u00a0\u00a0\u00a0 Une des derni\u00e8res [&hellip;]","og_url":"http:\/\/jumelage.org\/francais\/ces-americains-sacrifies-le-11-novembre-1918-a-la-bataille-de-stenay\/","og_site_name":"Jumelage","article_publisher":"http:\/\/www.facebook.com\/jumelagew.sgl\/","article_published_time":"2018-11-10T13:07:28+00:00","article_modified_time":"2020-11-10T10:12:34+00:00","og_image":[{"width":1920,"height":1182,"url":"https:\/\/jumelage.org\/francais\/wp-content\/uploads\/2018\/11\/Bataille-de-Stenay.jpg","type":"image\/jpeg"}],"author":"JumSGLW","twitter_card":"summary_large_image","twitter_misc":{"\u00c9crit par":"JumSGLW","Dur\u00e9e de lecture estim\u00e9e":"5 minutes"},"schema":{"@context":"https:\/\/schema.org","@graph":[{"@type":"Article","@id":"http:\/\/jumelage.org\/francais\/ces-americains-sacrifies-le-11-novembre-1918-a-la-bataille-de-stenay\/#article","isPartOf":{"@id":"http:\/\/jumelage.org\/francais\/ces-americains-sacrifies-le-11-novembre-1918-a-la-bataille-de-stenay\/"},"author":{"name":"JumSGLW","@id":"https:\/\/jumelage.org\/francais\/#\/schema\/person\/74dafcd8c5dfbdc6c0bfb7efcd1020be"},"headline":"Ces Am\u00e9ricains sacrifi\u00e9s le 11 novembre 1918 \u00e0 la bataille de Stenay","datePublished":"2018-11-10T13:07:28+00:00","dateModified":"2020-11-10T10:12:34+00:00","mainEntityOfPage":{"@id":"http:\/\/jumelage.org\/francais\/ces-americains-sacrifies-le-11-novembre-1918-a-la-bataille-de-stenay\/"},"wordCount":1023,"commentCount":0,"image":{"@id":"http:\/\/jumelage.org\/francais\/ces-americains-sacrifies-le-11-novembre-1918-a-la-bataille-de-stenay\/#primaryimage"},"thumbnailUrl":"https:\/\/jumelage.org\/francais\/wp-content\/uploads\/2018\/11\/Bataille-de-Stenay.jpg","articleSection":["USA &amp; France"],"inLanguage":"fr-FR","potentialAction":[{"@type":"CommentAction","name":"Comment","target":["http:\/\/jumelage.org\/francais\/ces-americains-sacrifies-le-11-novembre-1918-a-la-bataille-de-stenay\/#respond"]}]},{"@type":"WebPage","@id":"http:\/\/jumelage.org\/francais\/ces-americains-sacrifies-le-11-novembre-1918-a-la-bataille-de-stenay\/","url":"http:\/\/jumelage.org\/francais\/ces-americains-sacrifies-le-11-novembre-1918-a-la-bataille-de-stenay\/","name":"Ces Am\u00e9ricains sacrifi\u00e9s le 11 novembre 1918 \u00e0 la bataille de Stenay Jumelage","isPartOf":{"@id":"https:\/\/jumelage.org\/francais\/#website"},"primaryImageOfPage":{"@id":"http:\/\/jumelage.org\/francais\/ces-americains-sacrifies-le-11-novembre-1918-a-la-bataille-de-stenay\/#primaryimage"},"image":{"@id":"http:\/\/jumelage.org\/francais\/ces-americains-sacrifies-le-11-novembre-1918-a-la-bataille-de-stenay\/#primaryimage"},"thumbnailUrl":"https:\/\/jumelage.org\/francais\/wp-content\/uploads\/2018\/11\/Bataille-de-Stenay.jpg","datePublished":"2018-11-10T13:07:28+00:00","dateModified":"2020-11-10T10:12:34+00:00","author":{"@id":"https:\/\/jumelage.org\/francais\/#\/schema\/person\/74dafcd8c5dfbdc6c0bfb7efcd1020be"},"breadcrumb":{"@id":"http:\/\/jumelage.org\/francais\/ces-americains-sacrifies-le-11-novembre-1918-a-la-bataille-de-stenay\/#breadcrumb"},"inLanguage":"fr-FR","potentialAction":[{"@type":"ReadAction","target":["http:\/\/jumelage.org\/francais\/ces-americains-sacrifies-le-11-novembre-1918-a-la-bataille-de-stenay\/"]}]},{"@type":"ImageObject","inLanguage":"fr-FR","@id":"http:\/\/jumelage.org\/francais\/ces-americains-sacrifies-le-11-novembre-1918-a-la-bataille-de-stenay\/#primaryimage","url":"https:\/\/jumelage.org\/francais\/wp-content\/uploads\/2018\/11\/Bataille-de-Stenay.jpg","contentUrl":"https:\/\/jumelage.org\/francais\/wp-content\/uploads\/2018\/11\/Bataille-de-Stenay.jpg","width":1920,"height":1182,"caption":"A view shows a white rose, a French flag and a U.S. flag in front of a tombstone at the World War One Meuse-Argonne American Cemetery and Memorial in Romagne-sous-Montfaucon, near the eastern French city of Verdun, as France prepares to mark the centenial commemoration of the First World War Armistice Day, France, November 6, 2018. REUTERS\/Christian Hartmann - RC1D9324AE70"},{"@type":"BreadcrumbList","@id":"http:\/\/jumelage.org\/francais\/ces-americains-sacrifies-le-11-novembre-1918-a-la-bataille-de-stenay\/#breadcrumb","itemListElement":[{"@type":"ListItem","position":1,"name":"Accueil","item":"https:\/\/jumelage.org\/francais\/"},{"@type":"ListItem","position":2,"name":"Ces Am\u00e9ricains sacrifi\u00e9s le 11 novembre 1918 \u00e0 la bataille de Stenay"}]},{"@type":"WebSite","@id":"https:\/\/jumelage.org\/francais\/#website","url":"https:\/\/jumelage.org\/francais\/","name":"Jumelage","description":"Saint-Germain-en-Laye &amp; Winchester (MA)","potentialAction":[{"@type":"SearchAction","target":{"@type":"EntryPoint","urlTemplate":"https:\/\/jumelage.org\/francais\/?s={search_term_string}"},"query-input":{"@type":"PropertyValueSpecification","valueRequired":true,"valueName":"search_term_string"}}],"inLanguage":"fr-FR"},{"@type":"Person","@id":"https:\/\/jumelage.org\/francais\/#\/schema\/person\/74dafcd8c5dfbdc6c0bfb7efcd1020be","name":"JumSGLW","image":{"@type":"ImageObject","inLanguage":"fr-FR","@id":"https:\/\/secure.gravatar.com\/avatar\/3d3cad377d924d636d7d20ae9f968d4816d16114a561888c0a1668606eb9b7be?s=96&d=mm&r=g","url":"https:\/\/secure.gravatar.com\/avatar\/3d3cad377d924d636d7d20ae9f968d4816d16114a561888c0a1668606eb9b7be?s=96&d=mm&r=g","contentUrl":"https:\/\/secure.gravatar.com\/avatar\/3d3cad377d924d636d7d20ae9f968d4816d16114a561888c0a1668606eb9b7be?s=96&d=mm&r=g","caption":"JumSGLW"},"url":"http:\/\/jumelage.org\/francais\/author\/jumsglw\/"}]}},"_links":{"self":[{"href":"http:\/\/jumelage.org\/francais\/wp-json\/wp\/v2\/posts\/11737","targetHints":{"allow":["GET"]}}],"collection":[{"href":"http:\/\/jumelage.org\/francais\/wp-json\/wp\/v2\/posts"}],"about":[{"href":"http:\/\/jumelage.org\/francais\/wp-json\/wp\/v2\/types\/post"}],"author":[{"embeddable":true,"href":"http:\/\/jumelage.org\/francais\/wp-json\/wp\/v2\/users\/1"}],"replies":[{"embeddable":true,"href":"http:\/\/jumelage.org\/francais\/wp-json\/wp\/v2\/comments?post=11737"}],"version-history":[{"count":0,"href":"http:\/\/jumelage.org\/francais\/wp-json\/wp\/v2\/posts\/11737\/revisions"}],"wp:featuredmedia":[{"embeddable":true,"href":"http:\/\/jumelage.org\/francais\/wp-json\/wp\/v2\/media\/11738"}],"wp:attachment":[{"href":"http:\/\/jumelage.org\/francais\/wp-json\/wp\/v2\/media?parent=11737"}],"wp:term":[{"taxonomy":"category","embeddable":true,"href":"http:\/\/jumelage.org\/francais\/wp-json\/wp\/v2\/categories?post=11737"},{"taxonomy":"post_tag","embeddable":true,"href":"http:\/\/jumelage.org\/francais\/wp-json\/wp\/v2\/tags?post=11737"}],"curies":[{"name":"wp","href":"https:\/\/api.w.org\/{rel}","templated":true}]}}