{"id":11722,"date":"2018-11-06T12:45:49","date_gmt":"2018-11-06T11:45:49","guid":{"rendered":"http:\/\/jumelage.org\/francais\/?p=11722"},"modified":"2019-12-16T10:54:01","modified_gmt":"2019-12-16T09:54:01","slug":"les-deserts-mediatiques-se-multiplient-aux-etats-unis","status":"publish","type":"post","link":"http:\/\/jumelage.org\/francais\/les-deserts-mediatiques-se-multiplient-aux-etats-unis\/","title":{"rendered":"Les d\u00e9serts m\u00e9diatiques se multiplient aux \u00c9tats-Unis"},"content":{"rendered":"<div id=\"pl-11722\"  class=\"panel-layout\" ><div id=\"pg-11722-0\"  class=\"panel-grid panel-has-style\" ><div style=\"padding: 100px 0; \" data-overlay=\"true\" class=\"panel-row-style panel-row-style-for-11722-0\" ><div id=\"pgc-11722-0-0\"  class=\"panel-grid-cell\" ><div id=\"panel-11722-0-0-0\" class=\"so-panel widget widget_sow-editor panel-first-child panel-last-child\" data-index=\"0\" ><div style=\"text-align: left;\" data-title-color=\"#443f3f\" data-headings-color=\"#443f3f\" class=\"panel-widget-style panel-widget-style-for-11722-0-0-0\" ><div\n\t\t\t\n\t\t\tclass=\"so-widget-sow-editor so-widget-sow-editor-base\"\n\t\t\t\n\t\t><h3 class=\"widget-title\">Les d\u00e9serts m\u00e9diatiques se multiplient aux \u00c9tats-Unis<\/h3>\n<div class=\"siteorigin-widget-tinymce textwidget\">\n\t<pre><em>Le Figaro \u2013 Chlo\u00e9 Woitier - 06 nov 2018 \/ 14 d\u00e9c 2019<\/em><\/pre>\n<p><strong><em>Des territoires n\u2019ont plus de journaux locaux. Ailleurs, la qualit\u00e9 \u00e9ditoriale est en chute libre.<\/em><\/strong><\/p>\n<p style=\"text-align: center;\"><img decoding=\"async\" class=\"size-full wp-image-11723 aligncenter\" src=\"http:\/\/jumelage.org\/francais\/wp-content\/uploads\/2018\/11\/D\u00e9serts-m\u00e9diatiques.jpg\" alt=\"\" width=\"661\" height=\"501\" srcset=\"https:\/\/jumelage.org\/francais\/wp-content\/uploads\/2018\/11\/D\u00e9serts-m\u00e9diatiques.jpg 661w, https:\/\/jumelage.org\/francais\/wp-content\/uploads\/2018\/11\/D\u00e9serts-m\u00e9diatiques-300x227.jpg 300w, https:\/\/jumelage.org\/francais\/wp-content\/uploads\/2018\/11\/D\u00e9serts-m\u00e9diatiques-600x455.jpg 600w, https:\/\/jumelage.org\/francais\/wp-content\/uploads\/2018\/11\/D\u00e9serts-m\u00e9diatiques-230x174.jpg 230w, https:\/\/jumelage.org\/francais\/wp-content\/uploads\/2018\/11\/D\u00e9serts-m\u00e9diatiques-350x265.jpg 350w, https:\/\/jumelage.org\/francais\/wp-content\/uploads\/2018\/11\/D\u00e9serts-m\u00e9diatiques-480x364.jpg 480w\" sizes=\"(max-width: 661px) 100vw, 661px\" \/><\/p>\n<p style=\"text-align: center;\"><span style=\"font-size: 14px;\"><em>Un distributeur automatique de journaux \u00e0 Seattle. Touch\u00e9e de plein fouet par la crise de 2008, la presse locale am\u00e9ricaine subit la fuite de ses revenus publicitaires, partis sur les plateformes Internet. Soeren Stache\/picture-alliance\/dpa\/AP Images<\/em><\/span><\/p>\n<p style=\"text-align: justify;\"><span style=\"color: #ffffff;\">.\u00a0\u00a0\u00a0\u00a0\u00a0\u00a0\u00a0\u00a0\u00a0\u00a0\u00a0<\/span> Les lecteurs du <em>Reno Gazette-Journal, Arizona Republic <\/em>ou<em> Indianapolis Star<\/em> vont avoir une dr\u00f4le de surprise en ouvrant leur journal mercredi matin. Ces quotidiens, tout comme la centaine d\u2019autres journaux locaux d\u00e9tenus aux \u00c9tats-Unis par le puissant groupe de presse Gannett, ne rendront pas compte des r\u00e9sultats des tr\u00e8s disput\u00e9es \u00e9lections de mi-mandat qui se seront d\u00e9roul\u00e9es la veille. \u00ab\u00a0<em>Le dernier article pourra \u00eatre envoy\u00e9 au maximum 45 minutes apr\u00e8s la cl\u00f4ture du scrutin\u00a0<\/em>\u00bb, a annonc\u00e9 le groupe Gannett \u00e0 l\u2019ensemble de ses r\u00e9dactions, comme le r\u00e9v\u00e8le le site <em>Nieman Lab.<\/em> Bien trop t\u00f4t pour avoir les r\u00e9sultats des bureaux de vote du secteur et conna\u00eetre le nom du nouveau d\u00e9put\u00e9 local.<\/p>\n<p style=\"text-align: justify;\"><span style=\"color: #ffffff;\">.\u00a0\u00a0\u00a0\u00a0\u00a0\u00a0\u00a0\u00a0\u00a0\u00a0\u00a0<\/span>Officiellement, Gannett veut pousser ses lecteurs, souvent \u00e2g\u00e9s, \u00e0 consulter les r\u00e9sultats du scrutin, qui verra l\u2019\u00e9lection de 435 d\u00e9put\u00e9s et de 35 s\u00e9nateurs, sur le site Internet de leur journal local qui sera rendu gratuit pour l\u2019occasion. Mais cette d\u00e9cision est surtout \u00e9conomique. Couvrir des \u00e9lections signifie boucler \u00e0 minuit pass\u00e9 et faire gonfler la pagination. Cela engendre un surco\u00fbt que de moins en moins de journaux locaux peuvent assumer, alors que leurs ventes sont en chute libre. Les principaux titres de Gannett ont vu leur diffusion pay\u00e9e d\u00e9gringoler de 25 \u00e0 35\u00a0% en deux\u00a0\u00a0ans. Et ce ne sont pas les abonnements num\u00e9riques qui permettent de compenser ces pertes. Le <em>Reno Gazette-Journal<\/em> (48\u00a0000 ventes en semaine) a perdu 18\u00a0000 acheteurs papier depuis 2016 pour n\u2019en gagner que 1\u00a0500 sur le Web\u2026<\/p>\n<p style=\"text-align: justify;\">La d\u00e9cision de Gannett illustre la situation d\u00e9licate dans laquelle se trouve la presse locale am\u00e9ricaine. Touch\u00e9e de plein fouet par la grande crise de 2008, elle subit d\u00e9sormais la fuite de ses revenus publicitaires, partis sur les plateformes Internet. La situation s\u2019est tellement d\u00e9grad\u00e9e que des territoires, de plus en plus nombreux, ne disposent d\u00e9sormais plus de m\u00e9dias locaux. \u00ab\u00a0Sur les 3\u00a0143 comt\u00e9s des \u00c9tats-Unis, pr\u00e8s de 200 n\u2019ont pas de journal local, quelle que soit sa p\u00e9riodicit\u00e9. 1\u00a0500 comt\u00e9s n\u2019ont qu\u2019un seul titre, bien souvent un hebdomadaire. Et plus de 2000 n\u2019ont aucun quotidien local\u00a0\u00bb, affirme une \u00e9tude de l\u2019universit\u00e9 de Caroline du Nord parue fin octobre. \u00ab\u00a0<em>Ces d\u00e9serts m\u00e9diatiques touchent les citoyens les plus vuln\u00e9rables. Ils sont souvent plus pauvres, plus \u00e2g\u00e9s et moins \u00e9duqu\u00e9s que l\u2019Am\u00e9ricain moyen.<\/em>\u00a0\u00bb Sont ainsi concern\u00e9es les lointaines banlieues (1\u00a0300 fermetures de journaux depuis 2004) mais aussi les zones rurales (500 fermetures).<\/p>\n<p style=\"text-align: justify;\"><strong>\u00ab\u00a0Journaux fant\u00f4mes\u00a0\u00bb\u00a0<\/strong><\/p>\n<p style=\"text-align: justify;\"><span style=\"color: #ffffff;\">.\u00a0\u00a0\u00a0\u00a0\u00a0\u00a0\u00a0\u00a0\u00a0\u00a0\u00a0<\/span>L\u2019\u00e9tude d\u00e9voile aussi le ph\u00e9nom\u00e8ne des \u00ab\u00a0journaux fant\u00f4mes\u00a0\u00bb, ces publications locales qui, au fil des ann\u00e9es, sont devenues des carcasses vid\u00e9es de leur substance journalistique. Ces m\u00e9dias, qui ont d\u00fb licencier en masse ces quinze derni\u00e8res ann\u00e9es, ont \u00e9t\u00e9 transform\u00e9s en d\u2019inoffensives publications lifestyle ou en de simples supports publicitaires.<\/p>\n<p style=\"text-align: justify;\">Une autre \u00e9tude, publi\u00e9e par l\u2019universit\u00e9 Duke, souligne l\u2019inqui\u00e9tante chute de la richesse \u00e9ditoriale des m\u00e9dias locaux am\u00e9ricains. En \u00e9tudiant une centaine de quotidiens, les chercheurs se sont rendus compte que seuls 17\u00a0% de leurs articles concernent r\u00e9ellement l\u2019actualit\u00e9 de leur zone de diffusion. Plus de la moiti\u00e9 des informations proviennent d\u2019autres m\u00e9dias. Et \u00e0 peine 50\u00a0% des articles sont \u00ab\u00a0d\u2019int\u00e9r\u00eat public\u00a0\u00bb, c\u2019est-\u00e0-dire relevant de la vie politique, \u00e9conomique et citoyenne locale.<\/p>\n<p style=\"text-align: justify;\">Une partie importante de l\u2019Am\u00e9rique des p\u00e9riph\u00e9ries est donc appel\u00e9e aux urnes sans avoir \u00e9t\u00e9 correctement inform\u00e9e sur ses candidats, leurs programmes, et les enjeux pour ses territoires. \u00ab\u00a0<em>Ces citoyens en sont r\u00e9duits \u00e0 se forger une opinion en fonction de ce qu\u2019ils lisent dans leur bo\u00eete e-mail ou sur leur fil Facebook<\/em>\u00a0\u00bb, s\u2019alarme sur CNN Penny Abernathy, auteur de l\u2019\u00e9tude sur les d\u00e9serts m\u00e9diatiques. Un terreau propice aux manipulations, et dont les cons\u00e9quences \u00adpolitiques sont encore mal mesur\u00e9es.<\/p>\n<p style=\"text-align: justify;\"><strong><img decoding=\"async\" class=\" wp-image-25423 aligncenter\" src=\"http:\/\/jumelage.org\/francais\/wp-content\/uploads\/2018\/11\/D\u00e9sert-m\u00e9diatique.jpg\" alt=\"\" width=\"667\" height=\"444\" srcset=\"https:\/\/jumelage.org\/francais\/wp-content\/uploads\/2018\/11\/D\u00e9sert-m\u00e9diatique.jpg 900w, https:\/\/jumelage.org\/francais\/wp-content\/uploads\/2018\/11\/D\u00e9sert-m\u00e9diatique-300x200.jpg 300w, https:\/\/jumelage.org\/francais\/wp-content\/uploads\/2018\/11\/D\u00e9sert-m\u00e9diatique-768x512.jpg 768w, https:\/\/jumelage.org\/francais\/wp-content\/uploads\/2018\/11\/D\u00e9sert-m\u00e9diatique-600x400.jpg 600w, https:\/\/jumelage.org\/francais\/wp-content\/uploads\/2018\/11\/D\u00e9sert-m\u00e9diatique-830x553.jpg 830w, https:\/\/jumelage.org\/francais\/wp-content\/uploads\/2018\/11\/D\u00e9sert-m\u00e9diatique-230x153.jpg 230w, https:\/\/jumelage.org\/francais\/wp-content\/uploads\/2018\/11\/D\u00e9sert-m\u00e9diatique-350x233.jpg 350w, https:\/\/jumelage.org\/francais\/wp-content\/uploads\/2018\/11\/D\u00e9sert-m\u00e9diatique-480x320.jpg 480w, https:\/\/jumelage.org\/francais\/wp-content\/uploads\/2018\/11\/D\u00e9sert-m\u00e9diatique-272x182.jpg 272w\" sizes=\"(max-width: 667px) 100vw, 667px\" \/><\/strong><\/p>\n<p style=\"text-align: justify;\"><strong>Un ph\u00e9nom\u00e8ne qui se g\u00e9n\u00e9ralise<\/strong><\/p>\n<p style=\"text-align: justify;\"><span style=\"color: #ffffff;\">.\u00a0\u00a0\u00a0\u00a0\u00a0\u00a0\u00a0\u00a0\u00a0\u00a0\u00a0<\/span>Le ph\u00e9nom\u00e8ne menace d\u2019autres pays. Selon l\u2019institut Media Reform Coalition, 58 % de la population britannique vit dans un des 273 districts du pays qui n\u2019a pas son propre quotidien. Entre 2005 et 2018, le Royaume-Uni a subi une perte nette de 245 titres de presse locale. La presse locale australienne a, elle, perdu 3 000 postes entre 2011 et 2017. Le groupe ACM (Australia Community Media), fort de 130 titres et publications agricoles, a \u00e9t\u00e9 vendu cet \u00e9t\u00e9 pour 130 millions de dollars. ACM valait 3 milliards de dollars en 2007.<\/p>\n<p style=\"text-align: justify;\"><strong>Aux lourdes cons\u00e9quences<\/strong><\/p>\n<p style=\"text-align: justify;\"><span style=\"color: #ffffff;\">.\u00a0\u00a0\u00a0\u00a0\u00a0\u00a0\u00a0\u00a0\u00a0\u00a0\u00a0<\/span>Les cons\u00e9quences politiques de la disparition de la presse de proximit\u00e9 ont donn\u00e9 lieu \u00e0 plusieurs \u00e9tudes. Leurs conclusions sont similaires : chute du taux de participation aux \u00e9lections locales ; nombre plus r\u00e9duit de candidats \u00e0 ces scrutins ; et m\u00eame augmentation du taux d\u2019endettement des municipalit\u00e9s, dont les d\u00e9cisions ne sont plus soumises \u00e0 l\u2019\u0153il des journalistes.<\/p>\n<p style=\"text-align: justify;\"><span style=\"color: #ffffff;\">.\u00a0\u00a0\u00a0\u00a0\u00a0\u00a0\u00a0\u00a0\u00a0\u00a0\u00a0<\/span>Autre effet : un sentiment de d\u00e9classement. Les zones perdant leur journal local sont souvent rattach\u00e9es \u00e0 un m\u00e9dia \u00e0 la zone de diffusion plus large, dont le si\u00e8ge se situe dans une grande ville. Ces titres n\u2019ont ni les moyens, ni l\u2019int\u00e9r\u00eat \u00e9ditorial de se pencher sur ces p\u00e9riph\u00e9ries. \u00ab La concentration dans les m\u00e9dias locaux prive les communaut\u00e9s rurales de leur voix. L\u2019information qu\u2019ils re\u00e7oivent leur est impos\u00e9e depuis les centres urbains, qui n\u2019ont pas les m\u00eames pr\u00e9occupations \u00bb, \u00e9crit dans un rapport le Media, Entertainement and Arts Alliance (MEAA) australien. M\u00eame son de cloche au Royaume-Uni. \u00ab Les journaux locaux donnaient la parole \u00e0 la classe ouvri\u00e8re. Leur disparition a pu contribuer au vote pour le Brexit \u00bb, \u00e9crit la journaliste Libby Purves dans la revue Index.<\/p>\n<\/div>\n<\/div><\/div><\/div><\/div><\/div><\/div><\/div>","protected":false},"excerpt":{"rendered":"<p>Le Figaro \u2013 Chlo\u00e9 Woitier &#8211; 06 nov 2018 \/ 14 d\u00e9c 2019 Des territoires n\u2019ont plus de journaux locaux. Ailleurs, la qualit\u00e9 \u00e9ditoriale est [&hellip;]<\/p>\n","protected":false},"author":1,"featured_media":11723,"comment_status":"open","ping_status":"open","sticky":false,"template":"post-templates\/post_full.php","format":"standard","meta":{"two_page_speed":[],"footnotes":""},"categories":[8],"tags":[],"class_list":["post-11722","post","type-post","status-publish","format-standard","has-post-thumbnail","hentry","category-only-in-the-usa"],"yoast_head":"<!-- This site is optimized with the Yoast SEO plugin v27.5 - https:\/\/yoast.com\/product\/yoast-seo-wordpress\/ -->\n<title>Les d\u00e9serts m\u00e9diatiques se multiplient aux \u00c9tats-Unis Jumelage<\/title>\n<meta name=\"robots\" content=\"index, follow, max-snippet:-1, max-image-preview:large, max-video-preview:-1\" \/>\n<link rel=\"canonical\" href=\"https:\/\/jumelage.org\/francais\/les-deserts-mediatiques-se-multiplient-aux-etats-unis\/\" \/>\n<meta property=\"og:locale\" content=\"fr_FR\" \/>\n<meta property=\"og:type\" content=\"article\" \/>\n<meta property=\"og:title\" content=\"Les d\u00e9serts m\u00e9diatiques se multiplient aux \u00c9tats-Unis Jumelage\" \/>\n<meta property=\"og:description\" content=\"Le Figaro \u2013 Chlo\u00e9 Woitier - 06 nov 2018 \/ 14 d\u00e9c 2019 Des territoires n\u2019ont plus de journaux locaux. Ailleurs, la qualit\u00e9 \u00e9ditoriale est [&hellip;]\" \/>\n<meta property=\"og:url\" content=\"https:\/\/jumelage.org\/francais\/les-deserts-mediatiques-se-multiplient-aux-etats-unis\/\" \/>\n<meta property=\"og:site_name\" content=\"Jumelage\" \/>\n<meta property=\"article:publisher\" content=\"http:\/\/www.facebook.com\/jumelagew.sgl\/\" \/>\n<meta property=\"article:published_time\" content=\"2018-11-06T11:45:49+00:00\" \/>\n<meta property=\"article:modified_time\" content=\"2019-12-16T09:54:01+00:00\" \/>\n<meta property=\"og:image\" content=\"https:\/\/jumelage.org\/francais\/wp-content\/uploads\/2018\/11\/D\u00e9serts-m\u00e9diatiques.jpg\" \/>\n\t<meta property=\"og:image:width\" content=\"661\" \/>\n\t<meta property=\"og:image:height\" content=\"501\" \/>\n\t<meta property=\"og:image:type\" content=\"image\/jpeg\" \/>\n<meta name=\"author\" content=\"JumSGLW\" \/>\n<meta name=\"twitter:card\" content=\"summary_large_image\" \/>\n<meta name=\"twitter:label1\" content=\"\u00c9crit par\" \/>\n\t<meta name=\"twitter:data1\" content=\"JumSGLW\" \/>\n\t<meta name=\"twitter:label2\" content=\"Dur\u00e9e de lecture estim\u00e9e\" \/>\n\t<meta name=\"twitter:data2\" content=\"5 minutes\" \/>\n<script type=\"application\/ld+json\" class=\"yoast-schema-graph\">{\"@context\":\"https:\\\/\\\/schema.org\",\"@graph\":[{\"@type\":\"Article\",\"@id\":\"https:\\\/\\\/jumelage.org\\\/francais\\\/les-deserts-mediatiques-se-multiplient-aux-etats-unis\\\/#article\",\"isPartOf\":{\"@id\":\"https:\\\/\\\/jumelage.org\\\/francais\\\/les-deserts-mediatiques-se-multiplient-aux-etats-unis\\\/\"},\"author\":{\"name\":\"JumSGLW\",\"@id\":\"https:\\\/\\\/jumelage.org\\\/francais\\\/#\\\/schema\\\/person\\\/74dafcd8c5dfbdc6c0bfb7efcd1020be\"},\"headline\":\"Les d\u00e9serts m\u00e9diatiques se multiplient aux \u00c9tats-Unis\",\"datePublished\":\"2018-11-06T11:45:49+00:00\",\"dateModified\":\"2019-12-16T09:54:01+00:00\",\"mainEntityOfPage\":{\"@id\":\"https:\\\/\\\/jumelage.org\\\/francais\\\/les-deserts-mediatiques-se-multiplient-aux-etats-unis\\\/\"},\"wordCount\":1045,\"commentCount\":0,\"image\":{\"@id\":\"https:\\\/\\\/jumelage.org\\\/francais\\\/les-deserts-mediatiques-se-multiplient-aux-etats-unis\\\/#primaryimage\"},\"thumbnailUrl\":\"https:\\\/\\\/jumelage.org\\\/francais\\\/wp-content\\\/uploads\\\/2018\\\/11\\\/D\u00e9serts-m\u00e9diatiques.jpg\",\"articleSection\":[\"Only in the USA\"],\"inLanguage\":\"fr-FR\",\"potentialAction\":[{\"@type\":\"CommentAction\",\"name\":\"Comment\",\"target\":[\"https:\\\/\\\/jumelage.org\\\/francais\\\/les-deserts-mediatiques-se-multiplient-aux-etats-unis\\\/#respond\"]}]},{\"@type\":\"WebPage\",\"@id\":\"https:\\\/\\\/jumelage.org\\\/francais\\\/les-deserts-mediatiques-se-multiplient-aux-etats-unis\\\/\",\"url\":\"https:\\\/\\\/jumelage.org\\\/francais\\\/les-deserts-mediatiques-se-multiplient-aux-etats-unis\\\/\",\"name\":\"Les d\u00e9serts m\u00e9diatiques se multiplient aux \u00c9tats-Unis Jumelage\",\"isPartOf\":{\"@id\":\"https:\\\/\\\/jumelage.org\\\/francais\\\/#website\"},\"primaryImageOfPage\":{\"@id\":\"https:\\\/\\\/jumelage.org\\\/francais\\\/les-deserts-mediatiques-se-multiplient-aux-etats-unis\\\/#primaryimage\"},\"image\":{\"@id\":\"https:\\\/\\\/jumelage.org\\\/francais\\\/les-deserts-mediatiques-se-multiplient-aux-etats-unis\\\/#primaryimage\"},\"thumbnailUrl\":\"https:\\\/\\\/jumelage.org\\\/francais\\\/wp-content\\\/uploads\\\/2018\\\/11\\\/D\u00e9serts-m\u00e9diatiques.jpg\",\"datePublished\":\"2018-11-06T11:45:49+00:00\",\"dateModified\":\"2019-12-16T09:54:01+00:00\",\"author\":{\"@id\":\"https:\\\/\\\/jumelage.org\\\/francais\\\/#\\\/schema\\\/person\\\/74dafcd8c5dfbdc6c0bfb7efcd1020be\"},\"breadcrumb\":{\"@id\":\"https:\\\/\\\/jumelage.org\\\/francais\\\/les-deserts-mediatiques-se-multiplient-aux-etats-unis\\\/#breadcrumb\"},\"inLanguage\":\"fr-FR\",\"potentialAction\":[{\"@type\":\"ReadAction\",\"target\":[\"https:\\\/\\\/jumelage.org\\\/francais\\\/les-deserts-mediatiques-se-multiplient-aux-etats-unis\\\/\"]}]},{\"@type\":\"ImageObject\",\"inLanguage\":\"fr-FR\",\"@id\":\"https:\\\/\\\/jumelage.org\\\/francais\\\/les-deserts-mediatiques-se-multiplient-aux-etats-unis\\\/#primaryimage\",\"url\":\"https:\\\/\\\/jumelage.org\\\/francais\\\/wp-content\\\/uploads\\\/2018\\\/11\\\/D\u00e9serts-m\u00e9diatiques.jpg\",\"contentUrl\":\"https:\\\/\\\/jumelage.org\\\/francais\\\/wp-content\\\/uploads\\\/2018\\\/11\\\/D\u00e9serts-m\u00e9diatiques.jpg\",\"width\":661,\"height\":501},{\"@type\":\"BreadcrumbList\",\"@id\":\"https:\\\/\\\/jumelage.org\\\/francais\\\/les-deserts-mediatiques-se-multiplient-aux-etats-unis\\\/#breadcrumb\",\"itemListElement\":[{\"@type\":\"ListItem\",\"position\":1,\"name\":\"Accueil\",\"item\":\"https:\\\/\\\/jumelage.org\\\/francais\\\/\"},{\"@type\":\"ListItem\",\"position\":2,\"name\":\"Les d\u00e9serts m\u00e9diatiques se multiplient aux \u00c9tats-Unis\"}]},{\"@type\":\"WebSite\",\"@id\":\"https:\\\/\\\/jumelage.org\\\/francais\\\/#website\",\"url\":\"https:\\\/\\\/jumelage.org\\\/francais\\\/\",\"name\":\"Jumelage\",\"description\":\"Saint-Germain-en-Laye &amp; Winchester (MA)\",\"potentialAction\":[{\"@type\":\"SearchAction\",\"target\":{\"@type\":\"EntryPoint\",\"urlTemplate\":\"https:\\\/\\\/jumelage.org\\\/francais\\\/?s={search_term_string}\"},\"query-input\":{\"@type\":\"PropertyValueSpecification\",\"valueRequired\":true,\"valueName\":\"search_term_string\"}}],\"inLanguage\":\"fr-FR\"},{\"@type\":\"Person\",\"@id\":\"https:\\\/\\\/jumelage.org\\\/francais\\\/#\\\/schema\\\/person\\\/74dafcd8c5dfbdc6c0bfb7efcd1020be\",\"name\":\"JumSGLW\",\"image\":{\"@type\":\"ImageObject\",\"inLanguage\":\"fr-FR\",\"@id\":\"https:\\\/\\\/secure.gravatar.com\\\/avatar\\\/3d3cad377d924d636d7d20ae9f968d4816d16114a561888c0a1668606eb9b7be?s=96&d=mm&r=g\",\"url\":\"https:\\\/\\\/secure.gravatar.com\\\/avatar\\\/3d3cad377d924d636d7d20ae9f968d4816d16114a561888c0a1668606eb9b7be?s=96&d=mm&r=g\",\"contentUrl\":\"https:\\\/\\\/secure.gravatar.com\\\/avatar\\\/3d3cad377d924d636d7d20ae9f968d4816d16114a561888c0a1668606eb9b7be?s=96&d=mm&r=g\",\"caption\":\"JumSGLW\"},\"url\":\"http:\\\/\\\/jumelage.org\\\/francais\\\/author\\\/jumsglw\\\/\"}]}<\/script>\n<!-- \/ Yoast SEO plugin. -->","yoast_head_json":{"title":"Les d\u00e9serts m\u00e9diatiques se multiplient aux \u00c9tats-Unis Jumelage","robots":{"index":"index","follow":"follow","max-snippet":"max-snippet:-1","max-image-preview":"max-image-preview:large","max-video-preview":"max-video-preview:-1"},"canonical":"https:\/\/jumelage.org\/francais\/les-deserts-mediatiques-se-multiplient-aux-etats-unis\/","og_locale":"fr_FR","og_type":"article","og_title":"Les d\u00e9serts m\u00e9diatiques se multiplient aux \u00c9tats-Unis Jumelage","og_description":"Le Figaro \u2013 Chlo\u00e9 Woitier - 06 nov 2018 \/ 14 d\u00e9c 2019 Des territoires n\u2019ont plus de journaux locaux. Ailleurs, la qualit\u00e9 \u00e9ditoriale est [&hellip;]","og_url":"https:\/\/jumelage.org\/francais\/les-deserts-mediatiques-se-multiplient-aux-etats-unis\/","og_site_name":"Jumelage","article_publisher":"http:\/\/www.facebook.com\/jumelagew.sgl\/","article_published_time":"2018-11-06T11:45:49+00:00","article_modified_time":"2019-12-16T09:54:01+00:00","og_image":[{"width":661,"height":501,"url":"https:\/\/jumelage.org\/francais\/wp-content\/uploads\/2018\/11\/D\u00e9serts-m\u00e9diatiques.jpg","type":"image\/jpeg"}],"author":"JumSGLW","twitter_card":"summary_large_image","twitter_misc":{"\u00c9crit par":"JumSGLW","Dur\u00e9e de lecture estim\u00e9e":"5 minutes"},"schema":{"@context":"https:\/\/schema.org","@graph":[{"@type":"Article","@id":"https:\/\/jumelage.org\/francais\/les-deserts-mediatiques-se-multiplient-aux-etats-unis\/#article","isPartOf":{"@id":"https:\/\/jumelage.org\/francais\/les-deserts-mediatiques-se-multiplient-aux-etats-unis\/"},"author":{"name":"JumSGLW","@id":"https:\/\/jumelage.org\/francais\/#\/schema\/person\/74dafcd8c5dfbdc6c0bfb7efcd1020be"},"headline":"Les d\u00e9serts m\u00e9diatiques se multiplient aux \u00c9tats-Unis","datePublished":"2018-11-06T11:45:49+00:00","dateModified":"2019-12-16T09:54:01+00:00","mainEntityOfPage":{"@id":"https:\/\/jumelage.org\/francais\/les-deserts-mediatiques-se-multiplient-aux-etats-unis\/"},"wordCount":1045,"commentCount":0,"image":{"@id":"https:\/\/jumelage.org\/francais\/les-deserts-mediatiques-se-multiplient-aux-etats-unis\/#primaryimage"},"thumbnailUrl":"https:\/\/jumelage.org\/francais\/wp-content\/uploads\/2018\/11\/D\u00e9serts-m\u00e9diatiques.jpg","articleSection":["Only in the USA"],"inLanguage":"fr-FR","potentialAction":[{"@type":"CommentAction","name":"Comment","target":["https:\/\/jumelage.org\/francais\/les-deserts-mediatiques-se-multiplient-aux-etats-unis\/#respond"]}]},{"@type":"WebPage","@id":"https:\/\/jumelage.org\/francais\/les-deserts-mediatiques-se-multiplient-aux-etats-unis\/","url":"https:\/\/jumelage.org\/francais\/les-deserts-mediatiques-se-multiplient-aux-etats-unis\/","name":"Les d\u00e9serts m\u00e9diatiques se multiplient aux \u00c9tats-Unis Jumelage","isPartOf":{"@id":"https:\/\/jumelage.org\/francais\/#website"},"primaryImageOfPage":{"@id":"https:\/\/jumelage.org\/francais\/les-deserts-mediatiques-se-multiplient-aux-etats-unis\/#primaryimage"},"image":{"@id":"https:\/\/jumelage.org\/francais\/les-deserts-mediatiques-se-multiplient-aux-etats-unis\/#primaryimage"},"thumbnailUrl":"https:\/\/jumelage.org\/francais\/wp-content\/uploads\/2018\/11\/D\u00e9serts-m\u00e9diatiques.jpg","datePublished":"2018-11-06T11:45:49+00:00","dateModified":"2019-12-16T09:54:01+00:00","author":{"@id":"https:\/\/jumelage.org\/francais\/#\/schema\/person\/74dafcd8c5dfbdc6c0bfb7efcd1020be"},"breadcrumb":{"@id":"https:\/\/jumelage.org\/francais\/les-deserts-mediatiques-se-multiplient-aux-etats-unis\/#breadcrumb"},"inLanguage":"fr-FR","potentialAction":[{"@type":"ReadAction","target":["https:\/\/jumelage.org\/francais\/les-deserts-mediatiques-se-multiplient-aux-etats-unis\/"]}]},{"@type":"ImageObject","inLanguage":"fr-FR","@id":"https:\/\/jumelage.org\/francais\/les-deserts-mediatiques-se-multiplient-aux-etats-unis\/#primaryimage","url":"https:\/\/jumelage.org\/francais\/wp-content\/uploads\/2018\/11\/D\u00e9serts-m\u00e9diatiques.jpg","contentUrl":"https:\/\/jumelage.org\/francais\/wp-content\/uploads\/2018\/11\/D\u00e9serts-m\u00e9diatiques.jpg","width":661,"height":501},{"@type":"BreadcrumbList","@id":"https:\/\/jumelage.org\/francais\/les-deserts-mediatiques-se-multiplient-aux-etats-unis\/#breadcrumb","itemListElement":[{"@type":"ListItem","position":1,"name":"Accueil","item":"https:\/\/jumelage.org\/francais\/"},{"@type":"ListItem","position":2,"name":"Les d\u00e9serts m\u00e9diatiques se multiplient aux \u00c9tats-Unis"}]},{"@type":"WebSite","@id":"https:\/\/jumelage.org\/francais\/#website","url":"https:\/\/jumelage.org\/francais\/","name":"Jumelage","description":"Saint-Germain-en-Laye &amp; Winchester (MA)","potentialAction":[{"@type":"SearchAction","target":{"@type":"EntryPoint","urlTemplate":"https:\/\/jumelage.org\/francais\/?s={search_term_string}"},"query-input":{"@type":"PropertyValueSpecification","valueRequired":true,"valueName":"search_term_string"}}],"inLanguage":"fr-FR"},{"@type":"Person","@id":"https:\/\/jumelage.org\/francais\/#\/schema\/person\/74dafcd8c5dfbdc6c0bfb7efcd1020be","name":"JumSGLW","image":{"@type":"ImageObject","inLanguage":"fr-FR","@id":"https:\/\/secure.gravatar.com\/avatar\/3d3cad377d924d636d7d20ae9f968d4816d16114a561888c0a1668606eb9b7be?s=96&d=mm&r=g","url":"https:\/\/secure.gravatar.com\/avatar\/3d3cad377d924d636d7d20ae9f968d4816d16114a561888c0a1668606eb9b7be?s=96&d=mm&r=g","contentUrl":"https:\/\/secure.gravatar.com\/avatar\/3d3cad377d924d636d7d20ae9f968d4816d16114a561888c0a1668606eb9b7be?s=96&d=mm&r=g","caption":"JumSGLW"},"url":"http:\/\/jumelage.org\/francais\/author\/jumsglw\/"}]}},"_links":{"self":[{"href":"http:\/\/jumelage.org\/francais\/wp-json\/wp\/v2\/posts\/11722","targetHints":{"allow":["GET"]}}],"collection":[{"href":"http:\/\/jumelage.org\/francais\/wp-json\/wp\/v2\/posts"}],"about":[{"href":"http:\/\/jumelage.org\/francais\/wp-json\/wp\/v2\/types\/post"}],"author":[{"embeddable":true,"href":"http:\/\/jumelage.org\/francais\/wp-json\/wp\/v2\/users\/1"}],"replies":[{"embeddable":true,"href":"http:\/\/jumelage.org\/francais\/wp-json\/wp\/v2\/comments?post=11722"}],"version-history":[{"count":0,"href":"http:\/\/jumelage.org\/francais\/wp-json\/wp\/v2\/posts\/11722\/revisions"}],"wp:featuredmedia":[{"embeddable":true,"href":"http:\/\/jumelage.org\/francais\/wp-json\/wp\/v2\/media\/11723"}],"wp:attachment":[{"href":"http:\/\/jumelage.org\/francais\/wp-json\/wp\/v2\/media?parent=11722"}],"wp:term":[{"taxonomy":"category","embeddable":true,"href":"http:\/\/jumelage.org\/francais\/wp-json\/wp\/v2\/categories?post=11722"},{"taxonomy":"post_tag","embeddable":true,"href":"http:\/\/jumelage.org\/francais\/wp-json\/wp\/v2\/tags?post=11722"}],"curies":[{"name":"wp","href":"https:\/\/api.w.org\/{rel}","templated":true}]}}