{"id":11147,"date":"2018-10-04T09:40:29","date_gmt":"2018-10-04T07:40:29","guid":{"rendered":"http:\/\/jumelage.org\/francais\/?p=11147"},"modified":"2022-12-03T23:26:52","modified_gmt":"2022-12-03T22:26:52","slug":"la-statue-de-la-liberte-1886","status":"publish","type":"post","link":"http:\/\/jumelage.org\/francais\/la-statue-de-la-liberte-1886\/","title":{"rendered":"La Statue de la Libert\u00e9 (1886)"},"content":{"rendered":"<div id=\"ez-toc-container\" class=\"ez-toc-v2_0_82_2 counter-hierarchy ez-toc-counter ez-toc-custom ez-toc-container-direction\">\n<nav><ul class='ez-toc-list ez-toc-list-level-1 ' ><li class='ez-toc-page-1 ez-toc-heading-level-1'><a class=\"ez-toc-link ez-toc-heading-1\" href=\"http:\/\/jumelage.org\/francais\/la-statue-de-la-liberte-1886\/#28-octobre-1886-%E2%80%93-La-Liberte-eclaire-le-monde\" >28 octobre 1886 &#8211; La Libert\u00e9 \u00e9claire le monde<\/a><ul class='ez-toc-list-level-2' ><li class='ez-toc-heading-level-2'><a class=\"ez-toc-link ez-toc-heading-2\" href=\"http:\/\/jumelage.org\/francais\/la-statue-de-la-liberte-1886\/#Auguste-Bartholdi-republicain-et-patriote\" >Auguste Bartholdi, r\u00e9publicain et patriote<\/a><\/li><li class='ez-toc-page-1 ez-toc-heading-level-2'><a class=\"ez-toc-link ez-toc-heading-3\" href=\"http:\/\/jumelage.org\/francais\/la-statue-de-la-liberte-1886\/#Suez-avant-New-York\" >Suez avant New-York<\/a><\/li><li class='ez-toc-page-1 ez-toc-heading-level-2'><a class=\"ez-toc-link ez-toc-heading-4\" href=\"http:\/\/jumelage.org\/francais\/la-statue-de-la-liberte-1886\/#Course-dobstacles\" >Course d&rsquo;obstacles<\/a><\/li><li class='ez-toc-page-1 ez-toc-heading-level-2'><a class=\"ez-toc-link ez-toc-heading-5\" href=\"http:\/\/jumelage.org\/francais\/la-statue-de-la-liberte-1886\/#Le-peuple-americain-se-mobilise-a-son-tour\" >Le peuple am\u00e9ricain se mobilise \u00e0 son tour<\/a><\/li><li class='ez-toc-page-1 ez-toc-heading-level-2'><a class=\"ez-toc-link ez-toc-heading-6\" href=\"http:\/\/jumelage.org\/francais\/la-statue-de-la-liberte-1886\/#Un-mythe-americain\" >Un mythe am\u00e9ricain<\/a><\/li><li class='ez-toc-page-1 ez-toc-heading-level-2'><a class=\"ez-toc-link ez-toc-heading-7\" href=\"http:\/\/jumelage.org\/francais\/la-statue-de-la-liberte-1886\/#Posterite-et-repliques\" >Post\u00e9rit\u00e9 et r\u00e9pliques<\/a><\/li><\/ul><\/li><li class='ez-toc-page-1 ez-toc-heading-level-1'><a class=\"ez-toc-link ez-toc-heading-8\" href=\"http:\/\/jumelage.org\/francais\/la-statue-de-la-liberte-1886\/#Un-poeme-dEmma-Lazarus\" >Un po\u00e8me d&rsquo;Emma Lazarus<\/a><\/li><li class='ez-toc-page-1 ez-toc-heading-level-1'><a class=\"ez-toc-link ez-toc-heading-9\" href=\"http:\/\/jumelage.org\/francais\/la-statue-de-la-liberte-1886\/#%C2%AB-Lady-Liberte-%C2%BB-en-chiffres\" >\u00ab\u00a0Lady Libert\u00e9\u00a0\u00bb en chiffres<\/a><\/li><\/ul><\/nav><\/div>\n<div id=\"pl-11147\"  class=\"panel-layout\" ><div id=\"pg-11147-0\"  class=\"panel-grid panel-has-style\" ><div style=\"padding: 100px 0; \" data-overlay=\"true\" class=\"panel-row-style panel-row-style-for-11147-0\" ><div id=\"pgc-11147-0-0\"  class=\"panel-grid-cell\" ><div id=\"panel-11147-0-0-0\" class=\"so-panel widget widget_sow-editor panel-first-child panel-last-child\" data-index=\"0\" ><div style=\"text-align: left;\" data-title-color=\"#443f3f\" data-headings-color=\"#443f3f\" class=\"panel-widget-style panel-widget-style-for-11147-0-0-0\" ><div\n\t\t\t\n\t\t\tclass=\"so-widget-sow-editor so-widget-sow-editor-base\"\n\t\t\t\n\t\t>\n<div class=\"siteorigin-widget-tinymce textwidget\">\n\t<h1 style=\"text-align: center;\"><span style=\"font-size: 24px; color: #000000;\"><strong>28 octobre 1886 - <\/strong><strong>La Libert\u00e9 \u00e9claire le monde<\/strong><\/span><\/h1>\n<pre><span style=\"font-size: 14px; color: #000000;\"><em>Herodote.net - Andr\u00e9 Laran\u00e9 \u2013 26 oct 2016 \/ GEO - Anne Daubr\u00e9e \u2013 02 oct 2018<\/em><\/span><\/pre>\n<p style=\"text-align: justify;\"><span style=\"color: #000000;\"><span style=\"color: #ffffff;\">.\u00a0\u00a0\u00a0\u00a0\u00a0\u00a0\u00a0\u00a0<\/span>\u00a0\u00a0\u00a0 Le 28 octobre 1886, \u00ab\u00a0La Libert\u00e9 \u00e9clairant le monde\u00a0\u00bb est inaugur\u00e9e dans la liesse, \u00e0 l'entr\u00e9e du port de New York, par le pr\u00e9sident des \u00c9tats-Unis Stephen Grover Cleveland.<\/span><\/p>\n<p style=\"text-align: justify;\"><span style=\"color: #000000;\">C'est la plus colossale statue jamais construite (46 m\u00e8tres de haut et 93 avec le pi\u00e9destal). Elle est l'oeuvre du sculpteur fran\u00e7ais Fr\u00e9d\u00e9ric-Auguste Bartholdi.<\/span><\/p>\n<p style=\"text-align: justify;\"><span style=\"color: #000000;\">Ce cadeau de la France aux \u00c9tats-Unis c\u00e9l\u00e8bre l'amiti\u00e9 franco-am\u00e9ricaine sur une id\u00e9e du juriste \u00c9douard Laboulaye. Il a \u00e9t\u00e9 financ\u00e9 par une souscription publique des deux c\u00f4t\u00e9s de l'Atlantique et gr\u00e2ce \u00e0 une active campagne de presse du journaliste am\u00e9ricain Joseph Pulitzer.<\/span><\/p>\n<p style=\"text-align: center;\"><span style=\"color: #000000;\"><em><img decoding=\"async\" class=\"alignnone wp-image-11162 aligncenter\" src=\"http:\/\/jumelage.org\/francais\/wp-content\/uploads\/2018\/10\/Statue-Libert\u00e9-1.jpg\" alt=\"\" width=\"892\" height=\"450\" srcset=\"https:\/\/jumelage.org\/francais\/wp-content\/uploads\/2018\/10\/Statue-Libert\u00e9-1.jpg 662w, https:\/\/jumelage.org\/francais\/wp-content\/uploads\/2018\/10\/Statue-Libert\u00e9-1-300x151.jpg 300w, https:\/\/jumelage.org\/francais\/wp-content\/uploads\/2018\/10\/Statue-Libert\u00e9-1-600x303.jpg 600w, https:\/\/jumelage.org\/francais\/wp-content\/uploads\/2018\/10\/Statue-Libert\u00e9-1-230x116.jpg 230w, https:\/\/jumelage.org\/francais\/wp-content\/uploads\/2018\/10\/Statue-Libert\u00e9-1-350x177.jpg 350w, https:\/\/jumelage.org\/francais\/wp-content\/uploads\/2018\/10\/Statue-Libert\u00e9-1-480x242.jpg 480w\" sizes=\"(max-width: 892px) 100vw, 892px\" \/><\/em><\/span><\/p>\n<p style=\"text-align: center;\"><span style=\"font-size: 14px; color: #000000;\"><em>\u00a9 Library of Congress<\/em><\/span><\/p>\n<p style=\"text-align: justify;\"><span style=\"color: #000000;\"><span style=\"color: #ffffff;\">.\u00a0\u00a0\u00a0\u00a0\u00a0\u00a0\u00a0\u00a0\u00a0\u00a0<\/span>\u00a0 Le soir du 21 avril 1865, l\u2019heure est \u00e0 la f\u00eate chez Edouard de Laboulaye. Dans sa demeure provinciale de Gatigny, commune de la Lorraine situ\u00e9e \u00e0 12 kilom\u00e8tres de Metz, ce professeur de droit au Coll\u00e8ge de France et ardent promoteur du syst\u00e8me politique am\u00e9ricain a convi\u00e9 ses amis lib\u00e9raux \u00e0 c\u00e9l\u00e9brer la victoire de l\u2019Union sur les s\u00e9cessionnistes du sud des Etats-Unis. Toutefois, un malaise g\u00e2che l\u2019ambiance. Napol\u00e9on III a pris le parti des sudistes afin de conforter sa position au Mexique qui fait l\u2019objet d\u2019une intervention fran\u00e7aise depuis 1862. Comment dire aux unionistes que les Fran\u00e7ais partagent malgr\u00e9 tout leurs valeurs ?<\/span><\/p>\n<p style=\"text-align: justify;\"><span style=\"color: #000000;\">Edouard de Laboulaye a une id\u00e9e : \u00e9riger, aux Etats-Unis, un monument avec \u00ab un travail commun de nos deux nations \u00bb. Parmi les convives, un certain Fr\u00e9d\u00e9ric-Auguste Bartholdi, 31 ans, \u00e9coute les paroles du professeur. Ce sculpteur prometteur, issu d\u2019une famille alsacienne ais\u00e9e, est s\u00e9duit par un tel projet. Reste \u00e0 savoir comment mettre en place une telle op\u00e9ration et \u00e0 quoi pourrait bien ressembler ce monument singulier. Il faudra attendre une dizaine d\u2019ann\u00e9es avant que l\u2019id\u00e9e ne prenne r\u00e9ellement forme.<\/span><\/p>\n<p style=\"text-align: justify;\"><span style=\"color: #000000;\">Les relations entre la France et les Etats-Unis deviennent tendues lorsque, en juillet 1870, l\u2019Am\u00e9rique choisit de soutenir la Prusse dans le conflit d\u00e9clench\u00e9 par Napol\u00e9on III. Pour autant, Bartholdi ne renonce pas \u00e0 son dessein. L\u2019Alsacien souhaite alors utiliser ses croquis \u00ab\u00a0\u00e9gyptiens\u00a0\u00bb pour concevoir un \u00e9quivalent new-yorkais. En 1871, il s\u2019exile aux Etats-Unis, fuyant Colmar, sa ville natale occup\u00e9e par les arm\u00e9es prussiennes de Bismarck, et la Commune, dont il r\u00e9prouve la violence. Dans ses bagages, il emporte deux mod\u00e8les de statues et des lettres d\u2019introduction d\u2019Edouard de Laboulaye.<\/span><\/p>\n<h2 style=\"text-align: justify;\"><span class=\"ez-toc-section\" id=\"Auguste-Bartholdi-republicain-et-patriote\"><\/span><span style=\"text-decoration: underline;\"><span style=\"color: #000000; font-size: 16px;\"><strong>Auguste Bartholdi, r\u00e9publicain et patriote<\/strong><\/span><\/span><span class=\"ez-toc-section-end\"><\/span><\/h2>\n<p style=\"text-align: justify;\"><span style=\"color: #000000;\"><em><span style=\"color: #ffffff;\">.\u00a0\u00a0\u00a0\u00a0\u00a0\u00a0\u00a0\u00a0\u00a0<\/span>\u00a0\u00a0 <\/em>N\u00e9 le 2 ao\u00fbt 1834 \u00e0 Colmar, en Alsace, dans une famille de notables protestants, Auguste Bartholdi peut donner libre cours \u00e0 ses penchants artistiques gr\u00e2ce \u00e0 la bienveillance de sa m\u00e8re Charlotte qui ne cessera jamais de l'\u00e9pauler.<\/span><\/p>\n<p style=\"text-align: center;\"><span style=\"color: #000000;\"><em><img decoding=\"async\" class=\"alignnone size-full wp-image-11161 aligncenter\" src=\"http:\/\/jumelage.org\/francais\/wp-content\/uploads\/2018\/10\/Statue-Libert\u00e9-2.jpg\" alt=\"\" width=\"207\" height=\"337\" srcset=\"https:\/\/jumelage.org\/francais\/wp-content\/uploads\/2018\/10\/Statue-Libert\u00e9-2.jpg 207w, https:\/\/jumelage.org\/francais\/wp-content\/uploads\/2018\/10\/Statue-Libert\u00e9-2-184x300.jpg 184w\" sizes=\"(max-width: 207px) 100vw, 207px\" \/> <span style=\"font-size: 14px;\">Auguste Bartholdi par Nadar vers 1875. - Gallica<\/span><\/em><\/span><\/p>\n<p style=\"text-align: justify;\"><span style=\"color: #000000;\">Il a \u00e0 peine 20 ans quand il inaugure sa carri\u00e8re de sculpteur avec la statue du comte Jean Rapp, un g\u00e9n\u00e9ral de Napol\u00e9on 1er originaire comme lui de Colmar.<\/span><\/p>\n<p style=\"text-align: justify;\"><span style=\"color: #000000;\">D\u00e9j\u00e0 s'affirme son go\u00fbt pour le gigantisme avec cette statue \u00e0 laquelle, de sa propre initiative, il donne une taille deux fois sup\u00e9rieure \u00e0 la taille humaine.<\/span><\/p>\n<p style=\"text-align: justify;\"><span style=\"color: #000000;\">En d\u00e9pit de la bienveillance du Second Empire \u00e0 son \u00e9gard, Bartholdi ne cache pas ses convictions r\u00e9publicaines, ce qui lui vaut de nouer une relation amicale avec le professeur de droit \u00c9douard Laboulaye (1811-1883), dont il r\u00e9alise le buste en 1866.<\/span><\/p>\n<p style=\"text-align: justify;\"><span style=\"color: #000000;\">\u00c0 ce moment-l\u00e0 vient de se terminer aux \u00c9tats-Unis la guerre de S\u00e9cession.\u00a0L'enthousiasme de Laboulaye, partisan des abolitionnistes, est \u00e0 son comble.<\/span><\/p>\n<p style=\"text-align: justify;\"><span style=\"color: #000000;\">Lors d'une soir\u00e9e \u00e0 laquelle est invit\u00e9 le jeune Bartholdi, il lance l'id\u00e9e d'un monument qui scellerait l'amiti\u00e9 entre les peuples fran\u00e7ais et am\u00e9ricain. Bien entendu, ce monument serait inaugur\u00e9 \u00e0 l'occasion du centenaire de la D\u00e9claration d'Ind\u00e9pendance, soit en 1876\u00a0! ...<\/span><\/p>\n<h2 style=\"text-align: justify;\"><span class=\"ez-toc-section\" id=\"Suez-avant-New-York\"><\/span><span style=\"text-decoration: underline;\"><span style=\"color: #000000; font-size: 16px;\"><strong>Suez avant New-York<\/strong><\/span><\/span><span class=\"ez-toc-section-end\"><\/span><\/h2>\n<p style=\"text-align: justify;\"><span style=\"color: #000000;\"><em><span style=\"color: #ffffff;\">.\u00a0\u00a0\u00a0\u00a0\u00a0\u00a0\u00a0\u00a0<\/span>\u00a0\u00a0\u00a0 <\/em>En attendant, il faut composer avec un r\u00e9gime qui n'a pas de sympathie particuli\u00e8re pour la d\u00e9mocratie am\u00e9ricaine.<\/span><\/p>\n<p style=\"text-align: justify;\"><span style=\"color: #000000;\">Auguste Bartholdi, comme beaucoup d'artistes et d'intellectuels de son temps, c\u00e8de \u00e0 <em>l'\u00e9gyptomanie<\/em>. Il visite les bords du Nil et rencontre Ferdinand de Lesseps, ma\u00eetre d'oeuvre du futur canal de Suez.<\/span><\/p>\n<p style=\"text-align: justify;\"><span style=\"color: #000000;\">Il lui sugg\u00e8re d'\u00e9riger \u00e0 l'entr\u00e9e du canal une statue monumentale \u00e0 l'image du colosse de Rhodes, mais qui serait, elle, con\u00e7ue pour durer des si\u00e8cles.<\/span><\/p>\n<p style=\"text-align: justify;\"><span style=\"color: #000000;\">Son projet prend l'allure d'une paysanne \u00e9gyptienne qui brandit une torche, avec une majest\u00e9 toute antique. Malheureusement, il n'a pas l'heur de plaire au vice-roi d'\u00c9gypte Isma\u00efl Pacha et Bartholdi revient \u00e0 Paris avec la maquette en terre cuite dans sa malle.<\/span><\/p>\n<p style=\"text-align: justify;\"><span style=\"color: #000000;\">Arrive la guerre franco-prussienne. Patriote, le sculpteur de 36 ans sert comme chef d'escadron et aide de camp de Giuseppe Garibaldi dans l'arm\u00e9e des Vosges.<\/span><\/p>\n<p style=\"text-align: justify;\"><span style=\"color: #000000;\">Tandis que la France est encore sous le coup de la d\u00e9faite, \u00c9douard Laboulaye, devenu d\u00e9put\u00e9 r\u00e9publicain, se montre plus que jamais convaincu de l'utilit\u00e9 du monument \u00e0 la Libert\u00e9. Il sugg\u00e8re \u00e0 son ami de se rendre aux \u00c9tats-Unis pour t\u00e2ter le terrain.<\/span><\/p>\n<p style=\"text-align: justify;\"><span style=\"color: #000000;\">D\u00e8s son arriv\u00e9e dans la rade de New York, \u00e0 l'automne 1871, Bartholdi rep\u00e8re l'emplacement idoine pour son futur monument, lequel serait inspir\u00e9 de la paysanne \u00e0 la torche qui devait ouvrir le canal de Suez.<\/span><\/p>\n<p style=\"text-align: justify;\"><span style=\"color: #000000;\">C'est l'\u00eele de Bedloe, un \u00eelot au milieu de l\u2019Hudson \u00e0 l\u2019embouchure du chenal menant au port de New York (rebaptis\u00e9e <em>Liberty Island<\/em> en 1956). Elle est visible de tous les arrivants de l'Ancien Monde et offre un point de vue \u00e0 la fois sur le grand large et la cit\u00e9. (Cette \u00eele, propri\u00e9t\u00e9 du gouvernement f\u00e9d\u00e9ral, est administr\u00e9e par le National Park Service, qui la consid\u00e8re comme une juridiction de l\u2019Etat de New York. Mais elle est en r\u00e9alit\u00e9 implant\u00e9e dans les eaux territoriales du New Jersey. Une source interminable de dispute entre les deux Etats.)<\/span><\/p>\n<p style=\"text-align: justify;\"><span style=\"color: #000000;\">Laboulaye et Bartholdi ont dans l'id\u00e9e que le monument, d'un co\u00fbt de 250.000 dollars (une somme colossale pour l'\u00e9poque), soit financ\u00e9 par souscription, pour moiti\u00e9 par le peuple fran\u00e7ais et par le peuple am\u00e9ricain, le premier se r\u00e9servant la statue et le second le pi\u00e9destal.<\/span><\/p>\n<p style=\"text-align: justify;\"><span style=\"color: #000000;\">Bartholdi rencontre \u00e0 cette fin le pr\u00e9sident Ulysses S. Grant, des s\u00e9nateurs, des industriels et des journalistes. Mais ses interlocuteurs qui assimilent la libert\u00e9 fran\u00e7aise au radicalisme de la Commune, se m\u00e9fient de cette statue venue de l\u2019Hexagone et demeurent tr\u00e8s r\u00e9serv\u00e9s \u00e0 l'\u00e9gard du projet... <\/span><span style=\"color: #000000;\">Tout comme d'ailleurs les \u00e9lus et les notables fran\u00e7ais qui penchent majoritairement pour une restauration de la monarchie et en veulent surtout aux Am\u00e9ricains d'avoir soutenu la Prusse dans la pr\u00e9c\u00e9dente guerre.<\/span><\/p>\n<p style=\"text-align: justify;\"><span style=\"color: #000000;\">En attendant que la situation se d\u00e9bloque, Bartholdi s'attelle \u00e0 une commande publique destin\u00e9e \u00e0 rappeler le si\u00e8ge h\u00e9ro\u00efque de Belfort en 1870-1871. Ce sera le <em>Lion de Belfort<\/em>, une sculpture monumentale (on ne se refait pas) en granit des Vosges, adoss\u00e9e \u00e0 la colline qui surplombe la ville. <\/span>Il r\u00e9alise \u00e9galement \u00e0 cette \u00e9poque la statue de La Fayette qui sera inaugur\u00e9e en 1876, \u00e9rig\u00e9e \u00e0 Union Square Park \u00e0 Manhattan.<\/p>\n<h2 style=\"text-align: justify;\"><span class=\"ez-toc-section\" id=\"Course-dobstacles\"><\/span><span style=\"text-decoration: underline;\"><span style=\"color: #000000; font-size: 16px;\"><strong>Course d&rsquo;obstacles<\/strong><\/span><\/span><span class=\"ez-toc-section-end\"><\/span><\/h2>\n<p style=\"text-align: justify;\"><span style=\"color: #000000;\"><em><span style=\"color: #ffffff;\">.\u00a0\u00a0\u00a0\u00a0\u00a0\u00a0\u00a0<\/span>\u00a0\u00a0\u00a0\u00a0 <\/em>Enfin, l'horizon se d\u00e9gage : le r\u00e9gime politique bascule en janvier 1875 vers la R\u00e9publique. Le projet de statue recueille d\u00e9sormais les faveurs de l'opinion mais le temps presse.<\/span><\/p>\n<p style=\"text-align: justify;\"><span style=\"color: #000000;\">Laboulaye, qui a de la suite dans les id\u00e9es, fonde un <em>Comit\u00e9 de l'union franco-am\u00e9ricaine<\/em>, compos\u00e9 de mod\u00e9r\u00e9s et de personnalit\u00e9s r\u00e9publicaines comme Hippolyte de Tocqueville, fr\u00e8re d\u2019Alexis, l\u2019auteur de <em>De la d\u00e9mocratie en Am\u00e9rique<\/em> (1835 et 1840), en vue de lever des fonds\u00a0: 400.000 francs de l\u2019\u00e9poque (2 millions de dollars actuels, soit 1,6 million d\u2019euros) sont jug\u00e9s n\u00e9cessaires pour d\u00e9buter le chantier.<\/span><\/p>\n<p style=\"text-align: justify;\"><span style=\"color: #000000;\">Au mois de novembre, un somptueux gala est organis\u00e9 dans la grande galerie du Louvre. La plupart des journaux mod\u00e9r\u00e9s relayent la campagne de souscription. Bilan : 40 000 francs collect\u00e9s. Et en sus, l\u2019adh\u00e9sion d\u2019Elihu Washburne, ambassadeur am\u00e9ricain en France, qui parvient \u00e0 convaincre le Congr\u00e8s de faire de Bedloe\u2019s Island la terre d\u2019accueil de la statue. Charles Gounod compose pour les g\u00e9n\u00e9reux donateurs, \u00e0 l'Op\u00e9ra de Paris, un <em>Hymne \u00e0 la Libert\u00e9 \u00e9clairant le monde<\/em>. On leur offre aussi deux cents mod\u00e8les r\u00e9duits de la future statue.<br \/>\n<\/span><\/p>\n<p style=\"text-align: center;\"><span style=\"color: #000000;\"><em><img decoding=\"async\" class=\"alignnone size-full wp-image-11163\" src=\"http:\/\/jumelage.org\/francais\/wp-content\/uploads\/2018\/10\/Statue-Libert\u00e9-3-1.jpg\" alt=\"\" width=\"496\" height=\"453\" srcset=\"https:\/\/jumelage.org\/francais\/wp-content\/uploads\/2018\/10\/Statue-Libert\u00e9-3-1.jpg 496w, https:\/\/jumelage.org\/francais\/wp-content\/uploads\/2018\/10\/Statue-Libert\u00e9-3-1-300x274.jpg 300w, https:\/\/jumelage.org\/francais\/wp-content\/uploads\/2018\/10\/Statue-Libert\u00e9-3-1-230x210.jpg 230w, https:\/\/jumelage.org\/francais\/wp-content\/uploads\/2018\/10\/Statue-Libert\u00e9-3-1-350x320.jpg 350w, https:\/\/jumelage.org\/francais\/wp-content\/uploads\/2018\/10\/Statue-Libert\u00e9-3-1-480x438.jpg 480w\" sizes=\"(max-width: 496px) 100vw, 496px\" \/><\/em><\/span><\/p>\n<p style=\"text-align: center;\"><span style=\"font-size: 14px; color: #000000;\"><em>Maquette en pl\u00e2tre de la statue de la Libert\u00e9. Mus\u00e9e des Arts et M\u00e9tiers, Paris - Wikimedia Commons<\/em><\/span><\/p>\n<p style=\"text-align: justify;\"><span style=\"color: #000000;\"><span style=\"color: #ffffff;\">.\u00a0\u00a0\u00a0\u00a0\u00a0\u00a0\u00a0\u00a0\u00a0\u00a0\u00a0<\/span> Auguste Bartholdi re\u00e7oit le concours d'une sommit\u00e9 du patrimoine en la personne d'Eug\u00e8ne Viollet-le-Duc. <\/span><span style=\"color: #000000;\">Celui-ci prescrit une peau compos\u00e9e de plaques de cuivre model\u00e9es par martelage sur des formes en pl\u00e2tre. L'ensemble doit \u00eatre mont\u00e9 sur une armature m\u00e9tallique, stabilis\u00e9e par un remplissage en sable.<\/span><\/p>\n<p style=\"text-align: justify;\"><span style=\"color: #000000;\">La fabrication peut commencer dans les ateliers de la soci\u00e9t\u00e9 <em>Monduit, Gaget, Gauthier et Cie,<\/em> l\u2019une des plus grandes fonderies et chaudronneries, rue de Chazelles, au nord de Paris. Elle mobilisera jusqu'\u00e0 600 ouvriers, qui vont confectionner par martelage les 300 feuilles de cuivre qui recouvriront le squelette m\u00e9tallique.<\/span><\/p>\n<p><img decoding=\"async\" class=\"alignnone size-full wp-image-30230 aligncenter\" src=\"http:\/\/jumelage.org\/francais\/wp-content\/uploads\/2018\/10\/Statue-Liberte-15.jpg\" alt=\"\" width=\"880\" height=\"614\" srcset=\"https:\/\/jumelage.org\/francais\/wp-content\/uploads\/2018\/10\/Statue-Liberte-15.jpg 880w, https:\/\/jumelage.org\/francais\/wp-content\/uploads\/2018\/10\/Statue-Liberte-15-768x536.jpg 768w, https:\/\/jumelage.org\/francais\/wp-content\/uploads\/2018\/10\/Statue-Liberte-15-230x160.jpg 230w, https:\/\/jumelage.org\/francais\/wp-content\/uploads\/2018\/10\/Statue-Liberte-15-350x244.jpg 350w, https:\/\/jumelage.org\/francais\/wp-content\/uploads\/2018\/10\/Statue-Liberte-15-480x335.jpg 480w\" sizes=\"(max-width: 880px) 100vw, 880px\" \/><\/p>\n<p style=\"text-align: justify;\"><span style=\"color: #000000;\">Mais il est devenu illusoire d'inaugurer la statue pour le centenaire de l'ind\u00e9pendance am\u00e9ricaine. \u00c0 tout le moins, Laboulaye et Bartholdi veulent profiter de l'Exposition universelle de Philadelphie de 1876 pour sensibiliser l'opinion am\u00e9ricaine \u00e0 leur projet.<\/span><\/p>\n<p style=\"text-align: justify;\"><span style=\"color: #000000;\">Ils acc\u00e9l\u00e8rent le montage du bras droit et de sa torche afin de pouvoir les pr\u00e9senter sur place ! Le sculpteur profite alors de l\u2019invitation de l\u2019<em>Union League Club<\/em> pour exposer la main et le flambeau \u00e0 l\u2019Exposition Universelle Philadelphie. La pi\u00e8ce arrivera cependant apr\u00e8s la c\u00e9l\u00e9bration de l'<em>Independence Day<\/em> (04 juillet 1876), mais elle n'en recueillera pas moins un tr\u00e8s vif succ\u00e8s aupr\u00e8s du public. Aux visiteurs qui s\u2019enthousiasment, il entreprend de vendre photographies, lithographies, statuettes et m\u00eame des fragments de m\u00e9tal extraits de la statue. Gr\u00e2ce \u00e0 une premi\u00e8re collecte de fonds, on met \u00e0 l'\u00e9tude le pi\u00e9destal. Il est confi\u00e9 \u00e0 un architecte de renom, Richard Morris Hunt, qui a d\u00e9j\u00e0 con\u00e7u le <em>Metropolitan Museum<\/em> de New York.<br \/>\n<\/span><\/p>\n<p style=\"text-align: center;\"><span style=\"color: #000000;\"><em><img decoding=\"async\" class=\"alignnone size-full wp-image-11154\" src=\"http:\/\/jumelage.org\/francais\/wp-content\/uploads\/2018\/10\/Statue-Libert\u00e9-9.jpg\" alt=\"\" width=\"455\" height=\"587\" srcset=\"https:\/\/jumelage.org\/francais\/wp-content\/uploads\/2018\/10\/Statue-Libert\u00e9-9.jpg 455w, https:\/\/jumelage.org\/francais\/wp-content\/uploads\/2018\/10\/Statue-Libert\u00e9-9-233x300.jpg 233w, https:\/\/jumelage.org\/francais\/wp-content\/uploads\/2018\/10\/Statue-Libert\u00e9-9-230x297.jpg 230w, https:\/\/jumelage.org\/francais\/wp-content\/uploads\/2018\/10\/Statue-Libert\u00e9-9-350x452.jpg 350w\" sizes=\"(max-width: 455px) 100vw, 455px\" \/><\/em><\/span><\/p>\n<p style=\"text-align: center;\"><span style=\"font-size: 14px; color: #000000;\"><em>La torche est la premi\u00e8re pi\u00e8ce achev\u00e9e par les ouvriers, en 1876, dix ans avant l'inauguration de la Statue de la Libert\u00e9.<\/em><\/span><\/p>\n<p style=\"text-align: justify;\">Comme les fonds manquent aussi pour la r\u00e9alisation de la statue, Laboulaye pr\u00e9sente une reproduction grandeur nature de la t\u00eate \u00e0 l'Exposition universelle de Paris, en 1878, dont le mod\u00e8le est Isabelle Boyer, \u00e2g\u00e9e de 36 ans, alors mari\u00e9e \u00e0 l'industriel am\u00e9ricain Isaac Merritt Singer (c\u00e9l\u00e8bre pour ses machines \u00e0 coudre), avant d\u2019\u00e9pouser le duc de Campo Selice de Luxembourg.<\/p>\n<p style=\"text-align: justify;\"><span style=\"color: #000000;\"><em><img decoding=\"async\" class=\"wp-image-11159 aligncenter\" src=\"http:\/\/jumelage.org\/francais\/wp-content\/uploads\/2018\/10\/Statue-Libert\u00e9-4.jpg\" alt=\"\" width=\"432\" height=\"516\" srcset=\"https:\/\/jumelage.org\/francais\/wp-content\/uploads\/2018\/10\/Statue-Libert\u00e9-4.jpg 335w, https:\/\/jumelage.org\/francais\/wp-content\/uploads\/2018\/10\/Statue-Libert\u00e9-4-251x300.jpg 251w, https:\/\/jumelage.org\/francais\/wp-content\/uploads\/2018\/10\/Statue-Libert\u00e9-4-230x275.jpg 230w\" sizes=\"(max-width: 432px) 100vw, 432px\" \/><\/em><\/span><\/p>\n<p style=\"text-align: center;\"><span style=\"font-size: 14px; color: #000000;\"><em>Exposition universelle de 1878 \u00e0 Paris. - Wikimedia Commons<\/em><\/span><\/p>\n<p style=\"text-align: justify;\"><span style=\"color: #000000;\">Les visiteurs, impressionn\u00e9s et s\u00e9duits, souscrivent en masse et l'ann\u00e9e suivante, le financement est boucl\u00e9 avec plus de cent mille donateurs.<\/span><\/p>\n<p style=\"text-align: center;\"><span style=\"color: #000000;\"><img decoding=\"async\" class=\" wp-image-11188 aligncenter\" src=\"http:\/\/jumelage.org\/francais\/wp-content\/uploads\/2018\/10\/Statue-Libert\u00e9-10.jpg\" alt=\"\" width=\"544\" height=\"761\" srcset=\"https:\/\/jumelage.org\/francais\/wp-content\/uploads\/2018\/10\/Statue-Libert\u00e9-10.jpg 655w, https:\/\/jumelage.org\/francais\/wp-content\/uploads\/2018\/10\/Statue-Libert\u00e9-10-215x300.jpg 215w, https:\/\/jumelage.org\/francais\/wp-content\/uploads\/2018\/10\/Statue-Libert\u00e9-10-600x839.jpg 600w, https:\/\/jumelage.org\/francais\/wp-content\/uploads\/2018\/10\/Statue-Libert\u00e9-10-230x322.jpg 230w, https:\/\/jumelage.org\/francais\/wp-content\/uploads\/2018\/10\/Statue-Libert\u00e9-10-350x489.jpg 350w, https:\/\/jumelage.org\/francais\/wp-content\/uploads\/2018\/10\/Statue-Libert\u00e9-10-480x671.jpg 480w\" sizes=\"(max-width: 544px) 100vw, 544px\" \/><\/span><\/p>\n<p style=\"text-align: center;\"><span style=\"font-size: 14px; color: #000000;\"><em>Montage dans les ateliers de \u00ab plomberie et cuivrerie d\u2019art \u00bb Monduit, Gaget, Gauthier et Cie.<\/em><\/span><\/p>\n<p style=\"text-align: justify;\"><span style=\"color: #000000;\">Mais un nouveau coup du sort frappe le projet : Viollet-le-Duc d\u00e9c\u00e8de \u00e0 65 ans, emportant dans la tombe les principes de montage. Bartholdi se tourne alors vers Alexandre Gustave B\u00f6nickhausen, dit Gustave Eiffe<u>l<\/u> (47 ans), un ing\u00e9nieur et chef d'entreprise qui est en train de se b\u00e2tir une r\u00e9putation internationale gr\u00e2ce \u00e0 sa ma\u00eetrise des structures en acier.<\/span><\/p>\n<p style=\"text-align: justify;\"><span style=\"color: #000000;\">\u00c0 l'oppos\u00e9 de Viollet-le-Duc, il con\u00e7oit une charpente m\u00e9tallique l\u00e9g\u00e8re qui, tel le roseau de la fable, saura r\u00e9sister aux plus violentes temp\u00eates en pliant et en se d\u00e9formant. Il palliera les d\u00e9charges \u00e9lectriques aux endroits o\u00f9 le fer entre en contact avec le cuivre par des tissus recouverts d\u2019amiante en guise d\u2019isolant.<\/span><\/p>\n<p style=\"text-align: justify;\"><span style=\"color: #000000;\">Dernier coup du sort : Laboulaye d\u00e9c\u00e8de \u00e0 son tour le 25 mai 1883. Bartholdi porte d\u00e9sormais le projet sur ses seules \u00e9paules. Il invite le populaire Ferdinand de Lesseps \u00e0 remplacer Laboulaye \u00e0 la pr\u00e9sidence du comit\u00e9. <\/span><\/p>\n<p style=\"text-align: justify;\">Peu \u00e0 peu, la statue grandit et semble sortir de terre. Au d\u00e9but des ann\u00e9es 1880, elle est la plus grande attraction du tr\u00e8s calme quartier de la Plaine-Monceau. Elle d\u00e9passe d\u2019une cinquantaine de m\u00e8tres le b\u00e2timent et devient par la m\u00eame occasion le plus haut monument de Paris. Les journaux parlent de ce chantier hors du commun et les Parisiens se pressent pour aller voir la statue. Des visites payantes sont m\u00eame organis\u00e9es dans l\u2019atelier.<\/p>\n<p style=\"text-align: justify;\"><span style=\"color: #000000;\">Du pr\u00e9sident de la R\u00e9publique, Jules Gr\u00e9vy, \u00e0 Victor Hugo, qui qualifie la statue enfin termin\u00e9e de \u00ab gage de paix permanent \u00bb, les personnalit\u00e9s d\u00e9filent pour la voir avant qu\u2019elle ne soit officiellement pr\u00e9sent\u00e9e \u00e0 l\u2019ambassadeur am\u00e9ricain Levi Morton, le 04 juillet 1884, dans la cour des Etablissements Gaget et Gauthier, pour ensuite \u00eatre d\u00e9mont\u00e9e. Les 350 pi\u00e8ces sont alors rang\u00e9es et num\u00e9rot\u00e9es dans 214 caisses. Direction la baie de New York.<\/span><\/p>\n<p style=\"text-align: center;\"><span style=\"color: #000000;\"><img decoding=\"async\" class=\"wp-image-11189 aligncenter\" src=\"http:\/\/jumelage.org\/francais\/wp-content\/uploads\/2018\/10\/Statue-Libert\u00e9-11.jpg\" alt=\"\" width=\"383\" height=\"514\" srcset=\"https:\/\/jumelage.org\/francais\/wp-content\/uploads\/2018\/10\/Statue-Libert\u00e9-11.jpg 300w, https:\/\/jumelage.org\/francais\/wp-content\/uploads\/2018\/10\/Statue-Libert\u00e9-11-223x300.jpg 223w, https:\/\/jumelage.org\/francais\/wp-content\/uploads\/2018\/10\/Statue-Libert\u00e9-11-230x309.jpg 230w\" sizes=\"(max-width: 383px) 100vw, 383px\" \/><\/span><\/p>\n<p style=\"text-align: center;\"><span style=\"font-size: 14px; color: #000000;\"><em>La Statue de la libert\u00e9, rue de Chazelle (1884 )<\/em><\/span><\/p>\n<h2 style=\"text-align: justify;\"><span class=\"ez-toc-section\" id=\"Le-peuple-americain-se-mobilise-a-son-tour\"><\/span><span style=\"text-decoration: underline;\"><span style=\"color: #000000; font-size: 16px;\"><strong>Le peuple am\u00e9ricain se mobilise \u00e0 son tour<\/strong><\/span><\/span><span class=\"ez-toc-section-end\"><\/span><\/h2>\n<p style=\"text-align: justify;\"><span style=\"color: #000000;\"><em><span style=\"color: #ffffff;\">.\u00a0\u00a0\u00a0\u00a0\u00a0\u00a0\u00a0\u00a0<\/span>\u00a0\u00a0\u00a0 <\/em>Depuis 1877, les soutiens am\u00e9ricains \u2013 avec l\u2019<em>Union League Club<\/em> \u2013 s\u2019efforcent tant bien que mal de r\u00e9unir de quoi financer le socle, mais il reste bien difficile de convaincre les \u00e9lites d\u2019ouvrir leurs portefeuilles pour ce sculpteur fran\u00e7ais, Bartholdi, trop peu connu aux Etats-Unis. Le comit\u00e9 n'arrive pas \u00e0 recueillir les fonds pour l'ach\u00e8vement du pi\u00e9destal.<\/span><\/p>\n<p style=\"text-align: justify;\"><span style=\"color: #000000;\"><img decoding=\"async\" class=\"alignnone size-full wp-image-25724 aligncenter\" src=\"http:\/\/jumelage.org\/francais\/wp-content\/uploads\/2018\/10\/1884-construction-of-the-Statue-of-Liberty..jpg\" alt=\"\" width=\"728\" height=\"410\" srcset=\"https:\/\/jumelage.org\/francais\/wp-content\/uploads\/2018\/10\/1884-construction-of-the-Statue-of-Liberty..jpg 728w, https:\/\/jumelage.org\/francais\/wp-content\/uploads\/2018\/10\/1884-construction-of-the-Statue-of-Liberty.-300x169.jpg 300w, https:\/\/jumelage.org\/francais\/wp-content\/uploads\/2018\/10\/1884-construction-of-the-Statue-of-Liberty.-600x338.jpg 600w, https:\/\/jumelage.org\/francais\/wp-content\/uploads\/2018\/10\/1884-construction-of-the-Statue-of-Liberty.-230x130.jpg 230w, https:\/\/jumelage.org\/francais\/wp-content\/uploads\/2018\/10\/1884-construction-of-the-Statue-of-Liberty.-350x197.jpg 350w, https:\/\/jumelage.org\/francais\/wp-content\/uploads\/2018\/10\/1884-construction-of-the-Statue-of-Liberty.-480x270.jpg 480w\" sizes=\"(max-width: 728px) 100vw, 728px\" \/><\/span><\/p>\n<p style=\"text-align: justify;\"><span style=\"color: #000000;\"><span style=\"color: #ffffff;\">.\u00a0\u00a0\u00a0\u00a0\u00a0\u00a0\u00a0<\/span> \u00a0\u00a0 Cependant, Auguste Bartholdi n'a pas attendu pour envoyer la statue \u00e0 New York. De la gare Saint-Lazare \u00e0 Rouen, la statue d\u00e9boulonn\u00e9e est transport\u00e9e par chemin de fer. Elle entreprend ensuite la travers\u00e9e de l\u2019Atlantique \u00e0 bord de la fr\u00e9gate<em> Is\u00e8re,<\/em> arm\u00e9e par le gouvernement fran\u00e7ais, o\u00f9 embarquent la famille Bartholdi, les \u00e9poux Gaget et une \u00e9quipe de 12 ouvriers affect\u00e9e au d\u00e9montage et \u00e0 la reconstruction du colosse. Apr\u00e8s avoir affront\u00e9 plusieurs temp\u00eates en plein oc\u00e9an, le bateau est accueilli en fanfare dans le port de New York le 17 juin 1885.<br \/>\n<\/span><\/p>\n<p style=\"text-align: justify;\"><span style=\"color: #000000;\">Mais les caisses resteront scell\u00e9es sur le sol am\u00e9ricain pendant un an ! Sur Bedloe\u2019s Island, les fondations et le pi\u00e9destal ne sont h\u00e9las pas achev\u00e9s lors de l\u2019arriv\u00e9e de la statue d\u00e9mont\u00e9e.<br \/>\n<\/span><\/p>\n<p style=\"text-align: center;\"><span style=\"color: #000000;\"><img decoding=\"async\" class=\"size-full wp-image-11190 aligncenter\" src=\"http:\/\/jumelage.org\/francais\/wp-content\/uploads\/2018\/10\/Statue-Libert\u00e9-12.jpg\" alt=\"\" width=\"253\" height=\"302\" srcset=\"https:\/\/jumelage.org\/francais\/wp-content\/uploads\/2018\/10\/Statue-Libert\u00e9-12.jpg 253w, https:\/\/jumelage.org\/francais\/wp-content\/uploads\/2018\/10\/Statue-Libert\u00e9-12-251x300.jpg 251w, https:\/\/jumelage.org\/francais\/wp-content\/uploads\/2018\/10\/Statue-Libert\u00e9-12-230x275.jpg 230w\" sizes=\"(max-width: 253px) 100vw, 253px\" \/><\/span><\/p>\n<p style=\"text-align: center;\"><span style=\"color: #000000;\"><em><span style=\"font-size: 14px;\">Pulitzer<\/span> <\/em><\/span><\/p>\n<p style=\"text-align: justify;\"><span style=\"color: #000000;\"><span style=\"color: #ffffff;\">.\u00a0\u00a0\u00a0\u00a0\u00a0\u00a0\u00a0\u00a0\u00a0\u00a0\u00a0<\/span> Alors se l\u00e8ve, en mars 1885, un sauveur inattendu, Joseph Pulitzer. N\u00e9 en Hongrie en 1847, ce jeune immigr\u00e9 devenu le patron du <em>New York World<\/em>, a invent\u00e9 la presse populaire \u00e0 scandale. Il multiplie les campagnes de presse en faveur du projet. <\/span><span style=\"color: #000000;\">Auguste Bartholdi le soutient en proposant des statuettes \u00e0 un ou cinq dollars. C'est un succ\u00e8s. En cinq mois, les dons, g\u00e9n\u00e9ralement modestes, affluent. Le financement est enfin boucl\u00e9 avec 100.000 dollars suppl\u00e9mentaires offerts par 120.000 donateurs dont les noms sont tous imprim\u00e9s dans le journal.<\/span><\/p>\n<p style=\"text-align: justify;\"><span style=\"color: #000000;\"><img decoding=\"async\" class=\"size-full wp-image-11191 aligncenter\" src=\"http:\/\/jumelage.org\/francais\/wp-content\/uploads\/2018\/10\/Statue-Libert\u00e9-13.jpg\" alt=\"\" width=\"655\" height=\"515\" srcset=\"https:\/\/jumelage.org\/francais\/wp-content\/uploads\/2018\/10\/Statue-Libert\u00e9-13.jpg 655w, https:\/\/jumelage.org\/francais\/wp-content\/uploads\/2018\/10\/Statue-Libert\u00e9-13-300x236.jpg 300w, https:\/\/jumelage.org\/francais\/wp-content\/uploads\/2018\/10\/Statue-Libert\u00e9-13-600x472.jpg 600w, https:\/\/jumelage.org\/francais\/wp-content\/uploads\/2018\/10\/Statue-Libert\u00e9-13-230x181.jpg 230w, https:\/\/jumelage.org\/francais\/wp-content\/uploads\/2018\/10\/Statue-Libert\u00e9-13-350x275.jpg 350w, https:\/\/jumelage.org\/francais\/wp-content\/uploads\/2018\/10\/Statue-Libert\u00e9-13-480x377.jpg 480w\" sizes=\"(max-width: 655px) 100vw, 655px\" \/><\/span><\/p>\n<p><span style=\"color: #000000;\"><em><img decoding=\"async\" class=\"alignnone wp-image-11155 aligncenter\" src=\"http:\/\/jumelage.org\/francais\/wp-content\/uploads\/2018\/10\/Statue-Libert\u00e9-8.jpg\" alt=\"\" width=\"486\" height=\"667\" srcset=\"https:\/\/jumelage.org\/francais\/wp-content\/uploads\/2018\/10\/Statue-Libert\u00e9-8.jpg 636w, https:\/\/jumelage.org\/francais\/wp-content\/uploads\/2018\/10\/Statue-Libert\u00e9-8-219x300.jpg 219w, https:\/\/jumelage.org\/francais\/wp-content\/uploads\/2018\/10\/Statue-Libert\u00e9-8-600x824.jpg 600w, https:\/\/jumelage.org\/francais\/wp-content\/uploads\/2018\/10\/Statue-Libert\u00e9-8-230x316.jpg 230w, https:\/\/jumelage.org\/francais\/wp-content\/uploads\/2018\/10\/Statue-Libert\u00e9-8-350x480.jpg 350w, https:\/\/jumelage.org\/francais\/wp-content\/uploads\/2018\/10\/Statue-Libert\u00e9-8-480x659.jpg 480w\" sizes=\"(max-width: 486px) 100vw, 486px\" \/><\/em><\/span><\/p>\n<p style=\"text-align: center;\"><span style=\"font-size: 14px; color: #000000;\"><em>L\u2019architecte am\u00e9ricain Morris Hunt dessina les plans du socle de la statue, qui s\u2019inspire du phare d\u2019Alexandrie. La construction d\u00e9buta en octobre 1883, et la derni\u00e8re pierre fut pos\u00e9e le 22 avril 1886. - Wikimedia Commons<\/em><\/span><\/p>\n<p style=\"text-align: justify;\"><span style=\"color: #ffffff;\">.\u00a0\u00a0\u00a0\u00a0\u00a0<\/span>\u00a0\u00a0\u00a0\u00a0\u00a0\u00a0 D\u00e8s la fin de l\u2019ann\u00e9e, la construction du pi\u00e9destal est enfin sur le point de s\u2019achever. Sur Bedloe\u2019s Island, les ouvriers s\u2019attellent \u00e0 l\u2019assemblage de la statue, se suspendant \u00e0 sa carcasse tels des alpinistes, le vent interdisant la mise en place d\u2019un \u00e9chafaudage.<\/p>\n<p style=\"text-align: justify;\"><span style=\"color: #000000;\"><em><img decoding=\"async\" class=\"alignnone wp-image-11156 aligncenter\" src=\"http:\/\/jumelage.org\/francais\/wp-content\/uploads\/2018\/10\/Statue-Libert\u00e9-7.jpg\" alt=\"\" width=\"860\" height=\"485\" srcset=\"https:\/\/jumelage.org\/francais\/wp-content\/uploads\/2018\/10\/Statue-Libert\u00e9-7.jpg 661w, https:\/\/jumelage.org\/francais\/wp-content\/uploads\/2018\/10\/Statue-Libert\u00e9-7-300x169.jpg 300w, https:\/\/jumelage.org\/francais\/wp-content\/uploads\/2018\/10\/Statue-Libert\u00e9-7-600x339.jpg 600w, https:\/\/jumelage.org\/francais\/wp-content\/uploads\/2018\/10\/Statue-Libert\u00e9-7-230x130.jpg 230w, https:\/\/jumelage.org\/francais\/wp-content\/uploads\/2018\/10\/Statue-Libert\u00e9-7-350x198.jpg 350w, https:\/\/jumelage.org\/francais\/wp-content\/uploads\/2018\/10\/Statue-Libert\u00e9-7-480x271.jpg 480w\" sizes=\"(max-width: 860px) 100vw, 860px\" \/><\/em><\/span><\/p>\n<p style=\"text-align: center;\"><span style=\"font-size: 14px; color: #000000;\"><em>Le montage de la statue dura deux ans et huit mois. Les Parisiens qui habitaient \u00e0 proximit\u00e9 ont pu observer les diff\u00e9rentes \u00e9tapes de la construction, de la mise en place des \u00e9chafaudages \u00e0 la pause du dernier rivet \u00e0 plus de 46 m\u00e8tres de hauteur. - Wikimedia Commons<\/em><\/span><\/p>\n<p style=\"text-align: justify;\"><span style=\"color: #000000;\"><span style=\"color: #ffffff;\">.\u00a0\u00a0\u00a0\u00a0\u00a0\u00a0\u00a0\u00a0\u00a0\u00a0<\/span>\u00a0 Le 28 octobre 1886, Fr\u00e9d\u00e9ric Auguste Bartholdi assiste, \u00e9mu, \u00e0 l\u2019inauguration de la statue en pr\u00e9sence d\u2019un million d\u2019Am\u00e9ricains en liesse. Pompiers, enfants et soldats d\u00e9filent dans les rues pav\u00e9es o\u00f9 des milliers de drapeaux fran\u00e7ais et am\u00e9ricains sont agit\u00e9s avant que le pr\u00e9sident des Etats-Unis, Grever Cleveland \u2013 qui s\u2019\u00e9tait un temps oppos\u00e9 au financement du projet \u2013 ne prononce un discours solennel. En ce jour d\u00e9cr\u00e9t\u00e9 f\u00e9ri\u00e9, un vent de libert\u00e9 souffle au-dessus de New York<\/span><\/p>\n<h2 style=\"text-align: justify;\"><span class=\"ez-toc-section\" id=\"Un-mythe-americain\"><\/span><span style=\"text-decoration: underline;\"><span style=\"color: #000000; font-size: 16px;\"><strong>Un mythe am\u00e9ricain<\/strong><\/span><\/span><span class=\"ez-toc-section-end\"><\/span><\/h2>\n<p style=\"text-align: justify;\"><span style=\"color: #000000;\"><em><span style=\"color: #ffffff;\">.\u00a0\u00a0\u00a0\u00a0\u00a0\u00a0\u00a0\u00a0<\/span> \u00a0\u00a0<\/em><\/span>Sa torche lev\u00e9e vers le ciel dissipe les t\u00e9n\u00e8bres\u00a0; <em>\u00ab\u00a0la Libert\u00e9 \u00e9clairant le monde\u00a0\u00bb<\/em> est charg\u00e9e d'une symbolique simple et accessible \u00e0 tous. La statue tient dans sa main gauche une tablette o\u00f9 l'on peut lire <em>\u00ab\u00a0July 4th, 1776\u00a0\u00bb<\/em> (D\u00e9claration d'ind\u00e9pendance des \u00c9tats-Unis). Les cha\u00eenes bris\u00e9es, \u00e0 ses pieds, rappellent l'abolition de l'esclavage. Les sept rayons de sa couronne sont cens\u00e9s repr\u00e9senter les sept oc\u00e9ans et continents de la Terre tels qu\u2019on les comptait \u00e0 l\u2019\u00e9poque. La couronne, enfin, comporte 25 fen\u00eatres qui figurent autant de joyaux et d'o\u00f9 les visiteurs peuvent contempler la baie de New York.<\/p>\n<p style=\"text-align: justify;\"><span style=\"color: #000000;\">Pour le corps de sa statue, le sculpteur a pu choisir comme mod\u00e8le Jeanne-\u00c9milie Baheux de Puysieux, une ancienne couturi\u00e8re devenue sa ma\u00eetresse et qu'il a d\u00fb \u00e9pouser en catastrophe en 1875, lors d'un voyage aux \u00c9tats-Unis, pour ne pas heurter ses donateurs potentiels.<\/span><\/p>\n<p style=\"text-align: justify;\"><span style=\"color: #000000;\">Quant au visage, a-t-il les traits de Charlotte la m\u00e8re de l'artiste? d'une prostitu\u00e9e? d'une Communarde?... Peut-\u00eatre apr\u00e8s tout Bartholdi s'est-il content\u00e9 de reprendre les traits hi\u00e9ratiques, s\u00e9v\u00e8res et somme toute sereins d'une Ath\u00e9na antique.<\/span><\/p>\n<p style=\"text-align: justify;\"><span style=\"color: #000000;\">La statue, son visage, sa gestuelle, son drap\u00e9 n'ont rien de sentimental ou d'\u00e9rotique. Mais qu'importe. Inaugur\u00e9e \u00e0 la veille de la grande vague d'immigration qui a vu d\u00e9barquer \u00e0 New York des millions d'Europ\u00e9ens chass\u00e9s par l'oppression et la mis\u00e8re, elle est devenue le visage de l'Am\u00e9rique r\u00eav\u00e9e et de la Libert\u00e9.<\/span><\/p>\n<p style=\"text-align: justify;\"><span style=\"color: #000000;\"><img decoding=\"async\" class=\"size-full wp-image-11192 aligncenter\" src=\"http:\/\/jumelage.org\/francais\/wp-content\/uploads\/2018\/10\/Statue-Libert\u00e9-14.jpg\" alt=\"\" width=\"374\" height=\"558\" srcset=\"https:\/\/jumelage.org\/francais\/wp-content\/uploads\/2018\/10\/Statue-Libert\u00e9-14.jpg 374w, https:\/\/jumelage.org\/francais\/wp-content\/uploads\/2018\/10\/Statue-Libert\u00e9-14-201x300.jpg 201w, https:\/\/jumelage.org\/francais\/wp-content\/uploads\/2018\/10\/Statue-Libert\u00e9-14-230x343.jpg 230w, https:\/\/jumelage.org\/francais\/wp-content\/uploads\/2018\/10\/Statue-Libert\u00e9-14-350x522.jpg 350w\" sizes=\"(max-width: 374px) 100vw, 374px\" \/><\/span><\/p>\n<p style=\"text-align: justify;\"><span style=\"color: #000000;\">C'est elle que les manifestants de la place Tien An Men, en 1989, ont reproduite en pl\u00e2tre. Laboulaye et Bartholdi imaginaient-ils que leur id\u00e9al ferait le tour du monde, de Paris \u00e0 New York et P\u00e9kin ?<\/span><\/p>\n<p style=\"text-align: justify;\"><span style=\"color: #ffffff;\">.\u00a0\u00a0\u00a0\u00a0\u00a0\u00a0\u00a0\u00a0\u00a0\u00a0\u00a0<\/span> La statue de la Libert\u00e9 appartient au National Park Service depuis 1933. Il s\u2019agit d\u2019une agence f\u00e9d\u00e9rale am\u00e9ricaine en charge de la protection des parcs nationaux, des monuments nationaux, et autres sites historiques d\u2019int\u00e9r\u00eat national. Depuis 1924, elle est class\u00e9e \u00ab Monument national \u00bb des \u00c9tats-Unis, puis a \u00e9t\u00e9 enregistr\u00e9e au registre national des sites historiques. En 1976 elle entre aux sites remarquables de New York et depuis 1984 elle fait partie du patrimoine mondial de l\u2019Unesco. Et m\u00e9rite bien son surnom de \u00ab Grande Dame \u00bb.<\/p>\n<h2 style=\"text-align: justify;\"><span class=\"ez-toc-section\" id=\"Posterite-et-repliques\"><\/span><strong><span style=\"font-size: 16px;\"><u>Post\u00e9rit\u00e9 et r\u00e9pliques<\/u><\/span><\/strong><span class=\"ez-toc-section-end\"><\/span><\/h2>\n<p style=\"text-align: justify;\"><span style=\"color: #ffffff;\">.\u00a0\u00a0\u00a0\u00a0\u00a0\u00a0\u00a0\u00a0\u00a0\u00a0\u00a0<\/span> La statue fut endommag\u00e9e lorsque, le 30 juillet 1916, le r\u00e9seau d'espionnage de l'Empire allemand, dirig\u00e9 par Franz von Rintelen, fit sauter le d\u00e9p\u00f4t de munitions de Black Tom Island \u00e0 Jersey City pour emp\u00eacher la livraison de celles-ci \u00e0 l'Entente. Une centaine de rivets c\u00e9d\u00e8rent, entre autres d\u00e9g\u00e2ts. Depuis, la visite du bras et de la torche de la statue est interdite. L'acc\u00e8s de l'\u00eele fut interdit au cours des dix jours suivant l'explosion et, pour r\u00e9parer le flambeau, le gouvernement engagea le sculpteur Gutzon Borglum, qui con\u00e7ut plus tard le mont Rushmore.<\/p>\n<p style=\"text-align: justify;\">En plus du remplacement de la plus grosse partie du fer de la charpente par de l'acier inoxydable et du renforcement de la structure m\u00eame de la statue, la restauration du milieu des ann\u00e9es 1980, financ\u00e9e par une campagne de <em>cause marketing<\/em>, concernait aussi le remplacement par une r\u00e9plique de la torche originale (qui d\u2019ailleurs avait d\u00e9j\u00e0 \u00e9t\u00e9 momentan\u00e9ment remplac\u00e9e par un phare qui n'avait fonctionn\u00e9 que de 1886 \u00e0 1891), la r\u00e9novation des escaliers internes, l'installation d'un ascenseur dans le socle et l'am\u00e9lioration du syst\u00e8me de climatisation. Le flambeau a \u00e9t\u00e9 enti\u00e8rement restaur\u00e9 et la flamme actuelle en m\u00e9tal recouvert de feuilles d'or reprend le mod\u00e8le original de Bartholdi. Le mus\u00e9e de la statue de la Libert\u00e9 sur Liberty Island a \u00e9t\u00e9 achev\u00e9 en 2019\u00a0; il accueille la torche originale.<\/p>\n<p style=\"text-align: justify;\">La statue fut d\u00e9clar\u00e9e monument national le 15 octobre 1924 et fut confi\u00e9e au National Park Service le 10 juin 1933. En 1986, le centenaire de la statue de la Libert\u00e9 fut marqu\u00e9 par quatre jours de festivit\u00e9s appel\u00e9s \u00ab\u00a0Liberty Weekend\u00a0\u00bb.<\/p>\n<p style=\"text-align: justify;\"><span style=\"color: #ffffff;\">.\u00a0\u00a0\u00a0\u00a0\u00a0\u00a0\u00a0\u00a0\u00a0\u00a0\u00a0<\/span> La visite de l'int\u00e9rieur de la statue est possible depuis son inauguration, m\u00eame si l'acc\u00e8s au public a \u00e9t\u00e9 plusieurs fois ferm\u00e9 pour des raisons de s\u00e9curit\u00e9 ou des travaux. Les visiteurs avaient la possibilit\u00e9 de grimper l'unique escalier en colima\u00e7on au c\u0153ur de la structure m\u00e9tallique. La statue \u00e9tant tr\u00e8s expos\u00e9e au soleil, il n'\u00e9tait pas rare que la temp\u00e9rature \u00e0 l'int\u00e9rieur du monument soit tr\u00e8s \u00e9lev\u00e9e. Environ 30 personnes \u00e0 la fois pouvaient grimper les 354 marches conduisant \u00e0 la t\u00eate de la statue et \u00e0 sa couronne. De l\u00e0, il \u00e9tait possible d'apercevoir le port de New York, mais pas la <em>skyline<\/em> de Manhattan contrairement \u00e0 une croyance r\u00e9pandue. Cela s'explique par le fait que le visage de la statue est orient\u00e9 vers l\u2019Est en direction de l'oc\u00e9an Atlantique et de la France. En outre, ce m\u00eame panorama \u00e9tait relativement restreint \u00e9tant donn\u00e9 que les 25\u00a0fen\u00eatres de la couronne sont plut\u00f4t petites, la plus grande d'entre elles atteignant 46\u00a0centim\u00e8tres de hauteur.<\/p>\n<p style=\"text-align: justify;\">\u00a0\u00a0\u00a0\u00a0\u00a0\u00a0\u00a0\u00a0\u00a0\u00a0\u00a0 Outre la maquette en pl\u00e2tre de 2,83 m qui servit de mod\u00e8le et est conserv\u00e9e au mus\u00e9e des Arts et M\u00e9tiers de Paris, 21 r\u00e9pliques de taille diverses se trouvent dans de nombreuses villes en France (Paris en compte 6\u00a0!) ou une dizaine dans le monde.<\/p>\n<p style=\"text-align: justify;\"><span style=\"color: #ffffff;\">.\u00a0\u00a0\u00a0\u00a0\u00a0\u00a0\u00a0\u00a0\u00a0\u00a0\u00a0<\/span> Bien que contest\u00e9e par certains, une hypoth\u00e8se fait des nombreuses petites figurines que Gaget, avait eu l\u2019id\u00e9e de fabriquer et distribu\u00e9es le jour de l\u2019inauguration, l\u2019origine du mot \u00ab gadget \u00bb, du nom de l\u2019atelier o\u00f9 la statue fut construite.<\/p>\n<h1 style=\"text-align: center;\"><span class=\"ez-toc-section\" id=\"Un-poeme-dEmma-Lazarus\"><\/span><span style=\"color: #0000ff; font-size: 24px;\"><strong>Un po\u00e8me d&rsquo;Emma Lazarus<\/strong><\/span><span class=\"ez-toc-section-end\"><\/span><\/h1>\n<p style=\"text-align: justify;\"><span style=\"color: #0000ff;\"><span style=\"color: #ffffff;\">.\u00a0\u00a0\u00a0\u00a0\u00a0\u00a0\u00a0\u00a0<\/span>\u00a0\u00a0 D\u00e8s 1883, un sonnet de la po\u00e9tesse Emma Lazarus (1849-1887), \u00ab <em>The New Colossus (Le Nouveau Colosse)\u00a0<\/em>\u00bb a \u00e9t\u00e9 grav\u00e9 sur une plaque de bronze scell\u00e9e dans le pi\u00e9destal de la Statue de la Libert\u00e9. Le sonnet avait \u00e9t\u00e9 sollicit\u00e9 par William M. Evarts comme donation \u00e0 une \u0153uvre de charit\u00e9, men\u00e9e par <em>l'Art Loan Fund Exhibition in Aid of the Bartholdi Pedestal Fund for the Statue of Liberty<\/em> afin de lever des fonds pour le piedestal.<\/span><\/p>\n<p style=\"text-align: justify;\"><span style=\"color: #0000ff;\">Il s'adresse aux millions d'immigrants qui ont d\u00e9barqu\u00e9 \u00e0 Ellis Island et pour lesquels la statue de la Libert\u00e9 figurait l'espoir d'une vie meilleure\u00a0:<\/span><\/p>\n<p style=\"text-align: justify;\"><span style=\"color: #0000ff;\"><em>\u00ab\u00a0Give me your tired, your poor,<br \/>\nYour huddled masses yearning to breathe free,<br \/>\nThe wretched refuse of your teeming shore.<br \/>\nSend these, the homeless, tempest-tost, to me,<br \/>\nI lift my lamp beside the golden door\u00a0!<\/em><\/span><\/p>\n<p style=\"text-align: right;\"><span style=\"color: #0000ff;\"><em>Donne-moi tes pauvres, tes ext\u00e9nu\u00e9s<br \/>\nQui en rangs press\u00e9s aspirent \u00e0 vivre libres,<br \/>\nLe rebut de tes rivages surpeupl\u00e9s,<br \/>\nEnvoie-les moi, les d\u00e9sh\u00e9rit\u00e9s, que la temp\u00eate me les rapporte<br \/>\nDe ma lumi\u00e8re, j'\u00e9claire la porte d'or\u00a0!\u00a0\u00bb.<\/em><\/span><\/p>\n<h1><img decoding=\"async\" class=\"alignnone size-medium wp-image-29875 aligncenter\" src=\"http:\/\/jumelage.org\/francais\/wp-content\/uploads\/2018\/10\/aquarelle-representant-la-Statue-de-la-Liberte-realisee-par-sculpteur-Bartholdi-lui-meme-depuis-le-paquebot-qui-le-ramenait-en-France-apres-linauguration-de-son-oeuvre-1886.-1000x515.jpg\" alt=\"\" width=\"1000\" height=\"515\" srcset=\"https:\/\/jumelage.org\/francais\/wp-content\/uploads\/2018\/10\/aquarelle-representant-la-Statue-de-la-Liberte-realisee-par-sculpteur-Bartholdi-lui-meme-depuis-le-paquebot-qui-le-ramenait-en-France-apres-linauguration-de-son-oeuvre-1886.-1000x515.jpg 1000w, https:\/\/jumelage.org\/francais\/wp-content\/uploads\/2018\/10\/aquarelle-representant-la-Statue-de-la-Liberte-realisee-par-sculpteur-Bartholdi-lui-meme-depuis-le-paquebot-qui-le-ramenait-en-France-apres-linauguration-de-son-oeuvre-1886.-768x395.jpg 768w, https:\/\/jumelage.org\/francais\/wp-content\/uploads\/2018\/10\/aquarelle-representant-la-Statue-de-la-Liberte-realisee-par-sculpteur-Bartholdi-lui-meme-depuis-le-paquebot-qui-le-ramenait-en-France-apres-linauguration-de-son-oeuvre-1886.-920x474.jpg 920w, https:\/\/jumelage.org\/francais\/wp-content\/uploads\/2018\/10\/aquarelle-representant-la-Statue-de-la-Liberte-realisee-par-sculpteur-Bartholdi-lui-meme-depuis-le-paquebot-qui-le-ramenait-en-France-apres-linauguration-de-son-oeuvre-1886.-230x118.jpg 230w, https:\/\/jumelage.org\/francais\/wp-content\/uploads\/2018\/10\/aquarelle-representant-la-Statue-de-la-Liberte-realisee-par-sculpteur-Bartholdi-lui-meme-depuis-le-paquebot-qui-le-ramenait-en-France-apres-linauguration-de-son-oeuvre-1886.-350x180.jpg 350w, https:\/\/jumelage.org\/francais\/wp-content\/uploads\/2018\/10\/aquarelle-representant-la-Statue-de-la-Liberte-realisee-par-sculpteur-Bartholdi-lui-meme-depuis-le-paquebot-qui-le-ramenait-en-France-apres-linauguration-de-son-oeuvre-1886.-480x247.jpg 480w, https:\/\/jumelage.org\/francais\/wp-content\/uploads\/2018\/10\/aquarelle-representant-la-Statue-de-la-Liberte-realisee-par-sculpteur-Bartholdi-lui-meme-depuis-le-paquebot-qui-le-ramenait-en-France-apres-linauguration-de-son-oeuvre-1886..jpg 1280w\" sizes=\"(max-width: 1000px) 100vw, 1000px\" \/><\/h1>\n<p style=\"text-align: center;\"><em><span style=\"font-size: 14px;\">Aquarelle repr\u00e9sentant la Statue de la Libert\u00e9\u00a0r\u00e9alis\u00e9e par sculpteur Bartholdi lui-m\u00eame depuis le paquebot qui le ramenait en France apr\u00e8s l\u2019inauguration de son oeuvre (1886).<\/span><\/em><\/p>\n<h1 style=\"text-align: center;\"><span style=\"color: #993300;\"><strong><span style=\"font-size: 24px;\">\"Lady Libert\u00e9\" en chiffres<\/span> <\/strong><\/span><\/h1>\n<p style=\"text-align: justify;\"><span style=\"color: #993300;\">\u272a <strong>46.05 m\u00e8tres.<\/strong> La hauteur de la statue, le monument atteignant 93 m avec son pi\u00e9destal de 46.95.<\/span><\/p>\n<p style=\"text-align: justify;\"><span style=\"color: #993300;\">\u272a <strong>225 tonnes.<\/strong> Le poids total de l'\u00e9difice se compose de 125 tonnes d'acier et 30 tonnes de cuivre. Le socle, constitu\u00e9 de b\u00e9ton et de pierres granitiques, p\u00e8se \u00e0 lui seul 70 tonnes.<\/span><\/p>\n<p style=\"text-align: justify;\"><span style=\"color: #993300;\">\u272a <strong>7,19 m\u00e8tres.<\/strong> C\u2019est la longueur exacte de la tablette plac\u00e9e dans la main gauche de la statue. Ce livret porte l\u2019inscription \u00ab July IV MDCCLXXVI \u00bb (4 juillet 1776), date de la d\u00e9claration d\u2019ind\u00e9pendance des Etats-Unis d\u2019Am\u00e9rique.<\/span><\/p>\n<p style=\"text-align: justify;\"><span style=\"color: #993300;\">\u272a <strong>18 300 marteaux<\/strong> ont \u00e9t\u00e9 utilis\u00e9s par les ouvriers des ateliers Monduit, Gaget, Gauthier et Cie pour travailler les feuilles de cuivre de la structure m\u00e9tallique.<\/span><\/p>\n<p style=\"text-align: justify;\"><span style=\"color: #993300;\">\u272a <strong>500 000 dollars de l'\u00e9poque<\/strong> ont \u00e9t\u00e9 d\u00e9pens\u00e9s pour construire la statue et son socle, ce qui repr\u00e9sente 10 millions de dollars actuels, soit 8 millions d\u2019euros.<\/span><\/p>\n<p style=\"text-align: justify;\"><span style=\"color: #993300;\">\u272a <strong>39 kilom\u00e8tres.<\/strong> C\u2019\u00e9tait la port\u00e9e du phare qui, de 1886 \u00e0 1902, \u00e9tait en lieu et place de la torche de Bartholdi.<\/span><\/p>\n<p style=\"text-align: justify;\"><span style=\"color: #993300;\">\u272a <strong>354 marches<\/strong> : l'escalier int\u00e9rieur qui emm\u00e8ne les visiteurs jusqu'\u00e0 la c\u00e9l\u00e8bre couronne.<\/span><\/p>\n<p style=\"text-align: justify;\"><span style=\"color: #993300;\">\u272a <strong>7 rayons<\/strong>, repr\u00e9sentant les continents, ornent la couronne dress\u00e9e sur la t\u00eate de la statue de Bartholdi.<\/span><\/p>\n<p style=\"text-align: justify;\"><span style=\"color: #993300;\"><strong>\u272a 16 : <\/strong>le nombre de r\u00e9pliques \"miniatures\" de la Statue de la Libert\u00e9 \u00e9rig\u00e9es dans des villes fran\u00e7aises. A Paris, elle est situ\u00e9e \u00e0 l'extr\u00e9mit\u00e9 de l'\u00eele aux Cygnes, face au pont de Grenelle, dans le 15e arrondissement. Elle mesure 11,50 m. Dans le monde, des r\u00e9pliques de la Statue sont visibles en Allemagne, au Br\u00e9sil et m\u00eame au Kosovo. En revanche, difficile d'en trouver en Grande-Bretagne, l'ancienne puissance coloniale chass\u00e9e du sol am\u00e9ricain par la guerre d'ind\u00e9pendance.<\/span><\/p>\n<\/div>\n<\/div><\/div><\/div><\/div><\/div><\/div><\/div>","protected":false},"excerpt":{"rendered":"<p>28 octobre 1886 &#8211; La Libert\u00e9 \u00e9claire le monde Herodote.net &#8211; Andr\u00e9 Laran\u00e9 \u2013 26 oct 2016 \/ GEO &#8211; Anne Daubr\u00e9e \u2013 02 oct [&hellip;]<\/p>\n","protected":false},"author":1,"featured_media":11150,"comment_status":"open","ping_status":"open","sticky":false,"template":"post-templates\/post_full.php","format":"standard","meta":{"two_page_speed":[],"footnotes":""},"categories":[17],"tags":[],"class_list":["post-11147","post","type-post","status-publish","format-standard","has-post-thumbnail","hentry","category-usa-france"],"yoast_head":"<!-- This site is optimized with the Yoast SEO plugin v27.5 - https:\/\/yoast.com\/product\/yoast-seo-wordpress\/ -->\n<title>La Statue de la Libert\u00e9 (1886) Jumelage<\/title>\n<meta name=\"description\" content=\"Le 28 octobre 1886, \u00ab La Libert\u00e9 \u00e9clairant le monde \u00bb est inaugur\u00e9e dans la liesse, \u00e0 l&#039;entr\u00e9e du port de New York, par le pr\u00e9sident des \u00c9tats-Unis Stephen Grover Cleveland.\" \/>\n<meta name=\"robots\" content=\"index, follow, max-snippet:-1, max-image-preview:large, max-video-preview:-1\" \/>\n<link rel=\"canonical\" href=\"https:\/\/jumelage.org\/francais\/la-statue-de-la-liberte-1886\/\" \/>\n<meta property=\"og:locale\" content=\"fr_FR\" \/>\n<meta property=\"og:type\" content=\"article\" \/>\n<meta property=\"og:title\" content=\"La Statue de la Libert\u00e9 (1886) Jumelage\" \/>\n<meta property=\"og:description\" content=\"Le 28 octobre 1886, \u00ab La Libert\u00e9 \u00e9clairant le monde \u00bb est inaugur\u00e9e dans la liesse, \u00e0 l&#039;entr\u00e9e du port de New York, par le pr\u00e9sident des \u00c9tats-Unis Stephen Grover Cleveland.\" \/>\n<meta property=\"og:url\" content=\"https:\/\/jumelage.org\/francais\/la-statue-de-la-liberte-1886\/\" \/>\n<meta property=\"og:site_name\" content=\"Jumelage\" \/>\n<meta property=\"article:publisher\" content=\"http:\/\/www.facebook.com\/jumelagew.sgl\/\" \/>\n<meta property=\"article:published_time\" content=\"2018-10-04T07:40:29+00:00\" \/>\n<meta property=\"article:modified_time\" content=\"2022-12-03T22:26:52+00:00\" \/>\n<meta property=\"og:image\" content=\"https:\/\/jumelage.org\/francais\/wp-content\/uploads\/2018\/10\/Statue-Libert\u00e9.jpg\" \/>\n\t<meta property=\"og:image:width\" content=\"720\" \/>\n\t<meta property=\"og:image:height\" content=\"682\" \/>\n\t<meta property=\"og:image:type\" content=\"image\/jpeg\" \/>\n<meta name=\"author\" content=\"JumSGLW\" \/>\n<meta name=\"twitter:card\" content=\"summary_large_image\" \/>\n<meta name=\"twitter:label1\" content=\"\u00c9crit par\" \/>\n\t<meta name=\"twitter:data1\" content=\"JumSGLW\" \/>\n\t<meta name=\"twitter:label2\" content=\"Dur\u00e9e de lecture estim\u00e9e\" \/>\n\t<meta name=\"twitter:data2\" content=\"20 minutes\" \/>\n<script type=\"application\/ld+json\" class=\"yoast-schema-graph\">{\"@context\":\"https:\\\/\\\/schema.org\",\"@graph\":[{\"@type\":\"Article\",\"@id\":\"https:\\\/\\\/jumelage.org\\\/francais\\\/la-statue-de-la-liberte-1886\\\/#article\",\"isPartOf\":{\"@id\":\"https:\\\/\\\/jumelage.org\\\/francais\\\/la-statue-de-la-liberte-1886\\\/\"},\"author\":{\"name\":\"JumSGLW\",\"@id\":\"https:\\\/\\\/jumelage.org\\\/francais\\\/#\\\/schema\\\/person\\\/74dafcd8c5dfbdc6c0bfb7efcd1020be\"},\"headline\":\"La Statue de la Libert\u00e9 (1886)\",\"datePublished\":\"2018-10-04T07:40:29+00:00\",\"dateModified\":\"2022-12-03T22:26:52+00:00\",\"mainEntityOfPage\":{\"@id\":\"https:\\\/\\\/jumelage.org\\\/francais\\\/la-statue-de-la-liberte-1886\\\/\"},\"wordCount\":4162,\"commentCount\":0,\"image\":{\"@id\":\"https:\\\/\\\/jumelage.org\\\/francais\\\/la-statue-de-la-liberte-1886\\\/#primaryimage\"},\"thumbnailUrl\":\"https:\\\/\\\/jumelage.org\\\/francais\\\/wp-content\\\/uploads\\\/2018\\\/10\\\/Statue-Libert\u00e9.jpg\",\"articleSection\":[\"USA &amp; France\"],\"inLanguage\":\"fr-FR\",\"potentialAction\":[{\"@type\":\"CommentAction\",\"name\":\"Comment\",\"target\":[\"https:\\\/\\\/jumelage.org\\\/francais\\\/la-statue-de-la-liberte-1886\\\/#respond\"]}]},{\"@type\":\"WebPage\",\"@id\":\"https:\\\/\\\/jumelage.org\\\/francais\\\/la-statue-de-la-liberte-1886\\\/\",\"url\":\"https:\\\/\\\/jumelage.org\\\/francais\\\/la-statue-de-la-liberte-1886\\\/\",\"name\":\"La Statue de la Libert\u00e9 (1886) Jumelage\",\"isPartOf\":{\"@id\":\"https:\\\/\\\/jumelage.org\\\/francais\\\/#website\"},\"primaryImageOfPage\":{\"@id\":\"https:\\\/\\\/jumelage.org\\\/francais\\\/la-statue-de-la-liberte-1886\\\/#primaryimage\"},\"image\":{\"@id\":\"https:\\\/\\\/jumelage.org\\\/francais\\\/la-statue-de-la-liberte-1886\\\/#primaryimage\"},\"thumbnailUrl\":\"https:\\\/\\\/jumelage.org\\\/francais\\\/wp-content\\\/uploads\\\/2018\\\/10\\\/Statue-Libert\u00e9.jpg\",\"datePublished\":\"2018-10-04T07:40:29+00:00\",\"dateModified\":\"2022-12-03T22:26:52+00:00\",\"author\":{\"@id\":\"https:\\\/\\\/jumelage.org\\\/francais\\\/#\\\/schema\\\/person\\\/74dafcd8c5dfbdc6c0bfb7efcd1020be\"},\"description\":\"Le 28 octobre 1886, \u00ab La Libert\u00e9 \u00e9clairant le monde \u00bb est inaugur\u00e9e dans la liesse, \u00e0 l'entr\u00e9e du port de New York, par le pr\u00e9sident des \u00c9tats-Unis Stephen Grover Cleveland.\",\"breadcrumb\":{\"@id\":\"https:\\\/\\\/jumelage.org\\\/francais\\\/la-statue-de-la-liberte-1886\\\/#breadcrumb\"},\"inLanguage\":\"fr-FR\",\"potentialAction\":[{\"@type\":\"ReadAction\",\"target\":[\"https:\\\/\\\/jumelage.org\\\/francais\\\/la-statue-de-la-liberte-1886\\\/\"]}]},{\"@type\":\"ImageObject\",\"inLanguage\":\"fr-FR\",\"@id\":\"https:\\\/\\\/jumelage.org\\\/francais\\\/la-statue-de-la-liberte-1886\\\/#primaryimage\",\"url\":\"https:\\\/\\\/jumelage.org\\\/francais\\\/wp-content\\\/uploads\\\/2018\\\/10\\\/Statue-Libert\u00e9.jpg\",\"contentUrl\":\"https:\\\/\\\/jumelage.org\\\/francais\\\/wp-content\\\/uploads\\\/2018\\\/10\\\/Statue-Libert\u00e9.jpg\",\"width\":720,\"height\":682},{\"@type\":\"BreadcrumbList\",\"@id\":\"https:\\\/\\\/jumelage.org\\\/francais\\\/la-statue-de-la-liberte-1886\\\/#breadcrumb\",\"itemListElement\":[{\"@type\":\"ListItem\",\"position\":1,\"name\":\"Accueil\",\"item\":\"https:\\\/\\\/jumelage.org\\\/francais\\\/\"},{\"@type\":\"ListItem\",\"position\":2,\"name\":\"La Statue de la Libert\u00e9 (1886)\"}]},{\"@type\":\"WebSite\",\"@id\":\"https:\\\/\\\/jumelage.org\\\/francais\\\/#website\",\"url\":\"https:\\\/\\\/jumelage.org\\\/francais\\\/\",\"name\":\"Jumelage\",\"description\":\"Saint-Germain-en-Laye &amp; Winchester (MA)\",\"potentialAction\":[{\"@type\":\"SearchAction\",\"target\":{\"@type\":\"EntryPoint\",\"urlTemplate\":\"https:\\\/\\\/jumelage.org\\\/francais\\\/?s={search_term_string}\"},\"query-input\":{\"@type\":\"PropertyValueSpecification\",\"valueRequired\":true,\"valueName\":\"search_term_string\"}}],\"inLanguage\":\"fr-FR\"},{\"@type\":\"Person\",\"@id\":\"https:\\\/\\\/jumelage.org\\\/francais\\\/#\\\/schema\\\/person\\\/74dafcd8c5dfbdc6c0bfb7efcd1020be\",\"name\":\"JumSGLW\",\"image\":{\"@type\":\"ImageObject\",\"inLanguage\":\"fr-FR\",\"@id\":\"https:\\\/\\\/secure.gravatar.com\\\/avatar\\\/3d3cad377d924d636d7d20ae9f968d4816d16114a561888c0a1668606eb9b7be?s=96&d=mm&r=g\",\"url\":\"https:\\\/\\\/secure.gravatar.com\\\/avatar\\\/3d3cad377d924d636d7d20ae9f968d4816d16114a561888c0a1668606eb9b7be?s=96&d=mm&r=g\",\"contentUrl\":\"https:\\\/\\\/secure.gravatar.com\\\/avatar\\\/3d3cad377d924d636d7d20ae9f968d4816d16114a561888c0a1668606eb9b7be?s=96&d=mm&r=g\",\"caption\":\"JumSGLW\"},\"url\":\"http:\\\/\\\/jumelage.org\\\/francais\\\/author\\\/jumsglw\\\/\"}]}<\/script>\n<!-- \/ Yoast SEO plugin. -->","yoast_head_json":{"title":"La Statue de la Libert\u00e9 (1886) Jumelage","description":"Le 28 octobre 1886, \u00ab La Libert\u00e9 \u00e9clairant le monde \u00bb est inaugur\u00e9e dans la liesse, \u00e0 l'entr\u00e9e du port de New York, par le pr\u00e9sident des \u00c9tats-Unis Stephen Grover Cleveland.","robots":{"index":"index","follow":"follow","max-snippet":"max-snippet:-1","max-image-preview":"max-image-preview:large","max-video-preview":"max-video-preview:-1"},"canonical":"https:\/\/jumelage.org\/francais\/la-statue-de-la-liberte-1886\/","og_locale":"fr_FR","og_type":"article","og_title":"La Statue de la Libert\u00e9 (1886) Jumelage","og_description":"Le 28 octobre 1886, \u00ab La Libert\u00e9 \u00e9clairant le monde \u00bb est inaugur\u00e9e dans la liesse, \u00e0 l'entr\u00e9e du port de New York, par le pr\u00e9sident des \u00c9tats-Unis Stephen Grover Cleveland.","og_url":"https:\/\/jumelage.org\/francais\/la-statue-de-la-liberte-1886\/","og_site_name":"Jumelage","article_publisher":"http:\/\/www.facebook.com\/jumelagew.sgl\/","article_published_time":"2018-10-04T07:40:29+00:00","article_modified_time":"2022-12-03T22:26:52+00:00","og_image":[{"width":720,"height":682,"url":"https:\/\/jumelage.org\/francais\/wp-content\/uploads\/2018\/10\/Statue-Libert\u00e9.jpg","type":"image\/jpeg"}],"author":"JumSGLW","twitter_card":"summary_large_image","twitter_misc":{"\u00c9crit par":"JumSGLW","Dur\u00e9e de lecture estim\u00e9e":"20 minutes"},"schema":{"@context":"https:\/\/schema.org","@graph":[{"@type":"Article","@id":"https:\/\/jumelage.org\/francais\/la-statue-de-la-liberte-1886\/#article","isPartOf":{"@id":"https:\/\/jumelage.org\/francais\/la-statue-de-la-liberte-1886\/"},"author":{"name":"JumSGLW","@id":"https:\/\/jumelage.org\/francais\/#\/schema\/person\/74dafcd8c5dfbdc6c0bfb7efcd1020be"},"headline":"La Statue de la Libert\u00e9 (1886)","datePublished":"2018-10-04T07:40:29+00:00","dateModified":"2022-12-03T22:26:52+00:00","mainEntityOfPage":{"@id":"https:\/\/jumelage.org\/francais\/la-statue-de-la-liberte-1886\/"},"wordCount":4162,"commentCount":0,"image":{"@id":"https:\/\/jumelage.org\/francais\/la-statue-de-la-liberte-1886\/#primaryimage"},"thumbnailUrl":"https:\/\/jumelage.org\/francais\/wp-content\/uploads\/2018\/10\/Statue-Libert\u00e9.jpg","articleSection":["USA &amp; France"],"inLanguage":"fr-FR","potentialAction":[{"@type":"CommentAction","name":"Comment","target":["https:\/\/jumelage.org\/francais\/la-statue-de-la-liberte-1886\/#respond"]}]},{"@type":"WebPage","@id":"https:\/\/jumelage.org\/francais\/la-statue-de-la-liberte-1886\/","url":"https:\/\/jumelage.org\/francais\/la-statue-de-la-liberte-1886\/","name":"La Statue de la Libert\u00e9 (1886) Jumelage","isPartOf":{"@id":"https:\/\/jumelage.org\/francais\/#website"},"primaryImageOfPage":{"@id":"https:\/\/jumelage.org\/francais\/la-statue-de-la-liberte-1886\/#primaryimage"},"image":{"@id":"https:\/\/jumelage.org\/francais\/la-statue-de-la-liberte-1886\/#primaryimage"},"thumbnailUrl":"https:\/\/jumelage.org\/francais\/wp-content\/uploads\/2018\/10\/Statue-Libert\u00e9.jpg","datePublished":"2018-10-04T07:40:29+00:00","dateModified":"2022-12-03T22:26:52+00:00","author":{"@id":"https:\/\/jumelage.org\/francais\/#\/schema\/person\/74dafcd8c5dfbdc6c0bfb7efcd1020be"},"description":"Le 28 octobre 1886, \u00ab La Libert\u00e9 \u00e9clairant le monde \u00bb est inaugur\u00e9e dans la liesse, \u00e0 l'entr\u00e9e du port de New York, par le pr\u00e9sident des \u00c9tats-Unis Stephen Grover Cleveland.","breadcrumb":{"@id":"https:\/\/jumelage.org\/francais\/la-statue-de-la-liberte-1886\/#breadcrumb"},"inLanguage":"fr-FR","potentialAction":[{"@type":"ReadAction","target":["https:\/\/jumelage.org\/francais\/la-statue-de-la-liberte-1886\/"]}]},{"@type":"ImageObject","inLanguage":"fr-FR","@id":"https:\/\/jumelage.org\/francais\/la-statue-de-la-liberte-1886\/#primaryimage","url":"https:\/\/jumelage.org\/francais\/wp-content\/uploads\/2018\/10\/Statue-Libert\u00e9.jpg","contentUrl":"https:\/\/jumelage.org\/francais\/wp-content\/uploads\/2018\/10\/Statue-Libert\u00e9.jpg","width":720,"height":682},{"@type":"BreadcrumbList","@id":"https:\/\/jumelage.org\/francais\/la-statue-de-la-liberte-1886\/#breadcrumb","itemListElement":[{"@type":"ListItem","position":1,"name":"Accueil","item":"https:\/\/jumelage.org\/francais\/"},{"@type":"ListItem","position":2,"name":"La Statue de la Libert\u00e9 (1886)"}]},{"@type":"WebSite","@id":"https:\/\/jumelage.org\/francais\/#website","url":"https:\/\/jumelage.org\/francais\/","name":"Jumelage","description":"Saint-Germain-en-Laye &amp; Winchester (MA)","potentialAction":[{"@type":"SearchAction","target":{"@type":"EntryPoint","urlTemplate":"https:\/\/jumelage.org\/francais\/?s={search_term_string}"},"query-input":{"@type":"PropertyValueSpecification","valueRequired":true,"valueName":"search_term_string"}}],"inLanguage":"fr-FR"},{"@type":"Person","@id":"https:\/\/jumelage.org\/francais\/#\/schema\/person\/74dafcd8c5dfbdc6c0bfb7efcd1020be","name":"JumSGLW","image":{"@type":"ImageObject","inLanguage":"fr-FR","@id":"https:\/\/secure.gravatar.com\/avatar\/3d3cad377d924d636d7d20ae9f968d4816d16114a561888c0a1668606eb9b7be?s=96&d=mm&r=g","url":"https:\/\/secure.gravatar.com\/avatar\/3d3cad377d924d636d7d20ae9f968d4816d16114a561888c0a1668606eb9b7be?s=96&d=mm&r=g","contentUrl":"https:\/\/secure.gravatar.com\/avatar\/3d3cad377d924d636d7d20ae9f968d4816d16114a561888c0a1668606eb9b7be?s=96&d=mm&r=g","caption":"JumSGLW"},"url":"http:\/\/jumelage.org\/francais\/author\/jumsglw\/"}]}},"_links":{"self":[{"href":"http:\/\/jumelage.org\/francais\/wp-json\/wp\/v2\/posts\/11147","targetHints":{"allow":["GET"]}}],"collection":[{"href":"http:\/\/jumelage.org\/francais\/wp-json\/wp\/v2\/posts"}],"about":[{"href":"http:\/\/jumelage.org\/francais\/wp-json\/wp\/v2\/types\/post"}],"author":[{"embeddable":true,"href":"http:\/\/jumelage.org\/francais\/wp-json\/wp\/v2\/users\/1"}],"replies":[{"embeddable":true,"href":"http:\/\/jumelage.org\/francais\/wp-json\/wp\/v2\/comments?post=11147"}],"version-history":[{"count":6,"href":"http:\/\/jumelage.org\/francais\/wp-json\/wp\/v2\/posts\/11147\/revisions"}],"predecessor-version":[{"id":31588,"href":"http:\/\/jumelage.org\/francais\/wp-json\/wp\/v2\/posts\/11147\/revisions\/31588"}],"wp:featuredmedia":[{"embeddable":true,"href":"http:\/\/jumelage.org\/francais\/wp-json\/wp\/v2\/media\/11150"}],"wp:attachment":[{"href":"http:\/\/jumelage.org\/francais\/wp-json\/wp\/v2\/media?parent=11147"}],"wp:term":[{"taxonomy":"category","embeddable":true,"href":"http:\/\/jumelage.org\/francais\/wp-json\/wp\/v2\/categories?post=11147"},{"taxonomy":"post_tag","embeddable":true,"href":"http:\/\/jumelage.org\/francais\/wp-json\/wp\/v2\/tags?post=11147"}],"curies":[{"name":"wp","href":"https:\/\/api.w.org\/{rel}","templated":true}]}}