{"id":10905,"date":"2021-01-14T10:34:22","date_gmt":"2021-01-14T09:34:22","guid":{"rendered":"http:\/\/jumelage.org\/francais\/?p=10905"},"modified":"2022-01-15T21:10:45","modified_gmt":"2022-01-15T20:10:45","slug":"le-ku-klux-klan","status":"publish","type":"post","link":"http:\/\/jumelage.org\/francais\/le-ku-klux-klan\/","title":{"rendered":"Le Ku Klux Klan"},"content":{"rendered":"<div id=\"ez-toc-container\" class=\"ez-toc-v2_0_82_2 counter-hierarchy ez-toc-counter ez-toc-custom ez-toc-container-direction\">\n<nav><ul class='ez-toc-list ez-toc-list-level-1 ' ><li class='ez-toc-page-1 ez-toc-heading-level-1'><a class=\"ez-toc-link ez-toc-heading-1\" href=\"http:\/\/jumelage.org\/francais\/le-ku-klux-klan\/#Le-Ku-Klux-Klan\" >Le Ku Klux Klan<\/a><ul class='ez-toc-list-level-2' ><li class='ez-toc-heading-level-2'><a class=\"ez-toc-link ez-toc-heading-2\" href=\"http:\/\/jumelage.org\/francais\/le-ku-klux-klan\/#1865-%E2%80%93-1870-le-premier-Klan\" >1865 &#8211; 1870 : le premier Klan<\/a><\/li><li class='ez-toc-page-1 ez-toc-heading-level-2'><a class=\"ez-toc-link ez-toc-heading-3\" href=\"http:\/\/jumelage.org\/francais\/le-ku-klux-klan\/#1871-%E2%80%93-1915-la-clandestinite\" >1871 &#8211; 1915 : la clandestinit\u00e9<\/a><\/li><li class='ez-toc-page-1 ez-toc-heading-level-2'><a class=\"ez-toc-link ez-toc-heading-4\" href=\"http:\/\/jumelage.org\/francais\/le-ku-klux-klan\/#1915-%E2%80%93-1926-lage-dOr-du-second-Klan\" >1915 &#8211; 1926 : l\u2019\u00e2ge d\u2019Or du second Klan<\/a><\/li><li class='ez-toc-page-1 ez-toc-heading-level-2'><a class=\"ez-toc-link ez-toc-heading-5\" href=\"http:\/\/jumelage.org\/francais\/le-ku-klux-klan\/#Le-troisieme-Klan\" >Le troisi\u00e8me Klan<\/a><\/li><\/ul><\/li><li class='ez-toc-page-1 ez-toc-heading-level-1'><a class=\"ez-toc-link ez-toc-heading-6\" href=\"http:\/\/jumelage.org\/francais\/le-ku-klux-klan\/#La-renaissance-du-Ku-Klux-Klan\" >La renaissance du Ku Klux\u00a0Klan<\/a><ul class='ez-toc-list-level-2' ><li class='ez-toc-heading-level-2'><a class=\"ez-toc-link ez-toc-heading-7\" href=\"http:\/\/jumelage.org\/francais\/le-ku-klux-klan\/#Plus-de-tatouages-moins-de-cagoules\" >Plus de tatouages, moins de cagoules<\/a><\/li><li class='ez-toc-page-1 ez-toc-heading-level-2'><a class=\"ez-toc-link ez-toc-heading-8\" href=\"http:\/\/jumelage.org\/francais\/le-ku-klux-klan\/#Ils-sont-toujours-la\" >Ils sont toujours l\u00e0<\/a><\/li><li class='ez-toc-page-1 ez-toc-heading-level-2'><a class=\"ez-toc-link ez-toc-heading-9\" href=\"http:\/\/jumelage.org\/francais\/le-ku-klux-klan\/#La-survivance-de-la-haine\" >La survivance de la haine<\/a><\/li><\/ul><\/li><li class='ez-toc-page-1 ez-toc-heading-level-1'><a class=\"ez-toc-link ez-toc-heading-10\" href=\"http:\/\/jumelage.org\/francais\/le-ku-klux-klan\/#Qui-sont-ces-supremacistes-blancs-qui-revent-de-purete-ethnique\" >Qui sont ces supr\u00e9macistes blancs qui r\u00eavent de puret\u00e9 ethnique ?<\/a><ul class='ez-toc-list-level-2' ><li class='ez-toc-heading-level-2'><a class=\"ez-toc-link ez-toc-heading-11\" href=\"http:\/\/jumelage.org\/francais\/le-ku-klux-klan\/#Chapelles\" >Chapelles<\/a><\/li><li class='ez-toc-page-1 ez-toc-heading-level-2'><a class=\"ez-toc-link ez-toc-heading-12\" href=\"http:\/\/jumelage.org\/francais\/le-ku-klux-klan\/#K-comme-Klan\" >K comme Klan<\/a><\/li><li class='ez-toc-page-1 ez-toc-heading-level-2'><a class=\"ez-toc-link ez-toc-heading-13\" href=\"http:\/\/jumelage.org\/francais\/le-ku-klux-klan\/#Leffet-domino-de-Charlottesville\" >L\u2019effet domino de Charlottesville<\/a><\/li><\/ul><\/li><\/ul><\/nav><\/div>\n<div id=\"pl-10905\"  class=\"panel-layout\" ><div id=\"pg-10905-0\"  class=\"panel-grid panel-has-style\" ><div style=\"padding: 1px 0; \" data-overlay=\"true\" data-overlay-color=\"#000000\" class=\"panel-row-style panel-row-style-for-10905-0\" ><div id=\"pgc-10905-0-0\"  class=\"panel-grid-cell\" ><div id=\"panel-10905-0-0-0\" class=\"so-panel widget widget_sow-editor panel-first-child panel-last-child\" data-index=\"0\" ><div style=\"text-align: left;\" data-title-color=\"#443f3f\" data-headings-color=\"#443f3f\" class=\"panel-widget-style panel-widget-style-for-10905-0-0-0\" ><div\n\t\t\t\n\t\t\tclass=\"so-widget-sow-editor so-widget-sow-editor-base\"\n\t\t\t\n\t\t>\n<div class=\"siteorigin-widget-tinymce textwidget\">\n\t<h1 style=\"text-align: center;\"><span class=\"ez-toc-section\" id=\"Le-Ku-Klux-Klan\"><\/span><span style=\"text-decoration: underline;\"><span style=\"font-size: 24px;\"><strong>Le Ku Klux Klan<\/strong><\/span><\/span><span class=\"ez-toc-section-end\"><\/span><\/h1>\n<pre style=\"text-align: left;\"><span style=\"font-size: 14px;\"><em>D'apr\u00e8s : National geographic\u2013HS jun-jul 2018 \/ Herodote.net \u2013 Andr\u00e9 Laran\u00e9 \u2013 18 mar 2019 \/ Geo.fr - Marine Jeannin \u2013 12 ao\u00fbt 2020<\/em><\/span><\/pre>\n<p style=\"text-align: justify;\"><span style=\"color: #ffffff;\">.\u00a0\u00a0\u00a0\u00a0\u00a0\u00a0\u00a0\u00a0<\/span> \u00a0\u00a0Pendant la <em>Reconstruction<\/em>, cette p\u00e9riode de l'histoire des \u00c9tats-Unis d\u2019une douzaine d\u2019ann\u00e9es (o\u00f9 se situe <em>Autant en emporte le vent <\/em>de Margaret Mitchell) qui a fait suite \u00e0 la guerre de S\u00e9cession, les droits civiques des Noirs ont connu une embellie sans pr\u00e9c\u00e9dent. Le <em>Bureau des Affranchis<\/em> <em>(Freedmen's Bureau)<\/em>, cr\u00e9\u00e9 en mars 1865, aide les anciens esclaves \u00e0 s\u2019ins\u00e9rer dans le tissu \u00e9conomique et social du Sud et \u00e0 faire respecter leurs droits fra\u00eechement acquis. Le 13\u00e8me amendement de la Constitution abolit l\u2019esclavage le 18 d\u00e9cembre 1865, le 14\u00e8me accorde en 1868 la citoyennet\u00e9 \u00e0 toute personne n\u00e9e ou naturalis\u00e9e aux \u00c9tats-Unis, et le 15\u00e8me garantit en 1870 le droit de vote \u00e0 tous les citoyens des \u00c9tats-Unis. Le cauchemar des Conf\u00e9d\u00e9r\u00e9s devient r\u00e9alit\u00e9 : leurs anciens esclaves peuvent d\u00e9sormais voter.<\/p>\n<h2 style=\"text-align: justify;\"><span style=\"font-size: 20px;\"><strong>1865 - 1870 : le premier Klan<\/strong><\/span><\/h2>\n<p style=\"text-align: justify;\"><span style=\"color: #ffffff;\">.\u00a0\u00a0\u00a0\u00a0\u00a0\u00a0\u00a0\u00a0<\/span> \u00a0\u00a0Les ex-Conf\u00e9d\u00e9r\u00e9s r\u00e9pondent aux \"insolences\" des affranchis et des <em>carpetbaggers<\/em> (individus originaires du Nord des \u00c9tats-Unis venus s'installer dans le Sud lors de la Reconstruction, avec l'intention de profiter de la situation confuse du pays) par des flamb\u00e9es de violence raciale, qui vont aller crescendo tout au long de la Reconstruction. Certaines sont spontan\u00e9es, comme les \u00e9meutes raciales de la Nouvelle-Orl\u00e9ans en 1866, qui font 48 victimes noires. Mais les Blancs conservateurs et racistes du Sud passent vite \u00e0 la vitesse sup\u00e9rieure, et se regroupent, d\u00e8s la seconde moiti\u00e9 des ann\u00e9es 1860, dans des soci\u00e9t\u00e9s secr\u00e8tes paramilitaires : les <em>Chevaliers du Cam\u00e9lia blanc<\/em> en Louisiane, les <em>Chevaliers du Soleil levant<\/em> au Texas, les <em>Chevaliers de La Croix noire<\/em>, les <em>Fils du Sud<\/em>, la <em>Soci\u00e9t\u00e9 de la Rose blanche<\/em>, la <em>Fraternit\u00e9 blanche <\/em>... et le <em>Ku Klux Klan<\/em> <em>(KKK),<\/em> fond\u00e9 lors de la nuit de No\u00ebl 1865, par six jeunes officiers sudistes humili\u00e9s par leur d\u00e9faite et d\u00e9mobilis\u00e9s \u00e0 Pulaski (Tennessee).<\/p>\n<p style=\"text-align: justify;\">Les fondateurs du KKK, frustr\u00e9s de l'augmentation sans pr\u00e9c\u00e9dent de l'immigration aux Etats-Unis, se sentent d\u00e9poss\u00e9d\u00e9s du pouvoir de vie et de mort qu\u2019ils avaient sur leurs anciens esclaves, et l\u2019\u00e9galit\u00e9 apport\u00e9e par la loi leur semble insupportable\u00a0; ils se sont ainsi presque naturellement unis pour organiser la lutte et la r\u00e9sistance face \u00e0 cette r\u00e9volution.<\/p>\n<p style=\"text-align: justify;\">Pour entretenir le myst\u00e8re et envelopper le Klan d\u2019une aura sacr\u00e9e et intimidante, le nom est compliqu\u00e9 et myst\u00e9rieux, difficile d\u2019acc\u00e8s pour le profane. \u00ab Ku Klux \u00bb est l'association des mots<em> kuklos<\/em> (\u2018<em>cercle<\/em>\u2019 en grec ancien), <em>lux<\/em> (\u2018<em>lumi\u00e8re<\/em>\u2019 en latin) et de \u00ab\u00a0Klan\u00a0\u00bb, un terme vaguement \u00e9cossais <em>(clan, <\/em>les membres d'une vaste famille, descendant tous d'un anc\u00eatre commun, et reconnaissant l'autorit\u00e9 patriarcale du chef du <em>clan<\/em>)<em>.<\/em> Plusieurs des fondateurs \u00e9taient d'origine \u00e9cossaise\u00a0; l'un d'eux, un d\u00e9nomm\u00e9 Kennedy, \u00e9tait cependant d'origine irlandaise, mais protestant comme les autres !<\/p>\n<p><img decoding=\"async\" class=\"alignnone size-full wp-image-27856 aligncenter\" src=\"http:\/\/jumelage.org\/francais\/wp-content\/uploads\/2018\/09\/Ku-Klux-Klan-4.jpg\" alt=\"\" width=\"590\" height=\"689\" srcset=\"https:\/\/jumelage.org\/francais\/wp-content\/uploads\/2018\/09\/Ku-Klux-Klan-4.jpg 590w, https:\/\/jumelage.org\/francais\/wp-content\/uploads\/2018\/09\/Ku-Klux-Klan-4-230x269.jpg 230w, https:\/\/jumelage.org\/francais\/wp-content\/uploads\/2018\/09\/Ku-Klux-Klan-4-350x409.jpg 350w, https:\/\/jumelage.org\/francais\/wp-content\/uploads\/2018\/09\/Ku-Klux-Klan-4-480x561.jpg 480w\" sizes=\"(max-width: 590px) 100vw, 590px\" \/><\/p>\n<p style=\"text-align: center;\"><em>Quatre membres du Klan \u00e0 c\u00f4t\u00e9 d\u2019une croix incendi\u00e9e, 31 juillet 1927.<\/em><\/p>\n<p style=\"text-align: justify;\">Tous ces hommes sont bien ins\u00e9r\u00e9s dans la vie sociale, avec des revenus d\u00e9cents ou confortables, et l'un d'eux poss\u00e8de m\u00eame le journal de Pulaski. Comme les francs-ma\u00e7ons, ils appellent leurs organisations locales des \u00ab loges \u00bb, qui sont dirig\u00e9es par un chef supr\u00eame, le \u00ab Grand Sorcier \u00bb.<\/p>\n<p style=\"text-align: justify;\">L\u2019id\u00e9ologie du Klan proclamait alors que les Blancs, seuls, pouvaient diriger le pays tandis que les anciens esclaves et leurs descendants, fra\u00eechement \u00e9mancip\u00e9s, venaient d\u2019obtenir la citoyennet\u00e9 am\u00e9ricaine. Le Ku Klux Klan se consid\u00e9rait ainsi comme un rempart chr\u00e9tien contre la d\u00e9sint\u00e9gration de la soci\u00e9t\u00e9 blanche protestante, et voulait donc maintenir et conforter la supr\u00e9matie de cette soci\u00e9t\u00e9.<\/p>\n<p style=\"text-align: justify;\">Le\u00a0<em>Klan<\/em>, organis\u00e9 en groupes de r\u00e9sistance secrets formant une sorte de f\u00e9d\u00e9ration, avec une organisation mi-religieuse, mi-militaire, va attirer des planteurs, exc\u00e9d\u00e9s par les exactions des Nordistes ainsi que d'anciens soldats, officiers et g\u00e9n\u00e9raux conf\u00e9d\u00e9r\u00e9s.<\/p>\n<p style=\"text-align: justify;\">Le \u00ab\u00a0boys club\u00a0\u00bb de Pulaski prend v\u00e9ritablement de l\u2019ampleur en 1867 lorsqu\u2019il est rejoint par Nathan Bedford Forrest, un ancien g\u00e9n\u00e9ral de cavalerie de l\u2019arm\u00e9e sudiste. Propri\u00e9taire d'esclaves et ancien g\u00e9n\u00e9ral de cavalerie conf\u00e9d\u00e9r\u00e9, excellent tacticien, surnomm\u00e9\u00a0<em>the Wizard of the Saddle<\/em>\u00a0(<em>\u00ab\u00a0Sorcier de la Selle\u00a0\u00bb<\/em>)\u00a0- il est le premier \u00e0 endosser l\u2019habit de \u00ab\u2009<em>Grand sorcier\u2009<\/em>\u00bb du Ku Klux -, il tra\u00eene\u00a0l'accusation d'avoir fait massacrer les 600 hommes de la garnison de Fort Pillow, dont une majorit\u00e9 d'anciens esclaves noirs, apr\u00e8s qu'ils se soient rendus le 12\u00a0avril 1864. C'est lui qui devient le premier\u00a0<em>\u00ab\u00a0Magicien Imp\u00e9rial\u00a0\u00bb<\/em>\u00a0du KKK. Il structure le groupuscule en une organisation terroriste efficace : \u00e0 cheval, v\u00eatus de longues robes blanches et coiff\u00e9s de cagoules de la m\u00eame couleur, le Ku Klux Klan devient l\u2019\u00e2me vengeresse des ex-Conf\u00e9d\u00e9r\u00e9s. Forrest endosse la cagoule de <em>Grand Sorcier<\/em> et se fait seconder de ses <em>Dragons, Titans, G\u00e9ants<\/em> et<em> Cyclopes<\/em>.<\/p>\n<p style=\"text-align: justify;\">En 1868, il pose les nouvelles fondations du Klan, d\u00e9fini comme une \"<em>institution chevaleresque, humanitaire, mis\u00e9ricordieuse et patriotique<\/em>\", qui se donne comme \"<em>but sacr\u00e9<\/em>\" le \"<em>maintien de la supr\u00e9matie de la race blanche dans cette R\u00e9publique<\/em>\". Seuls les anciens combattants conf\u00e9d\u00e9r\u00e9s sont autoris\u00e9s \u00e0 prendre la cagoule, celle-ci cachant leur identit\u00e9, cela cr\u00e9ant de surcro\u00eet un attrait pervers pour un grand nombre d'\u00e9minents hommes d'affaires, politiciens ou policiers. Les recrues, nombreuses, viennent surtout du Tennessee, d\u2019Alabama et de Caroline du Nord. Dans une interview du 28 ao\u00fbt 1868, Forrest se vante de compter un demi-million de membres, et pr\u00e9sente le KKK comme une organisation politico-militaire destin\u00e9e \u00e0 prot\u00e9ger la veuve et l\u2019orphelin sudistes contre les exactions de l\u2019arm\u00e9e f\u00e9d\u00e9rale et des affranchis.<\/p>\n<p style=\"text-align: center;\"><span style=\"font-size: 14px;\"><img decoding=\"async\" class=\"alignnone size-full wp-image-24024 aligncenter\" src=\"http:\/\/jumelage.org\/francais\/wp-content\/uploads\/2019\/04\/Ku-Klux-Klan-1e.jpg\" alt=\"\" width=\"256\" height=\"426\" srcset=\"https:\/\/jumelage.org\/francais\/wp-content\/uploads\/2019\/04\/Ku-Klux-Klan-1e.jpg 256w, https:\/\/jumelage.org\/francais\/wp-content\/uploads\/2019\/04\/Ku-Klux-Klan-1e-180x300.jpg 180w, https:\/\/jumelage.org\/francais\/wp-content\/uploads\/2019\/04\/Ku-Klux-Klan-1e-230x383.jpg 230w\" sizes=\"(max-width: 256px) 100vw, 256px\" \/><\/span> <span style=\"font-size: 14px;\"><em>Nathan Bedford Forrest (1821, Bedford, Tennessee ; 1877, Memphis, Tennessee). <\/em><em>En 2021, ses restes sont transf\u00e9r\u00e9s de Memphis au Mus\u00e9e national conf\u00e9d\u00e9r\u00e9 d\u2019Elm Springs \u00e0 Columbia (Tennesse).<\/em><\/span><\/p>\n<p style=\"text-align: justify;\">Le Klan, qui par son organisation, s\u2019assura tr\u00e8s rapidement le leadership de ce type de clans, s\u2019appuyait naturellement sur une n\u00e9buleuse d\u2019organisations similaires. Sous ses dehors \u00ab\u00a0donquichottesques\u00a0\u00bb, les m\u00e9thodes des cavaliers blancs sont celles d\u2019un groupuscule terroriste. Le KKK \u00e9tablit des rituels destin\u00e9s \u00e0 entretenir peur et soup\u00e7on. Leurs r\u00e9unions ont souvent lieu la nuit avec l\u2019utilisation de flambeaux qui, associ\u00e9s aux robes blanches et aux cagoules, donnent un air effrayant \u00e0 un tel tableau, pour qui en serait le t\u00e9moin ou viendrait \u00e0 croiser une de leurs processions.<\/p>\n<p><img decoding=\"async\" class=\"size-full wp-image-27857 aligncenter\" src=\"http:\/\/jumelage.org\/francais\/wp-content\/uploads\/2018\/09\/Ku-Klux-Klan-5.jpg\" alt=\"\" width=\"634\" height=\"470\" srcset=\"https:\/\/jumelage.org\/francais\/wp-content\/uploads\/2018\/09\/Ku-Klux-Klan-5.jpg 634w, https:\/\/jumelage.org\/francais\/wp-content\/uploads\/2018\/09\/Ku-Klux-Klan-5-230x171.jpg 230w, https:\/\/jumelage.org\/francais\/wp-content\/uploads\/2018\/09\/Ku-Klux-Klan-5-350x259.jpg 350w, https:\/\/jumelage.org\/francais\/wp-content\/uploads\/2018\/09\/Ku-Klux-Klan-5-480x356.jpg 480w\" sizes=\"(max-width: 634px) 100vw, 634px\" \/><\/p>\n<p style=\"text-align: justify;\">Outre ces c\u00e9r\u00e9monies clandestines, lors de vir\u00e9es nocturnes \u00e0 cheval, v\u00eatus de tenues color\u00e9es, s'habillant souvent en fant\u00f4mes et de taies d'oreiller, les <em>Klansmen<\/em> cherchent \u00e0 terroriser leurs victimes par la violence et l'intimidation. ils organisent des exactions violentes : incendie des \u00e9glises et des \u00e9coles noires, lynchages, assassinats cibl\u00e9s. Le tout, dans un but bien pr\u00e9cis : emp\u00eacher les Noirs de\u00a0faire usage de leurs droits civiques et en particulier les tenir \u00e9loign\u00e9s des urnes, leur vote risquant de bouleverser les \u00e9quilibres du pays\u00a0; donc saboter les \u00e9lections locales dans les \u00c9tats du Sud pour qu'aucun membre du Parti r\u00e9publicain n\u2019y soit \u00e9lu.<\/p>\n<p style=\"text-align: justify;\">En terrorisant et assassinant les Noirs, le Klan tente en outre de les emp\u00eacher de vivre en s\u00e9r\u00e9nit\u00e9 dans une Am\u00e9rique encore boulevers\u00e9e par ces profonds changements de soci\u00e9t\u00e9. Ils utiliseront \u00e9galement toutes les ressources de la loi pour \u00e9tablir un r\u00e9gime de s\u00e9gr\u00e9gation raciale et n'h\u00e9siteront pas \u00e0 s'en prendre aux Blancs lib\u00e9raux. Et le Klan ne recule devant aucune intimidation, s\u2019en prenant non seulement aux Afro-Am\u00e9ricains, mais aux employ\u00e9s du Bureau des Affranchis, aux <em>carpetbaggers<\/em> et aux <em>scalawags<\/em>, ces Sudistes accus\u00e9s de \"collaborer\" avec les <em>Yankees<\/em> <em>(<\/em><em>habitants de tout \u00c9tat du Nord-Est des Etats-Unis).<\/em><\/p>\n<p style=\"text-align: justify;\">Bien que les encagoul\u00e9s ne parviennent gu\u00e8re \u00e0 jouer un r\u00f4le d\u00e9terminant en politique, le nom de Ku Klux Klan essaime \u00e0 travers le sud des \u00c9tats-Unis et a vite \u00e9t\u00e9 prononc\u00e9 avec effroi. Les supr\u00e9macistes, qui \u00e9taient d\u00e9j\u00e0 quelques dizaines de milliers suivant les Etats \u00e0 la fin du XIXe si\u00e8cle, ont exerc\u00e9 leur \u0153uvre de haine, semant la terreur, pillant, violant, tuant, le plus souvent par pendaison, \u00ab pour l\u2019exemple \u00bb. Mais bient\u00f4t des informations circuleront faisant \u00e9tat de flagellations et de lynchages. Par centaines, noirs, hommes, femmes, enfants, sont battus, tortur\u00e9s, assassin\u00e9s et en outre, cela est aussi le sort de nombreux fonctionnaires r\u00e9publicains, de ma\u00eetres d\u2019\u00e9coles, de docteurs venus dans le Sud dans le cadre du travail du <em>Bureau des Affranchis.<\/em><\/p>\n<h2 style=\"text-align: justify;\"><span style=\"font-size: 20px;\"><strong>1871 - 1915 : la clandestinit\u00e9<\/strong><\/span><\/h2>\n<p style=\"text-align: justify;\"><span style=\"color: #ffffff;\">.\u00a0\u00a0\u00a0\u00a0\u00a0\u00a0\u00a0\u00a0 \u00a0<\/span>\u00a0De plus en plus mis \u00e0 l\u2019\u00e9cart par les D\u00e9mocrates du Sud, d\u00e8s 1869, Forrest sera amen\u00e9 \u00e0 prononcer officiellement la dissolution de ce premier Klan.<\/p>\n<p style=\"text-align: justify;\">Le pr\u00e9sident Grant fera voter par le Congr\u00e8s en 1870\/ 1871 les <em>Enforcement Acts (Force Acts)<\/em>, trois lois pour prot\u00e9ger les droits constitutionnels des Afro-Am\u00e9ricains menac\u00e9s par les actes terroristes du Ku Klux Klan dans les \u00c9tats du Sud, l\u00e9galisant ainsi la dissolution du groupe de haine.<\/p>\n<p style=\"text-align: justify;\">Mais cette dissolution par Forrest est purement tactique et faciale, car l'<em>\u00ab\u00a0Empire invisible du Klan \u00bb<\/em>\u00a0poursuit ses exactions\u00a0: pour la seule ann\u00e9e 1871, on compte 297 Noirs qui se font lyncher \u00e0 La Nouvelle-Orl\u00e9ans et 200 dans l\u2019\u00e9tat du Mississippi et on d\u00e9nombrera encore au moins 3.500 noirs assassin\u00e9s jusqu'en 1875,\u00a0malgr\u00e9 l'envoi de troupes f\u00e9d\u00e9rales dans les comt\u00e9s du Sud. Il est vrai que l'essentiel de l'arm\u00e9e est mobilis\u00e9 par les guerres indiennes.<\/p>\n<p style=\"text-align: justify;\">Le Congr\u00e8s finit par adopter en 1875 une ambitieuse loi sur les droits civiques, le <em>Civil Rights Act<\/em>, qui vise \u00e0 garantir \u00e0 tous l'\u00e9galit\u00e9 des droits dans les transports et dans les lieux publics sans distinction de race. Dans les faits, cette l\u00e9gislation est ais\u00e9ment contourn\u00e9e par les \u00c9tats du Sud, et la s\u00e9gr\u00e9gation raciale est reconnue officiellement en 1896 par l\u2019arr\u00eat Plessy v. Ferguson. Le KKK perd ainsi sa raison d\u2019\u00eatre et cesse d\u2019exister sur la sc\u00e8ne politique.<\/p>\n<p style=\"text-align: justify;\">En 1877, en \u00e9change du soutien que lui ont apport\u00e9 les d\u00e9mocrates du Sud, le nouveau pr\u00e9sident\u00a0Rutherford B. Hayes retire les troupes f\u00e9d\u00e9rales de la r\u00e9gion. D\u00e8s lors, dans les \u00c9tats du Sud, des lois s\u00e9gr\u00e9gationnistes (lois\u00a0<em>\u00ab\u00a0Jim Crow\u00a0\u00bb<\/em>, une s\u00e9rie d\u2019arr\u00eat\u00e9s et de r\u00e8glements promulgu\u00e9s entre 1876 et 1964) se mettent tr\u00e8s officiellement en place avec le feu vert de la Cour supr\u00eame (arr\u00eat Plessy\u00a0<em>vs<\/em>\u00a0Ferguson), emp\u00eachant par exemple les mariages mixtes, commen\u00e7ant \u00e0 imposer une s\u00e9gr\u00e9gation entre blancs et noirs et interdisant l\u2019acc\u00e8s \u00e0 de nombreux lieux aux anciens esclaves.<\/p>\n<p style=\"text-align: justify;\">Ses objectifs ayant \u00e9t\u00e9 atteints, le premier\u00a0<em>KKK<\/em>, qui a compt\u00e9 jusqu'\u00e0 un demi-million de sympathisants, n'a plus de raison d'\u00eatre\u00a0officielle ! Mais il peut cependant ais\u00e9ment perdurer dans la clandestinit\u00e9 : \u00e0 la fin du XIX\u00e8me si\u00e8cle et au d\u00e9but du suivant, les encagoul\u00e9s continuent d\u2019assassiner dans l\u2019ombre. Entre 1900 et 1914, une centaine de lynchages ont lieu par an. On les a assimil\u00e9s \u00e0 des sacrifices rituels, \u00e0 des punitions pour des infractions suppos\u00e9es, soit \u00e0 la hi\u00e9rarchie sociale (ne pas \u00f4ter son chapeau au passage d'un Blanc peut entra\u00eener la mort)\u00a0; l\u2019accusation de viol d\u2019une femme blanche, notamment, est fr\u00e9quemment utilis\u00e9e pour justifier les lynchages, ceux-ci renfor\u00e7ant le sentiment de solidarit\u00e9 raciale dans la population blanche.<\/p>\n<h2 style=\"text-align: justify;\"><span style=\"font-size: 20px;\"><strong>1915 - 1926 : l\u2019\u00e2ge d\u2019Or du second Klan<\/strong><\/span><\/h2>\n<p style=\"text-align: justify;\"><span style=\"color: #ffffff;\">.\u00a0\u00a0\u00a0\u00a0<\/span>\u00a0\u00a0\u00a0\u00a0 \u00a0\u00a0La vision \u00ab\u00a0h\u00e9ro\u00efque\u00a0\u00bb des <em>Klansmen<\/em> est vant\u00e9e dans des livres comme<em> The Clansman<\/em>, de Thomas Dixon, Jr., et c\u2019est du septi\u00e8me art que viendra la renaissance du KKK. En 1915 sort le premier blockbuster hollywoodien : <em>Birth of a Nation (<\/em><em>Naissance d'une nation)<\/em> de D. W. Griffith, fresque r\u00e9visionniste de la Guerre de S\u00e9cession et de la Reconstruction, qui fait l\u2019apologie du Ku Klux Klan en s\u2019inspirant du roman.<\/p>\n<p style=\"text-align: center;\"><img decoding=\"async\" class=\"alignnone wp-image-24023\" src=\"http:\/\/jumelage.org\/francais\/wp-content\/uploads\/2019\/04\/Ku-Klux-Klan-1f.jpg\" alt=\"\" width=\"336\" height=\"498\" srcset=\"https:\/\/jumelage.org\/francais\/wp-content\/uploads\/2019\/04\/Ku-Klux-Klan-1f.jpg 302w, https:\/\/jumelage.org\/francais\/wp-content\/uploads\/2019\/04\/Ku-Klux-Klan-1f-202x300.jpg 202w, https:\/\/jumelage.org\/francais\/wp-content\/uploads\/2019\/04\/Ku-Klux-Klan-1f-230x341.jpg 230w\" sizes=\"(max-width: 336px) 100vw, 336px\" \/><\/p>\n<p style=\"text-align: center;\"><span style=\"font-size: 14px;\"><em>Affiche du film de D.W. Griffith,<\/em><em>\u00a0<\/em>Naissance d'une Nation<em>, (1915), \u00a0inspir\u00e9 d'un m\u00e9diocre roman de Thomas Dixon,\u00a0<\/em>The Clansman,\u00a0L'Homme du Clan<em>. Il remet le\u00a0Ku K<\/em><em>ux Klan<\/em><\/span><em><span style=\"font-size: 14px;\">\u00a0au go\u00fbt du jour en le pr\u00e9sentant comme un noble mouvement au service de la\u00a0\u00ab\u00a0civilisation blanche\u00a0\u00bb<\/span>.<\/em><\/p>\n<p style=\"text-align: justify;\"><span style=\"color: #ffffff;\">.\u00a0\u00a0\u00a0\u00a0\u00a0\u00a0\u00a0\u00a0<\/span><\/p>\n<p style=\"text-align: center;\"><img decoding=\"async\" class=\"alignnone wp-image-24022\" src=\"http:\/\/jumelage.org\/francais\/wp-content\/uploads\/2019\/04\/Ku-Klux-Klan-1g.jpg\" alt=\"\" width=\"286\" height=\"439\" srcset=\"https:\/\/jumelage.org\/francais\/wp-content\/uploads\/2019\/04\/Ku-Klux-Klan-1g.jpg 262w, https:\/\/jumelage.org\/francais\/wp-content\/uploads\/2019\/04\/Ku-Klux-Klan-1g-196x300.jpg 196w, https:\/\/jumelage.org\/francais\/wp-content\/uploads\/2019\/04\/Ku-Klux-Klan-1g-230x353.jpg 230w\" sizes=\"(max-width: 286px) 100vw, 286px\" \/><\/p>\n<p style=\"text-align: center;\"><span style=\"font-size: 14px;\"><em>Hiram Wesley Evans, Sorcier imp\u00e9rial du KKK, en 1925 (26 septembre 1881 ; 14 septembre 1966)<\/em><\/span><\/p>\n<p style=\"text-align: justify;\"><span style=\"color: #ffffff;\">.\u00a0\u00a0\u00a0<\/span>\u00a0\u00a0\u00a0\u00a0\u00a0\u00a0\u00a0\u00a0Ce second KKK reprend la rh\u00e9torique supr\u00e9maciste de son anc\u00eatre, mais ajoute de nouvelles cordes \u00e0 son arc. Le \u00ab mal \u00bb n\u2019\u00e9tait plus seulement les Noirs ni leurs d\u00e9fenseurs, mais \u00e9galement le puritanisme via la d\u00e9fense de la prohibition, les intellectuels, les syndicats, les grandes firmes, les communistes, les catholiques (leur nombre a tripl\u00e9 entre 1850 et 1890), les juifs et plus globalement les nouveaux immigrants (en 1907, plus de 1,2 million de personnes \u00e9migrent aux \u00c9tats-Unis, souvent pouss\u00e9es par la pauvret\u00e9 ou les pers\u00e9cutions), lesquels changeaient la nature profonde de la soci\u00e9t\u00e9 am\u00e9ricaine parce que leur origine n\u2019\u00e9tait plus dans les pays anglo-saxons ou nordiques mais plut\u00f4t dans ceux du sud ou de l\u2019est de l\u2019Europe. On les accusait non seulement de voler les emplois, mais surtout de bousculer les fondements de la soci\u00e9t\u00e9, construite par les WASP (White Anglo-Saxon Protestants), avec ses valeurs que les membres du Klan disaient \u00eatre en danger.<\/p>\n<p style=\"text-align: justify;\">Dans les ann\u00e9es 1920, ce populisme r\u00e9actionnaire conna\u00eet un succ\u00e8s flamboyant. Avec le nombre croissant de ses membres, le Klan devient l\u2019une des plus puissantes organisations politiques du pays. En ao\u00fbt 1925, 40.000 klansmen d\u00e9filent devant la Maison-Blanche.<\/p>\n<p style=\"text-align: center;\"><span style=\"font-size: 14px;\"><img decoding=\"async\" class=\"alignnone size-full wp-image-10908 aligncenter\" src=\"http:\/\/jumelage.org\/francais\/wp-content\/uploads\/2018\/09\/Ku-Klux-Klan-1b.jpg\" alt=\"\" width=\"598\" height=\"787\" srcset=\"https:\/\/jumelage.org\/francais\/wp-content\/uploads\/2018\/09\/Ku-Klux-Klan-1b.jpg 598w, https:\/\/jumelage.org\/francais\/wp-content\/uploads\/2018\/09\/Ku-Klux-Klan-1b-228x300.jpg 228w, https:\/\/jumelage.org\/francais\/wp-content\/uploads\/2018\/09\/Ku-Klux-Klan-1b-230x303.jpg 230w, https:\/\/jumelage.org\/francais\/wp-content\/uploads\/2018\/09\/Ku-Klux-Klan-1b-350x461.jpg 350w, https:\/\/jumelage.org\/francais\/wp-content\/uploads\/2018\/09\/Ku-Klux-Klan-1b-480x632.jpg 480w\" sizes=\"(max-width: 598px) 100vw, 598px\" \/><\/span><\/p>\n<p style=\"text-align: center;\"><span style=\"font-size: 14px;\"><em>\u00a0<\/em><em>Le Ku Klux Klan \u00e9tait au sommet de sa popularit\u00e9 lorsque plus de 30 000 membres - des racistes et des antis\u00e9mites - ont d\u00e9fil\u00e9 sur Pennsylvania Avenue \u00e0 Washington le 8 ao\u00fbt 1925.<\/em><\/span><\/p>\n<p style=\"text-align: justify;\"><span style=\"color: #ffffff;\">.\u00a0\u00a0\u00a0\u00a0\u00a0\u00a0\u00a0\u00a0\u00a0\u00a0\u00a0<\/span>En 1929, des membres du KKK mettent le feu \u00e0 la maison de Earl Little, un pasteur noir militant pour l\u2019\u00e9galit\u00e9 des droits. Deux ans plus tard, l\u2019homme est retrouv\u00e9 mort \u00e9cras\u00e9 par un tramway. Son fils, le futur Malcolm X, sera marqu\u00e9 \u00e0 jamais.<\/p>\n<p style=\"text-align: justify;\">Mais la fin de la d\u00e9cennie voit le mouvement p\u00e9ricliter, victime de ses dissensions internes. Et avec la crise de 1929, corruption et violence aidant, ses rangs commencent \u00e0 se d\u00e9cimer. Il finit par sombrer tout \u00e0 fait dans les ann\u00e9es 1930, alors que la<em> Grande D\u00e9pression<\/em>, puis le <em>New Deal<\/em> de Roosevelt occupent tout l\u2019espace politique et m\u00e9diatique. Mais curieusement, \u00e0 la fin de cette p\u00e9riode, \u00e0 la veille de la Seconde Guerre mondiale, c\u2019est sur des bases politiques que Ku Klux Klan \u00e9clate : les membres du Sud \u00e9taient plut\u00f4t d\u00e9mocrates alors que ceux du Nord \u00e9taient plut\u00f4t r\u00e9publicains.<\/p>\n<p style=\"text-align: justify;\">Puis le mouvement se disqualifie d\u00e8s avant la Seconde Guerre mondiale par ses accointances avec les nazis, par des scandales sexuels et par des affaires de corruption grandissante. Apr\u00e8s une \u00e9clipse pendant la Seconde Guerre mondiale, le pr\u00e9sident Roosevelt et son Secr\u00e9taire du Tr\u00e9sor Morgenthau vont l'abattre, comme\u00a0AlCapone,\u00a0\u2026 en p\u00e9n\u00e9trant dans sa comptabilit\u00e9.<\/p>\n<p style=\"text-align: justify;\">C'est ainsi que le 23 avril 1944, James A.\u00a0Colescott, devenu\u00a0<em>\u00ab\u00a0Magicien Imp\u00e9rial \u00bb<\/em>\u00a0en remplacement d'Evans, sera amen\u00e9 \u00e0 dissoudre l\u2019<em>\u00ab\u00a0Empire invisible \u00bb,<\/em>\u00a0non pas en raison de ses innombrables exactions criminelles et racistes mais pour \u00e9chapper \u00e0 un redressement fiscal de 685.305 dollars d\u2019arri\u00e9r\u00e9s d\u2019imp\u00f4ts sur les b\u00e9n\u00e9fices des ann\u00e9es pr\u00e9c\u00e9dentes\u00a0! Le Congr\u00e8s interdit \u00e0 nouveau le KKK en 1944, m\u00eame si cela sera de courte dur\u00e9e.<\/p>\n<h2 style=\"text-align: justify;\"><span class=\"ez-toc-section\" id=\"Le-troisieme-Klan\"><\/span><span style=\"font-size: 20px;\"><strong>Le troisi\u00e8me Klan<\/strong><\/span><span class=\"ez-toc-section-end\"><\/span><\/h2>\n<p style=\"text-align: justify;\"><span style=\"color: #ffffff;\">.\u00a0\u00a0\u00a0\u00a0\u00a0\u00a0\u00a0\u00a0<\/span>\u00a0\u00a0\u00a0 Le <em>Klan<\/em>\u00a0rena\u00eetra une nouvelle fois de ses cendres en 1948 \u00e0 Atlanta, avec le Dr Samuel Green, qui rompra avec l\u2019organisation nationale pr\u00e9f\u00e9rant une organisation par \u00c9tat. Il a aussi chang\u00e9 le titre du chef supr\u00eame, pr\u00e9f\u00e9rant qu\u2019on l\u2019appelle le<em> Grand Dragon<\/em>. Il maintiendra le rituel fantasmagorique\u00a0: croix enflamm\u00e9es dans la nuit, tuniques blanches et cagoules, messages et noms cod\u00e9s.<\/p>\n<p style=\"text-align: center;\"><img decoding=\"async\" class=\"alignnone size-full wp-image-24021\" src=\"http:\/\/jumelage.org\/francais\/wp-content\/uploads\/2019\/04\/Ku-Klux-Klan-1h.jpg\" alt=\"\" width=\"654\" height=\"509\" srcset=\"https:\/\/jumelage.org\/francais\/wp-content\/uploads\/2019\/04\/Ku-Klux-Klan-1h.jpg 654w, https:\/\/jumelage.org\/francais\/wp-content\/uploads\/2019\/04\/Ku-Klux-Klan-1h-300x233.jpg 300w, https:\/\/jumelage.org\/francais\/wp-content\/uploads\/2019\/04\/Ku-Klux-Klan-1h-600x467.jpg 600w, https:\/\/jumelage.org\/francais\/wp-content\/uploads\/2019\/04\/Ku-Klux-Klan-1h-230x179.jpg 230w, https:\/\/jumelage.org\/francais\/wp-content\/uploads\/2019\/04\/Ku-Klux-Klan-1h-350x272.jpg 350w, https:\/\/jumelage.org\/francais\/wp-content\/uploads\/2019\/04\/Ku-Klux-Klan-1h-480x374.jpg 480w\" sizes=\"(max-width: 654px) 100vw, 654px\" \/><\/p>\n<p style=\"text-align: center;\"><span style=\"font-size: 14px;\"><em>Une famille entoure le Dr. Samuel Green, Grand Dragon, lors d\u2019une c\u00e9r\u00e9monie d\u2019initiation, \u00e0 Atlanta, Georgie, le 24 juillet 1948. Wikimedia<\/em><\/span><\/p>\n<p style=\"text-align: justify;\"><span style=\"color: #ffffff;\">.\u00a0\u00a0\u00a0\u00a0\u00a0<\/span> \u00a0\u00a0\u00a0\u00a0\u00a0Le mouvement sombrera dans le ridicule en 1954 lorsqu'un espion infiltr\u00e9 dans ses rangs, Stetson Kennedy, r\u00e9v\u00e8lera au grand jour ses rituels et ses codes dans un livre,\u00a0<em>I rode with the\u00a0Klan<\/em>.<\/p>\n<p style=\"text-align: justify;\">Dans les ann\u00e9es 1950 \/ 1960, des groupuscules d\u2019irr\u00e9ductibles revendiquant l\u2019\u00e9tiquette \"Ku Klux Klan\" reviennent en force, perp\u00e9trant des attaques \u00e0 la bombe et allumant des incendies. \u00c0 la fin des ann\u00e9es 1960, le mouvement des droits civiques qu\u2019il faut combattre et l\u2019influence grandissante des organisations noires entra\u00eenent une recrudescence de l'activit\u00e9 du Klan. Surtout, il b\u00e9n\u00e9ficie dans certains \u00c9tats d\u2019appuis dans la police ou les gouvernements locaux - notamment en Alabama, o\u00f9 le gouverneur George Wallace lance en janvier 1963 son slogan : <em>\"La <\/em><em>s\u00e9gr\u00e9gation<\/em><em> hier, la s\u00e9gr\u00e9gation aujourd'hui, la s\u00e9gr\u00e9gation pour toujours !\"<\/em><\/p>\n<p style=\"text-align: justify;\">Cette fois, cependant, il re\u00e7oit peu de soutien parmi la population du Sud. Si la r\u00e9surgence du Ku Klux Klan dans cette d\u00e9cennie est limit\u00e9e, c'est cependant durant cette p\u00e9riode qu'il commet ses actions les plus brutales (m\u00e9diatiques\u00a0!).<\/p>\n<p style=\"text-align: justify;\">La d\u00e9cennie est marqu\u00e9e par deux attentats particuli\u00e8rement atroces qui choquent l\u2019opinion publique. Le 15 septembre 1963, une bombe explose lors du service religieux d'une \u00e9glise baptiste noire de Birmingham (Alabama) : 20 fid\u00e8les sont bless\u00e9s, quatre fillettes perdent la vie. L\u2019ann\u00e9e suivante, le 21 juin 1964, un Afro-Am\u00e9ricain et deux Juifs, tous trois militants du <em>CORE (Congress of Racial Equality,<\/em> une association de lutte non violente contre la s\u00e9gr\u00e9gation), sont abattus dans leur voiture alors qu\u2019ils tentent d\u2019inscrire les Noirs de la r\u00e9gion sur les listes \u00e9lectorales. Il est \u00e9galement impliqu\u00e9 dans les meurtres de militants de la <em>National Association for the Advancement of Colored People (NAACP, \u00ab Association Nationale pour la promotion des gens de couleur \u00bb<\/em>). Des membres du KKK sont arr\u00eat\u00e9s et condamn\u00e9s, jetant un froid dans l\u2019opinion publique sur les partisans de la s\u00e9gr\u00e9gation.<\/p>\n<p style=\"text-align: justify;\">Malgr\u00e9 sa violence et son alliance avec d'autres groupes supr\u00e9macistes blancs, le KKK n'a jamais \u00e9t\u00e9 d\u00e9clar\u00e9 organisation criminelle ou terroriste, m\u00eame si le gouvernement f\u00e9d\u00e9ral a r\u00e9agi avec vigueur poursuivant les membres du Ku Klux Klan en justice et chargeant le FBI de leur mener une lutte sans merci.<\/p>\n<p style=\"text-align: justify;\">Entre 1967 et 1980, alors que le Ku Klux Klan \u00e9tait r\u00e9duit \u00e0 sa plus faible proportion, Robert M. Shelton, a assur\u00e9 la r\u00e9unification de ses 10.000 membres, les <em>Klansmen<\/em> qui continuent de se r\u00e9unir, dissimul\u00e9s sous des robes blanches et des capuches pointues <span style=\"background-color: #ffffff; color: #0000ff; font-size: 14px;\">(*)<\/span>, dans diff\u00e9rents groupes et a repris l\u2019ancien titre de <em>Sorcier Imp\u00e9rial. <\/em>Bien que le Ku Klux Klan n'ait jamais \u00e9t\u00e9 compl\u00e8tement \u00e9radiqu\u00e9, certaines sources estiment que ses membres ne sont pas plus de 6.000 aujourd'hui. Depuis les ann\u00e9es 1970, le Klan a subi un double processus de marginalisation et d\u2019atomisation, \u00e0 mesure que le supr\u00e9macisme blanc battait en retraite sur la sc\u00e8ne politique.<\/p>\n<p style=\"text-align: justify; padding-left: 40px;\"><span style=\"font-size: 14px;\"><em><span style=\"color: #0000ff;\">(*)<\/span> \u2013 Pour se rendre anonymes ils se couvrent la t\u00eate, d\u2019une capirote, le chapeau pointu en forme de c\u00f4ne port\u00e9, initialement, par les condamn\u00e9s \u00e0 mort de l'Inquisition, puis en Espagne par certains flagellants, et aujourd'hui par les p\u00e9nitents durant les processions de la Semaine sainte. \u00a0Ironiquement, la capirote est d'origine catholique, alors que le Ku Klux Klan, mouvement pr\u00f4nant la supr\u00e9matie blanche protestante, est anti-catholique\u00a0!<\/em><\/span><\/p>\n<p style=\"text-align: center;\"><strong><em>\u00a0<\/em><\/strong><strong><em><span style=\"font-size: 14px;\"><img decoding=\"async\" class=\"alignnone size-full wp-image-10906 aligncenter\" src=\"http:\/\/jumelage.org\/francais\/wp-content\/uploads\/2018\/09\/Ku-Klux-Klan-1d.jpg\" alt=\"\" width=\"656\" height=\"393\" srcset=\"https:\/\/jumelage.org\/francais\/wp-content\/uploads\/2018\/09\/Ku-Klux-Klan-1d.jpg 656w, https:\/\/jumelage.org\/francais\/wp-content\/uploads\/2018\/09\/Ku-Klux-Klan-1d-300x180.jpg 300w, https:\/\/jumelage.org\/francais\/wp-content\/uploads\/2018\/09\/Ku-Klux-Klan-1d-600x359.jpg 600w, https:\/\/jumelage.org\/francais\/wp-content\/uploads\/2018\/09\/Ku-Klux-Klan-1d-230x138.jpg 230w, https:\/\/jumelage.org\/francais\/wp-content\/uploads\/2018\/09\/Ku-Klux-Klan-1d-350x210.jpg 350w, https:\/\/jumelage.org\/francais\/wp-content\/uploads\/2018\/09\/Ku-Klux-Klan-1d-480x288.jpg 480w\" sizes=\"(max-width: 656px) 100vw, 656px\" \/><\/span><\/em><\/strong><\/p>\n<p style=\"text-align: center;\"><span style=\"font-size: 14px;\"><em>Des membres du Ku Klux Klan s'appr\u00eatent \u00e0 d\u00e9filer, en juillet 2009, \u00e0 Pulaski, dans le Tennessee.<\/em><\/span><\/p>\n<p style=\"text-align: justify;\"><span style=\"color: #ffffff;\">.\u00a0\u00a0\u00a0\u00a0\u00a0\u00a0\u00a0\u00a0\u00a0\u00a0\u00a0<\/span>D\u2019apr\u00e8s une \u00e9tude du Tuskegee Institute de l\u2019universit\u00e9 d\u2019Alabama, le Klan a tu\u00e9 3 446 Noirs entre 1882 et 1968.<\/p>\n<p style=\"text-align: justify;\">Depuis 2016 (\u00e9lection de Donald Trump) l\u2019alt-right s\u2019est sentie pousser des ailes. En d\u00e9cembre 2016, un porte-parole du mouvement affirmait avoir re\u00e7u \"1.000 demandes d\u2019information depuis l\u2019\u00e9lection\", et voir \"le nombre de membres augmenter chaque jour\". Plus r\u00e9cemment encore, le mouvement \"Black Lives Matter\" a provoqu\u00e9 l\u2019ire des supr\u00e9macistes blancs. En juin 2020, un certain Harry H. Rogers, qui se d\u00e9crivait lui-m\u00eame comme un leader du KKK, a \u00e9t\u00e9 arr\u00eat\u00e9 pour avoir lanc\u00e9 sa voiture contre des manifestants qui protestaient pacifiquement \u00e0 Richmond (Virginie) apr\u00e8s la mort de George Floyd.<\/p>\n<hr \/>\n<h1 style=\"text-align: center;\"><span class=\"ez-toc-section\" id=\"La-renaissance-du-Ku-Klux-Klan\"><\/span><span style=\"text-decoration: underline; color: #0000ff;\"><strong><span style=\"font-size: 24px;\">La renaissance du Ku Klux\u00a0Klan<\/span> <\/strong><\/span><span class=\"ez-toc-section-end\"><\/span><\/h1>\n<pre style=\"text-align: justify;\"><span style=\"font-size: 14px; color: #0000ff;\"><em>The Conversation - Jean-\u00c9ric Branaa - 27 ao\u00fbt 2018<\/em><\/span><\/pre>\n<p><span style=\"font-size: 14px; color: #0000ff;\"><img decoding=\"async\" class=\"alignnone size-full wp-image-10916 aligncenter\" src=\"http:\/\/jumelage.org\/francais\/wp-content\/uploads\/2018\/09\/Ku-Klux-Klan-2a.jpg\" alt=\"\" width=\"663\" height=\"327\" srcset=\"https:\/\/jumelage.org\/francais\/wp-content\/uploads\/2018\/09\/Ku-Klux-Klan-2a.jpg 663w, https:\/\/jumelage.org\/francais\/wp-content\/uploads\/2018\/09\/Ku-Klux-Klan-2a-300x148.jpg 300w, https:\/\/jumelage.org\/francais\/wp-content\/uploads\/2018\/09\/Ku-Klux-Klan-2a-600x296.jpg 600w, https:\/\/jumelage.org\/francais\/wp-content\/uploads\/2018\/09\/Ku-Klux-Klan-2a-230x113.jpg 230w, https:\/\/jumelage.org\/francais\/wp-content\/uploads\/2018\/09\/Ku-Klux-Klan-2a-350x173.jpg 350w, https:\/\/jumelage.org\/francais\/wp-content\/uploads\/2018\/09\/Ku-Klux-Klan-2a-480x237.jpg 480w\" sizes=\"(max-width: 663px) 100vw, 663px\" \/><\/span><\/p>\n<p style=\"text-align: center;\"><span style=\"font-size: 14px; color: #0000ff;\"><em>Trois membres du Klan se cachent derri\u00e8re les drapeaux conf\u00e9d\u00e9r\u00e9s et am\u00e9ricains, New-York, 1999. DOUG KANTER \/ AFP<\/em><\/span><\/p>\n<p style=\"text-align: justify;\"><span style=\"color: #0000ff;\"><span style=\"color: #ffffff;\">.\u00a0\u00a0\u00a0\u00a0\u00a0\u00a0\u00a0\u00a0\u00a0\u00a0\u00a0<\/span> On n\u2019avait plus entendu parler du Ku Klux Klan depuis la fin des ann\u00e9es\u00a060\u00a0jusqu\u2019au d\u00e9but des ann\u00e9es\u00a090, quand ce groupe a alors op\u00e9r\u00e9 un retour qui a fini par se remarquer\u00a0: en 2017, avec Charlottesville, l\u2019Am\u00e9rique a pleinement pris conscience que le Klan \u00e9tait toujours l\u00e0, parmi eux.<\/span><\/p>\n<p style=\"text-align: justify;\"><span style=\"color: #0000ff;\">La renaissance a tout de m\u00eame surpris, m\u00eame si elle s\u2019est faite avec les bonnes vieilles recettes qui ont toujours \u00e9t\u00e9 les siennes\u00a0: exploiter les peurs pour encourager au rejet et tourmenter ses ennemis. \u00c0 partir du d\u00e9but des ann\u00e9es\u00a02000, c\u2019est le sujet clivant de l\u2019immigration, brandi \u00e0 chaque d\u00e9bat de la vie politique am\u00e9ricaine, qui a permis au Ku Klux Klan d\u2019op\u00e9rer une renaissance.<\/span><\/p>\n<h2 style=\"text-align: justify;\"><span class=\"ez-toc-section\" id=\"Plus-de-tatouages-moins-de-cagoules\"><\/span><span style=\"color: #0000ff; font-size: 16px;\"><strong>Plus de tatouages, moins de cagoules<\/strong><\/span><span class=\"ez-toc-section-end\"><\/span><\/h2>\n<p style=\"text-align: justify;\"><span style=\"color: #0000ff;\"><span style=\"color: #ffffff;\">.\u00a0\u00a0\u00a0\u00a0\u00a0\u00a0\u00a0\u00a0\u00a0\u00a0\u00a0<\/span> La diff\u00e9rence avec les premiers groupes, ceux du XIX<sup>e<\/sup> et du XX<sup>e<\/sup> si\u00e8cles, est apparue tr\u00e8s vite comme \u00e9vidente\u00a0: il ne s\u2019agissait plus uniquement de discuter la place des noirs dans la soci\u00e9t\u00e9, mais d\u2019une vision politique plus globale, nationaliste, contre l\u2019immigration et avec une vision supr\u00e9maciste blanche. Ces n\u00e9o-KKK ont donc eu tendance \u00e0 \u00e9pouser des causes n\u00e9o-nazies, recrutant des membres qui souvent appartenaient d\u00e9j\u00e0 \u00e0 des groupes clairement identifi\u00e9s dans cette mouvance ou impliqu\u00e9s dans la sous-culture nazie <em>skinhead<\/em> de l\u2019\u00e9poque ou des <em>Hammerskins<\/em>, tous tr\u00e8s ouvertement racistes.<\/span><\/p>\n<p style=\"text-align: justify;\"><span style=\"color: #0000ff;\">Les nouveaux membres du Klan se sont tr\u00e8s vite distingu\u00e9s par l\u2019adoption de codes propres \u00e0 cette culture extr\u00e9miste. Ainsi ils sont g\u00e9n\u00e9ralement couverts de tatouages qui vont de la t\u00eate de mort \u00e0 de multiples formes de croix \u2013 dont la croix gamm\u00e9e\u2013, portent des cheveux tr\u00e8s courts ou sont totalement chauve, ont des bottes hautes, des v\u00eatements serr\u00e9s et des vestes d\u2019aviateur, et ils \u00e9coutent leurs propres groupes de <em>punk rock<\/em> ou <em>o\u00ef<\/em> v\u00e9hiculant des messages haineux. Ces \u00e9l\u00e9ments bien d\u00e9finis ont donn\u00e9 corps \u00e0 un groupe en formation, comme la cagoule \u00e0 bout pointu et la tunique blanche l\u2019avaient \u00e9t\u00e9 pour leurs glorieux pr\u00e9d\u00e9cesseurs.<\/span><\/p>\n<p>...<\/p>\n<h2 style=\"text-align: justify;\"><span class=\"ez-toc-section\" id=\"Ils-sont-toujours-la\"><\/span><span style=\"color: #0000ff; font-size: 16px;\"><strong>Ils sont toujours l\u00e0<\/strong><\/span><span class=\"ez-toc-section-end\"><\/span><\/h2>\n<p style=\"text-align: justify;\"><span style=\"color: #0000ff;\"><span style=\"color: #ffffff;\">.\u00a0\u00a0\u00a0\u00a0\u00a0\u00a0\u00a0\u00a0\u00a0\u00a0\u00a0<\/span> En 2018 le Ku Klux Klan n\u2019a plus grand-chose \u00e0 voir avec le groupe ancestral. Aujourd\u2019hui, l\u2019organisation en plus des m\u00e9dias classiques, est tr\u00e8s pr\u00e9sente sur Internet et les r\u00e9seaux sociaux pour diffuser ses id\u00e9es de haine. David Duke, qui a succ\u00e9d\u00e9 \u00e0 Robert Shelton, s\u2019est montr\u00e9 particuli\u00e8rement efficace pour dynamiser \u00e0 nouveau les groupes qui s\u2019\u00e9taient reconstitu\u00e9s. D\u2019apparence plus polic\u00e9, avec un vrai talent d\u2019orateur et passant tr\u00e8s bien dans les m\u00e9dias, il a acquis une grande notori\u00e9t\u00e9, qui lui a permis d\u2019attirer un public de plus en plus large dans des conf\u00e9rences, puis des r\u00e9unions plus priv\u00e9es.<\/span><span style=\"color: #0000ff;\"><em>\u00a0<span style=\"font-size: 14px;\"><img decoding=\"async\" class=\"alignnone size-full wp-image-10913 aligncenter\" src=\"http:\/\/jumelage.org\/francais\/wp-content\/uploads\/2018\/09\/Ku-Klux-Klan-2d.jpg\" alt=\"\" width=\"660\" height=\"525\" srcset=\"https:\/\/jumelage.org\/francais\/wp-content\/uploads\/2018\/09\/Ku-Klux-Klan-2d.jpg 660w, https:\/\/jumelage.org\/francais\/wp-content\/uploads\/2018\/09\/Ku-Klux-Klan-2d-300x239.jpg 300w, https:\/\/jumelage.org\/francais\/wp-content\/uploads\/2018\/09\/Ku-Klux-Klan-2d-600x477.jpg 600w, https:\/\/jumelage.org\/francais\/wp-content\/uploads\/2018\/09\/Ku-Klux-Klan-2d-230x183.jpg 230w, https:\/\/jumelage.org\/francais\/wp-content\/uploads\/2018\/09\/Ku-Klux-Klan-2d-350x278.jpg 350w, https:\/\/jumelage.org\/francais\/wp-content\/uploads\/2018\/09\/Ku-Klux-Klan-2d-480x382.jpg 480w\" sizes=\"(max-width: 660px) 100vw, 660px\" \/><\/span><\/em><\/span><\/p>\n<p style=\"text-align: center;\"><span style=\"font-size: 14px; color: #0000ff;\"><em>\u00ab\u00a0Des fusils et des draps\u00a0\u00bb un membre du Ku Klux Klan, un fermier du comt\u00e9 de Jackson dans l\u2019Ohio, pose pour le photographe Paul Walsh en 1987. Paul M. Walsh<\/em><\/span><\/p>\n<p style=\"text-align: justify;\"><span style=\"color: #0000ff;\">Contrairement \u00e0 ce qu\u2019auraient alors pu envisager les plus optimistes, <u>le mouvement s\u2019est bel et bien relanc\u00e9 dans la dur\u00e9e dans les ann\u00e9es\u00a02000<\/u>. En mars 2006, 80\u00a0membres du mouvement des<em> National Socialistes<\/em> se sont retrouv\u00e9s \u00e0 Laurens, en Caroline du Sud, pour tenter de cr\u00e9er les nouveaux embryons d\u2019un mouvement commun. De nombreux noms \u00ab\u00a0connus\u00a0\u00bb \u00e9taient alors pr\u00e9sents. En plus des repr\u00e9sentants du mouvement des<em> National Socialistes<\/em> et ceux des <em>Nations Ariennes<\/em>, se trouvaient des groupes ressuscit\u00e9s depuis peu, tels que les <em>Chevaliers Gryphons du KKK, les Chevaliers Teutoniques du KKK et les Chevaliers Bayou du KKK.<\/em><\/span><\/p>\n<p style=\"text-align: justify;\"><span style=\"color: #0000ff;\">Parmi les groupes qui comptent, il y a aussi les <em>Klans Imp\u00e9riaux d\u2019Am\u00e9rique<\/em> ou les <em>Chevaliers du Ku Klux Klan<\/em>, le groupe principal, dirig\u00e9 par l\u2019actuel leader national, le pasteur Thomas Robb.<\/span><\/p>\n<p><span style=\"font-size: 14px; color: #0000ff;\"><em><img decoding=\"async\" class=\"alignnone size-full wp-image-10912 aligncenter\" src=\"http:\/\/jumelage.org\/francais\/wp-content\/uploads\/2018\/09\/Ku-Klux-Klan-2e.jpg\" alt=\"\" width=\"663\" height=\"498\" srcset=\"https:\/\/jumelage.org\/francais\/wp-content\/uploads\/2018\/09\/Ku-Klux-Klan-2e.jpg 663w, https:\/\/jumelage.org\/francais\/wp-content\/uploads\/2018\/09\/Ku-Klux-Klan-2e-300x225.jpg 300w, https:\/\/jumelage.org\/francais\/wp-content\/uploads\/2018\/09\/Ku-Klux-Klan-2e-600x451.jpg 600w, https:\/\/jumelage.org\/francais\/wp-content\/uploads\/2018\/09\/Ku-Klux-Klan-2e-230x173.jpg 230w, https:\/\/jumelage.org\/francais\/wp-content\/uploads\/2018\/09\/Ku-Klux-Klan-2e-350x263.jpg 350w, https:\/\/jumelage.org\/francais\/wp-content\/uploads\/2018\/09\/Ku-Klux-Klan-2e-480x361.jpg 480w\" sizes=\"(max-width: 663px) 100vw, 663px\" \/><\/em><\/span><\/p>\n<p style=\"text-align: center;\"><span style=\"font-size: 14px; color: #0000ff;\"><em>Marche des Aryan Nations en 2004, Coeur d\u2019Alene, Idaho.\u00a0 Cole\/Flickr<\/em><\/span><\/p>\n<p style=\"text-align: justify;\"><span style=\"color: #0000ff;\">Les estimations des groupes qui observent ces mouvements, comme le <em>Southern Poverty Law Center <\/em>ou l\u2019<em>Anti-Defamation League<\/em>, \u00e9valuent \u00e0 6\u00a0000\u00a0personnes le nombre de membres actuels du Ku Klux Klan. Le<em> Southern Poverty Law Center<\/em>, qui \u00e9tudie la question, a recens\u00e9 158\u00a0groupes diff\u00e9rents du Ku Klux Klan (et pr\u00e8s de 200\u00a0groupes de haine), non seulement dans tous les \u00c9tats du sud \u2013 et cela va jusqu\u2019en Californie \u2013, mais aussi en Ohio, en Pennsylvanie, dans l\u2019Etat de New York, dans l\u2019Illinois, le Maryland, le Connecticut, le New Jersey ou Washington DC. Les id\u00e9ologies et motivations de ces groupes convergent toutes aujourd\u2019hui.<\/span><\/p>\n<p style=\"text-align: justify;\"><span style=\"color: #0000ff;\">Le Ku Klux Klan poss\u00e8de son quartier g\u00e9n\u00e9ral dans le comt\u00e9 de Boone, dans l\u2019Arkansas, \u00e0 30\u00a0km au nord de Harrison, le si\u00e8ge de comt\u00e9, qui est \u00e9galement consid\u00e9r\u00e9 par de nombreux m\u00e9dias comme la ville la plus raciste des \u00c9tats-Unis.<\/span><\/p>\n<h2 style=\"text-align: justify;\"><span class=\"ez-toc-section\" id=\"La-survivance-de-la-haine\"><\/span><span style=\"color: #0000ff; font-size: 16px;\"><strong>La survivance de la haine<\/strong><\/span><span class=\"ez-toc-section-end\"><\/span><\/h2>\n<p style=\"text-align: justify;\"><span style=\"color: #0000ff;\"><span style=\"color: #ffffff;\">.\u00a0\u00a0\u00a0\u00a0\u00a0\u00a0\u00a0\u00a0\u00a0\u00a0\u00a0 <\/span>Au-del\u00e0 du folklore, du retour \u00e0 des noms \u00e9tranges, \u00e0 l\u2019organisation particuli\u00e8re de ce groupe, ce qui frappe est sa capacit\u00e9 de survie et de r\u00e9silience au cours des deux si\u00e8cles pr\u00e9c\u00e9dents. Il a ainsi pris la place d\u2019une soupape ou d\u2019un v\u00e9hicule pour les id\u00e9es les plus sombres et plus naus\u00e9abondes circulant au sein de la soci\u00e9t\u00e9 am\u00e9ricaine.<\/span><\/p>\n<p style=\"text-align: justify;\"><span style=\"color: #0000ff;\">Si l\u2019immigration est toujours au c\u0153ur des pr\u00e9occupations des supr\u00e9macistes, vient d\u00e9sormais s\u2019ajouter le nationalisme, l\u2019ingr\u00e9dient moderne ajout\u00e9 et compl\u00e9mentaire de la flatterie des bas-instincts, du rejet des plus faibles, de l\u2019enfermement sur une pens\u00e9e \u00e9triqu\u00e9e et une attitude qui ne laisse aucune chance \u00e0 la bienveillance et au respect. Le supr\u00e9macisme est d\u00e9sormais une id\u00e9e qui fait sens dans une soci\u00e9t\u00e9 h\u00e9t\u00e9roclite.<\/span><\/p>\n<p style=\"text-align: justify;\"><span style=\"color: #0000ff;\">C\u2019est aussi pour cela que de nombreux politiciens am\u00e9ricains veulent en finir avec les <u>symboles conf\u00e9d\u00e9r\u00e9s<\/u>, qui maintiennent au premier plan des pratiques et des pens\u00e9es dont l\u2019Am\u00e9rique souhaiterait se d\u00e9barrasser.<\/span><\/p>\n<hr \/>\n<h1 style=\"text-align: center;\"><span class=\"ez-toc-section\" id=\"Qui-sont-ces-supremacistes-blancs-qui-revent-de-purete-ethnique\"><\/span><span style=\"color: #993300; font-size: 24px;\"><strong><span style=\"text-decoration: underline;\">Qui sont ces supr\u00e9macistes blancs qui r\u00eavent de puret\u00e9 ethnique ?<\/span> <\/strong><\/span><span class=\"ez-toc-section-end\"><\/span><\/h1>\n<pre style=\"text-align: justify;\"><span style=\"color: #993300; font-size: 14px;\"><em>Jeune Afrique - Jean-Eric Boulin \u2013 15 sep 2017<\/em><\/span>\n<span style=\"color: #993300; font-size: 14px;\"><em>Le Figaro - Guillaume Descours \u2013 17 ao\u00fbt 2017<\/em><\/span><\/pre>\n<p><span style=\"font-size: 14px;\"><img decoding=\"async\" class=\"alignnone size-full wp-image-10922 aligncenter\" src=\"http:\/\/jumelage.org\/francais\/wp-content\/uploads\/2018\/09\/Ku-Klux-Klan-3a.jpg\" alt=\"\" width=\"664\" height=\"332\" srcset=\"https:\/\/jumelage.org\/francais\/wp-content\/uploads\/2018\/09\/Ku-Klux-Klan-3a.jpg 664w, https:\/\/jumelage.org\/francais\/wp-content\/uploads\/2018\/09\/Ku-Klux-Klan-3a-300x150.jpg 300w, https:\/\/jumelage.org\/francais\/wp-content\/uploads\/2018\/09\/Ku-Klux-Klan-3a-600x300.jpg 600w, https:\/\/jumelage.org\/francais\/wp-content\/uploads\/2018\/09\/Ku-Klux-Klan-3a-230x115.jpg 230w, https:\/\/jumelage.org\/francais\/wp-content\/uploads\/2018\/09\/Ku-Klux-Klan-3a-350x175.jpg 350w, https:\/\/jumelage.org\/francais\/wp-content\/uploads\/2018\/09\/Ku-Klux-Klan-3a-480x240.jpg 480w\" sizes=\"(max-width: 664px) 100vw, 664px\" \/><\/span><\/p>\n<p style=\"text-align: center;\"><span style=\"color: #993300; font-size: 14px;\"><em>Membres de la \u00ab\u00a0brigade blanche\u00a0\u00bb au cours d\u2019une manifestation devant le Lincoln Memorial \u00e0 Washington.<\/em><\/span><\/p>\n<p style=\"text-align: justify;\"><span style=\"color: #993300;\"><span style=\"color: #ffffff;\"><em>.\u00a0\u00a0\u00a0\u00a0\u00a0\u00a0\u00a0\u00a0\u00a0\u00a0\u00a0 <\/em><\/span>Ils ne sont que quelques milliers, mais, depuis le drame de Charlottesville, en ao\u00fbt 2017, on ne voit qu\u2019eux dans les m\u00e9dias. Qui sont ces supr\u00e9macistes blancs qui r\u00e9v\u00e8rent Trump et r\u00eavent de restaurer une illusoire puret\u00e9 ethnique de l\u2019Am\u00e9rique\u2009?<\/span><\/p>\n<p style=\"text-align: justify;\"><span style=\"color: #993300;\">Ils sont sortis de la clandestinit\u00e9 par une chaude nuit du mois d\u2019ao\u00fbt. Sur le campus de l\u2019universit\u00e9 de Virginie, ils ont d\u00e9fil\u00e9, flambeaux en main, en scandant\u2009: \u00ab\u00a0<em>Vous ne nous remplacerez pas\u2009! Les Juifs ne nous remplaceront pas.<\/em>\u00a0\u00bb<\/span><\/p>\n<p style=\"text-align: justify;\"><span style=\"color: #993300;\">Le lendemain, r\u00e9unis \u00e0 Charlottesville pour protester contre le d\u00e9mant\u00e8lement d\u2019une statue du g\u00e9n\u00e9ral sudiste Robert Lee (1807-1870), ils ont fait le coup de poing avec des militants d\u2019extr\u00eame gauche. Au cours de l\u2019\u00e9chauffour\u00e9e, Heather Heyer, une jeune femme de 32\u00a0ans, a \u00e9t\u00e9 tu\u00e9e par une voiture-b\u00e9lier conduite par un jeune nazillon venu de l\u2019Ohio.<\/span><\/p>\n<p style=\"text-align: justify;\"><span style=\"color: #993300;\">Stup\u00e9faite, l\u2019Am\u00e9rique a d\u00e9couvert une image d\u2019elle-m\u00eame qu\u2019elle ne soup\u00e7onnait pas. Qui sont donc ces jeunes Blancs ultraviolents arborant fi\u00e8rement les symboles du nazisme\u2009? Que veut cette <em>\u00ab\u00a0alt-right\u00a0\u00bb (pour \u00ab\u00a0alternative right\u00a0\u00bb<\/em>) qui fait d\u00e9sormais l\u2019actualit\u00e9\u2009? Ce mouvement extr\u00e9miste est d\u2019autant plus d\u00e9complex\u00e9 qu\u2019il n\u2019a jamais eu \u00e0 la Maison-Blanche un pr\u00e9sident plus proche de ses id\u00e9es. Donald Trump a en effet mollement condamn\u00e9 le drame de Charlottesville et a renvoy\u00e9 dos \u00e0 dos<em> alt-right<\/em> et <em>alt-left<\/em> (gauche radicale).<\/span><\/p>\n<p style=\"text-align: justify;\"><span style=\"color: #993300;\">Foutraque et h\u00e9t\u00e9roclite, l\u2019<em>alt-right<\/em> rassemble les vieux routiers du supr\u00e9macisme blanc \u2013\u00a0du <em>Ku Klux Klan <\/em>aux innombrables ligues de d\u00e9fense de l\u2019identit\u00e9 sudiste\u00a0\u2013, mais aussi de nouvelles figures, non moins radicales, de l\u2019extr\u00eame droite, parmi lesquelles le blogueur Jason Kessler, membre des P<em>roud Boys<\/em>, un groupe pro-Trump cr\u00e9\u00e9 en 2016 par Gavin McInnes, le fondateur aujourd\u2019hui \u00e9cart\u00e9 de <em>Vice Magazine<\/em>\u2009; Richard\u00a0B. Spencer, directeur de la revue en ligne <em>Radix Journal<\/em>\u2009; et Mike Peinovich, surnomm\u00e9 \u00ab\u00a0Enoch\u00a0\u00bb en hommage \u00e0 Enoch Powell (1912-1998), le ma\u00eetre \u00e0 penser de l\u2019extr\u00eame droite britannique. Citons encore l\u2019ancien marine Nathan Benjamin Damigo, fondateur du groupe nationaliste <em>Identity Evropa<\/em>, qui s\u2019inspire des identitaires europ\u00e9ens, et Matthew Heimbach, qui dirige le <em>Parti traditionaliste des travailleurs.<\/em><\/span><\/p>\n<p style=\"text-align: justify;\"><span style=\"color: #993300;\">Hormis leur jeunesse, qu\u2019est-ce qui distingue ces nouveaux venus\u2009? Le recours syst\u00e9matique \u00e0 l\u2019outrance verbale (\u00e0 Charlottesville, ils hurlaient des heil hitl\u00e9riens), et de fr\u00e9quentes r\u00e9f\u00e9rences \u00e0 des penseurs europ\u00e9ens comme les Fran\u00e7ais Alain de Benoist, fondateur de la <em>Nouvelle Droite<\/em>, et <em>Renaud Camus<\/em>, th\u00e9oricien du \u00ab\u00a0grand remplacement\u00a0\u00bb d\u00e9mographique et culturel des Europ\u00e9ens de souche par des populations allochtones.<\/span><\/p>\n<p><span style=\"color: #993300; font-size: 14px;\"><em><img decoding=\"async\" class=\"alignnone size-full wp-image-10921 aligncenter\" src=\"http:\/\/jumelage.org\/francais\/wp-content\/uploads\/2018\/09\/Ku-Klux-Klan-3b.jpg\" alt=\"\" width=\"664\" height=\"443\" srcset=\"https:\/\/jumelage.org\/francais\/wp-content\/uploads\/2018\/09\/Ku-Klux-Klan-3b.jpg 664w, https:\/\/jumelage.org\/francais\/wp-content\/uploads\/2018\/09\/Ku-Klux-Klan-3b-300x200.jpg 300w, https:\/\/jumelage.org\/francais\/wp-content\/uploads\/2018\/09\/Ku-Klux-Klan-3b-600x400.jpg 600w, https:\/\/jumelage.org\/francais\/wp-content\/uploads\/2018\/09\/Ku-Klux-Klan-3b-230x153.jpg 230w, https:\/\/jumelage.org\/francais\/wp-content\/uploads\/2018\/09\/Ku-Klux-Klan-3b-350x234.jpg 350w, https:\/\/jumelage.org\/francais\/wp-content\/uploads\/2018\/09\/Ku-Klux-Klan-3b-480x320.jpg 480w, https:\/\/jumelage.org\/francais\/wp-content\/uploads\/2018\/09\/Ku-Klux-Klan-3b-272x182.jpg 272w\" sizes=\"(max-width: 664px) 100vw, 664px\" \/><\/em><\/span><\/p>\n<p style=\"text-align: center;\"><span style=\"color: #993300; font-size: 14px;\"><em>Picture\u00a0: Steve Helber - AP\/SIPA<\/em><\/span><\/p>\n<p style=\"text-align: justify;\"><span style=\"color: #993300;\">Ils proposent une esth\u00e9tique \u00e0 la fois \u00ab\u00a0virilo\u00efde\u00a0\u00bb, rebelle et clanique de nature \u00e0 s\u00e9duire nombre de jeunes Blancs d\u00e9class\u00e9s. Beaucoup arborent une coiffure dite \u00ab\u00a0fashy\u00a0\u00bb (\u00ab\u00a0fasciste\u00a0\u00bb) directement inspir\u00e9e des jeunesses hitl\u00e9riennes\u2009: cheveux ras\u00e9s sur les tempes et longs sur le dessus du cr\u00e2ne. Parmi leurs livres cultes, le <em>Fight Club<\/em> de Chuck Palahniuk (adapt\u00e9 au cin\u00e9ma, avec Brad Pitt dans le r\u00f4le principal), qui met en sc\u00e8ne des hommes en rupture de ban s\u2019adonnant nuitamment \u00e0 des combats de boxe clandestins. Leur embl\u00e8me\u2009? La grenouille <em>Pepe<\/em>, personnage repris d\u2019une bande dessin\u00e9e de 2005 et transform\u00e9 par leurs soins en symbole de haine.<\/span><\/p>\n<h2 style=\"text-align: justify;\"><span class=\"ez-toc-section\" id=\"Chapelles\"><\/span><span style=\"color: #993300; font-size: 16px;\"><strong>Chapelles<\/strong><\/span><span class=\"ez-toc-section-end\"><\/span><\/h2>\n<p style=\"text-align: justify;\"><span style=\"color: #993300;\"><span style=\"color: #ffffff;\"><em>.\u00a0\u00a0\u00a0\u00a0\u00a0\u00a0\u00a0\u00a0\u00a0\u00a0\u00a0 <\/em><\/span>Cet extr\u00e9misme ultramoderne conna\u00eet une diffusion importante gr\u00e2ce \u00e0 internet. Le point commun \u00e0 toutes ces chapelles\u2009? La d\u00e9fense de la \u00ab\u00a0race blanche\u00a0\u00bb. Comme l\u2019explique James Edwards, animateur d\u2019une radio d\u2019extr\u00eame droite\u2009: \u00ab\u00a0<em>La race \u00e9tant le fondement de l\u2019identit\u00e9, les Europ\u00e9ens-Am\u00e9ricains se doivent de disposer de leurs propres organisations.<\/em>\u00a0\u00bb Pour ce mouvement, l\u2019in\u00e9galit\u00e9 entre les races est donc un postulat.<\/span><\/p>\n<p style=\"text-align: justify;\"><span style=\"color: #993300;\">En 2005, l\u2019id\u00e9ologue Jared Taylor estimait ainsi sur son magazine en ligne <em>American Renaissance<\/em> que \u00ab\u00a0<em>quand les Noirs sont laiss\u00e9s \u00e0 eux-m\u00eames, la civilisation occidentale est menac\u00e9e de disparition<\/em>\u00a0\u00bb. La commune obsession de ces jeunes gens\u2009? Le \u00ab<em>\u00a0g\u00e9nocide des Am\u00e9ricains blancs<\/em>\u00a0\u00bb sous le double effet de l\u2019immigration non blanche et des mariages interraciaux. Un processus d\u00e9lib\u00e9r\u00e9 cens\u00e9 \u00eatre manipul\u00e9 par les Juifs.<\/span><\/p>\n<p style=\"text-align: justify;\"><span style=\"color: #993300;\">Certains, comme Spencer, veulent que les Blancs disposent d\u2019un \u00c9tat ethniquement pur. D\u2019autres, comme Heimbach, sont favorables au d\u00e9mant\u00e8lement des \u00c9tats-Unis et \u00e0 la cr\u00e9ation de nouvelles entit\u00e9s fond\u00e9es sur la race et la religion. D\u2019autres enfin, comme Andrew Anglin, \u00e9diteur du journal en ligne <em>The Daily Stormer<\/em>, militent pour le rapatriement des Africains-Am\u00e9ricains en Afrique ou, \u00e0 d\u00e9faut, pour la cr\u00e9ation de \u00ab\u00a0territoires autonomes\u00a0\u00bb qui leur soient r\u00e9serv\u00e9s. Ils n\u2019acceptent qu\u2019une immigration blanche, europ\u00e9enne, et donc non latino. Le 20\u00a0ao\u00fbt, des militants <em>alt-right <\/em>ont ainsi protest\u00e9 contre l\u2019immigration ill\u00e9gale \u00e0 Laguna Beach, dans le sud de la Californie, au cri de \u00ab\u00a0<em>Build the wall\u2009!<\/em>\u00a0\u00bb, en \u00e9cho \u00e0 la promesse de Trump de construire un mur le long de la fronti\u00e8re avec le Mexique.<\/span><\/p>\n<p style=\"text-align: justify;\"><span style=\"color: #993300;\">Le mouvement est n\u00e9anmoins loin d\u2019\u00eatre monolithique. Certains de ses militants sont obs\u00e9d\u00e9s par la \u00ab\u00a0JQ\u00a0\u00bb, la \u00ab\u00a0Jewish Question\u00a0\u00bb, d\u2019autres beaucoup moins. Dans un documentaire consacr\u00e9 par<em> Vice Magazine<\/em> aux \u00e9v\u00e9nements de Charlottesville (et vu plus de 50\u00a0millions de fois sur internet), un certain Christopher Cantwell se demande sans rire ce qu\u2019une \u00ab\u00a0belle fille blonde\u00a0\u00bb comme Ivanka Trump fait avec un Juif comme Jared Kushner (son mari). Certains, comme McInnes, d\u00e9sapprouvent cet antis\u00e9mitisme visc\u00e9ral. On les appelle les \u00ab\u00a0<em>alt-light<\/em>\u00a0\u00bb, l\u2019extr\u00eame droite light.<\/span><\/p>\n<p style=\"text-align: justify;\"><span style=\"color: #993300;\">Les militants utilisent volontiers le terme \u00ab\u00a0cuck\u00a0\u00bb \u2013\u00a0qui n\u2019a rien d\u2019un compliment\u2009: d\u00e9riv\u00e9 de <em>\u00ab\u00a0<\/em>cuckold\u00a0\u00bb (\u00ab\u00a0cocu\u00a0\u00bb), il vise \u00e0 jeter le doute sur la virilit\u00e9 d\u2019un adversaire. D\u2019ailleurs, nombre d\u2019entre eux d\u00e9testent les gays. Milo Yiannopoulos, l\u2019une des grandes figures du mouvement, est pourtant un homosexuel (et un islamophobe) notoire, vir\u00e9 de <em>Breitbart News,<\/em> r\u00e9cemment recentr\u00e9 apr\u00e8s avoir d\u00e9fendu publiquement la p\u00e9dophilie.<\/span><\/p>\n<p style=\"text-align: justify;\"><span style=\"color: #993300;\">La droite alternative a atteint son objectif, qui \u00e9tait de beaucoup faire parler d\u2019elle. Pourtant, elle ne compte dans le pays que quelques milliers de militants. Sa notori\u00e9t\u00e9 naissante est d\u2019ailleurs relative\u2009: selon un sondage r\u00e9alis\u00e9 en d\u00e9cembre\u00a02016 par l\u2019institut<em> Pew<\/em>, 54\u00a0% des Am\u00e9ricains ignorent jusqu\u2019\u00e0 son existence.<\/span><\/p>\n<p style=\"text-align: justify;\"><span style=\"color: #993300;\">Pourtant, 62 des 85\u00a0attaques terroristes recens\u00e9es aux \u00c9tats-Unis entre le 11\u00a0septembre 2001 et le 31\u00a0d\u00e9cembre 2016 leur sont imput\u00e9es. L\u2019une des plus spectaculaires eut pour cadre l\u2019\u00e9glise m\u00e9thodiste de Charleston (Caroline du Sud), en juin\u00a02015. Dylan Roof, son auteur, n\u2019a pas fait myst\u00e8re des mobiles de son geste insens\u00e9\u2009: \u00ab\u00a0<em>Les Noirs violent nos femmes\u2009!<\/em>\u00a0\u00bb<\/span><\/p>\n<p style=\"text-align: justify;\"><span style=\"color: #993300;\">L\u2019ann\u00e9e 2017 a \u00e9t\u00e9 marqu\u00e9e par une recrudescence des violences racistes. Pour Thomas\u00a0J.\u00a0Main, enseignant \u00e0 l\u2019universit\u00e9 de New York et auteur de<em> The Rise of the Alt-Right<\/em>, \u00e0 para\u00eetre en 2018, le danger repr\u00e9sent\u00e9 par ces groupes, qui, pour l\u2019instant, cherchent davantage \u00e0 influencer le d\u00e9bat public qu\u2019\u00e0 remporter des victoires \u00e9lectorales, est indiscutable\u2009: \u00ab<em>\u00a0Depuis la guerre de S\u00e9cession,<\/em> estime-t-il, <em>les seuls mouvements id\u00e9ologiques en conflit ouvert avec la d\u00e9mocratie lib\u00e9rale ont \u00e9t\u00e9 les communistes, dans les ann\u00e9es\u00a01930\u2009; les radicaux de la nouvelle gauche, dans les ann\u00e9es 1960\u2009; et l\u2019alt-right, aujourd\u2019hui.\u00a0<\/em>\u00bb<\/span><\/p>\n<p style=\"text-align: justify;\"><span style=\"color: #993300;\">Son ascension co\u00efncide avec celle de Trump. On se souvient que le futur pr\u00e9sident avait lanc\u00e9 en 2011 une naus\u00e9abonde pol\u00e9mique concernant Barack Obama, accus\u00e9 \u00e0 tort de n\u2019\u00eatre pas n\u00e9 aux \u00c9tats-Unis. Comme par hasard, l\u2019<em>alt-right <\/em>est sortie des limbes juste apr\u00e8s son \u00e9lection. En novembre\u00a02016, Richard Spencer a ainsi organis\u00e9 devant la Maison-Blanche un meeting au cours duquel une poign\u00e9e d\u2019allum\u00e9s ont multipli\u00e9 les saluts nazis. Spencer, pour qui les Blancs sont des \u00ab\u00a0enfants du soleil\u00a0\u00bb, assistait \u00e0 l\u2019investiture de Trump, le 20\u00a0janvier. Pour lui et ses acolytes, l\u2019\u00e9lection de ce dernier est une divine surprise.<\/span><\/p>\n<h2 style=\"text-align: justify;\"><span class=\"ez-toc-section\" id=\"K-comme-Klan\"><\/span><span style=\"color: #993300; font-size: 16px;\"><strong>K comme Klan<\/strong><\/span><span class=\"ez-toc-section-end\"><\/span><\/h2>\n<p style=\"text-align: justify;\"><span style=\"color: #993300;\"><span style=\"color: #ffffff;\"><em>.\u00a0\u00a0\u00a0\u00a0\u00a0\u00a0\u00a0\u00a0\u00a0\u00a0\u00a0 <\/em><\/span>\u00ab\u00a0<em>Nous sommes d\u00e9termin\u00e9s \u00e0 reprendre en main notre pays et \u00e0 tenir les promesses de Trump<\/em>, fanfaronne David Duke, ancien grand wizard du KKK.<em> C\u2019est ce en quoi nous croyons et c\u2019est pour \u00e7a que nous avons vot\u00e9 pour lui.<\/em>\u00a0\u00bb Rappelons que, pendant la campagne, le futur \u00e9lu n\u2019avait d\u00e9clin\u00e9 que du bout des l\u00e8vres l\u2019encombrant soutien du Klan. Et que Steve Bannon, son venimeux conseiller r\u00e9cemment d\u00e9barqu\u00e9, a longtemps \u00e9t\u00e9 un chouchou de l\u2019<em>alt-right.<\/em> Et puis Trump vient d\u2019amnistier Joe Arpaio, un sh\u00e9rif qui violait la loi en regroupant dans des \u00ab\u00a0camps de concentration\u00a0\u00bb en Arizona les Latinos clandestins arr\u00eat\u00e9s par ses soins, avant de les expulser. <em>Last but not least<\/em>, il a d\u00e9cid\u00e9 de supprimer progressivement le programme <em>Deferred Action for Childhood Arrival (Daca)<\/em>, mis en place en\u00a02012 par Obama pour prot\u00e9ger les jeunes immigr\u00e9s, presque tous latinos, entr\u00e9s ill\u00e9galement aux \u00c9tats-Unis. \u00ab<em>\u00a0Un bon d\u00e9but\u00a0<\/em>\u00bb, a tweet\u00e9 Spencer.<\/span><\/p>\n<p style=\"text-align: justify;\"><span style=\"color: #993300;\">En mati\u00e8re d\u2019accointances avec l\u2019extr\u00eame droite, \u00e7a commence quand m\u00eame \u00e0 faire beaucoup. Comme l\u2019\u00e9crit Thomas Main, \u00ab<em>\u00a0non seulement l\u2019administration Trump ne combat pas l\u2019alt-right, mais elle cherche \u00e0 s\u2019attirer ses faveurs\u00a0<\/em>\u00bb. N\u2019est-ce pas Trump qui, deux semaines apr\u00e8s sa prise de fonction, a demand\u00e9 aux services de renseignement de se concentrer sur les groupes islamistes plut\u00f4t que sur les supr\u00e9macistes blancs\u2009?<\/span><\/p>\n<p style=\"text-align: justify;\"><span style=\"color: #993300;\">Peu \u00e0 peu, le discours racialiste de l\u2019<em>alt-right<\/em> contamine les r\u00e9publicains<em> mainstream.<\/em> \u00ab\u00a0<em>Le<\/em> Grand Old Party <em>a bien chang\u00e9 depuis 2005<\/em>, commente David Brooks, du New York Times.<em> Il v\u00e9hicule d\u00e9sormais toute une s\u00e9rie de questions li\u00e9es \u00e0 l\u2019identit\u00e9 blanche.<\/em>\u00a0\u00bb En 2005, seuls 6\u00a0% des r\u00e9publicains consid\u00e9raient que les Blancs \u00e9taient victimes de discriminations. Ils \u00e9taient 18\u00a0% en 2016.<\/span><\/p>\n<p style=\"text-align: justify;\"><span style=\"color: #993300;\">Preuve de la vitalit\u00e9 de la d\u00e9mocratie am\u00e9ricaine, la riposte n\u2019a pas tard\u00e9. Dans la rue, les militants d\u2019extr\u00eame gauche rendent coup pour coup. Par crainte de nouveaux d\u00e9rapages, des marches similaires \u00e0 celle de Charlottesville ont \u00e9t\u00e9 annul\u00e9es. C\u2019est le cas de celle de <em>White Lives Matter<\/em>, qui devait avoir lieu le 11\u00a0septembre sur le campus de Texas A&amp;M\u00a0University. Spencer devait y prendre la parole. \u00ab<em>\u00a0Le premier amendement <\/em>[qui garantit la libert\u00e9 d\u2019expression]<em> ne s\u2019applique manifestement pas aux Blancs<\/em>\u00a0\u00bb, a protest\u00e9 Preston Wiginton, l\u2019organisateur de la marche.<\/span><\/p>\n<p style=\"text-align: justify;\"><span style=\"color: #993300;\">Fin ao\u00fbt, un autre d\u00e9fil\u00e9 a eu lieu \u00e0 Boston. Il n\u2019a rassembl\u00e9 que quelques dizaines de militants <em>alt-right<\/em>, alors que les contre-manifestants de gauche \u00e9taient plusieurs milliers. Certaines personnalit\u00e9s ont pris leurs distances avec le mouvement. C\u2019est le cas de McInnes et m\u00eame de Bannon, qui a jug\u00e9 que les <em>alt-right<\/em> de Charlottesville \u00e9taient une \u00ab\u00a0bande de clowns\u00a0\u00bb. Plusieurs des clowns en question ont perdu leur emploi apr\u00e8s avoir \u00e9t\u00e9 identifi\u00e9s sur internet. Par ailleurs, des entreprises comme PayPal ou AirBnb ont refus\u00e9 de fournir leurs services \u00e0 des nationalistes blancs. M\u00eame la marque Tikki Brand a protest\u00e9 contre l\u2019utilisation de ses flambeaux lors de la marche sur le campus de l\u2019universit\u00e9 de Virginie.\u00a0Quant au <em>Daily Stormer<\/em>, il a perdu le site qui l\u2019h\u00e9bergeait sur internet.<\/span><\/p>\n<h2 style=\"text-align: justify;\"><span class=\"ez-toc-section\" id=\"Leffet-domino-de-Charlottesville\"><\/span><span style=\"color: #993300; font-size: 16px;\"><strong>L\u2019effet domino de Charlottesville<\/strong><\/span><span class=\"ez-toc-section-end\"><\/span><\/h2>\n<p style=\"text-align: justify;\"><span style=\"color: #993300;\"><em><span style=\"color: #ffffff;\">.\u00a0\u00a0\u00a0\u00a0\u00a0\u00a0\u00a0\u00a0\u00a0\u00a0\u00a0<\/span> <\/em>\u00c0 l\u2019exception notable de Trump, la classe politique a \u00e9t\u00e9 unanime dans la r\u00e9probation. Candidat r\u00e9publicain \u00e0 la pr\u00e9sidentielle en 2008, John McCain n\u2019y est pas all\u00e9 par quatre chemins\u2009: \u00ab\u00a0<em>Les supr\u00e9macistes blancs<\/em>, a-t-il tweet\u00e9, <em>ne sont pas des patriotes, ce sont des tra\u00eetres.<\/em>\u00a0\u00bb \u00c0 l\u2019inverse, la ti\u00e9deur de sa condamnation de l\u2019<em>alt-right<\/em> a valu quelques d\u00e9boires au pr\u00e9sident, qui a perdu nombre de ses relais dans le monde des affaires. Gary Cohn, son principal conseiller \u00e9conomique \u2013 qui est juif\u00a0\u2013, a m\u00eame envisag\u00e9 de d\u00e9missionner.<\/span><\/p>\n<p style=\"text-align: justify;\"><span style=\"color: #993300;\">Surtout, le coup de force des <em>alt-right<\/em> n\u2019a pas vraiment eu l\u2019effet escompt\u00e9, au contraire. Les quelque 1\u2009500 monuments conf\u00e9d\u00e9r\u00e9s que compte encore le pays sont abattus les uns apr\u00e8s les autres. Mi-ao\u00fbt, \u00e0 Baltimore, quatre statues ont ainsi \u00e9t\u00e9 d\u00e9boulonn\u00e9es nuitamment. Le maire de Dallas a, pour sa part, demand\u00e9 \u00e0 son conseil municipal de voter le d\u00e9mant\u00e8lement de ces \u00ab\u00a0totems dangereux\u00a0\u00bb. D\u2019autres villes (San Antonio, Memphis, Jacksonville) devraient suivre.<\/span><\/p>\n<p style=\"text-align: justify;\"><span style=\"color: #993300;\">\u00c0 Lexington au Kentucky, deux statues conf\u00e9d\u00e9r\u00e9es continuent de tr\u00f4ner pr\u00e8s du march\u00e9 o\u00f9 les esclaves \u00e9taient jadis vendus aux ench\u00e8res. Mais elles vont \u00eatre abattues. \u00ab\u00a0<em>Les \u00e9v\u00e9nements de Charlottesville ont acc\u00e9l\u00e9r\u00e9 les choses\u00a0<\/em>\u00bb, estime le maire de la ville.<\/span><\/p>\n<p style=\"text-align: justify;\"><span style=\"color: #993300;\"><em><span style=\"color: #ffffff;\">.\u00a0\u00a0\u00a0\u00a0\u00a0\u00a0\u00a0\u00a0\u00a0\u00a0\u00a0<\/span> Selon un rapport du Southern Poverty Law Center, plus de 1500 symboles conf\u00e9d\u00e9r\u00e9s sont toujours pr\u00e9sents sur le territoire am\u00e9ricain, en l'honneur de soldats et chefs militaires sudistes.<\/em><\/span><\/p>\n<p><span style=\"color: #993300; font-size: 14px;\"><em><img decoding=\"async\" class=\"alignnone size-full wp-image-10923 aligncenter\" src=\"http:\/\/jumelage.org\/francais\/wp-content\/uploads\/2018\/09\/Ku-Klux-Klan-3c.jpg\" alt=\"\" width=\"661\" height=\"369\" srcset=\"https:\/\/jumelage.org\/francais\/wp-content\/uploads\/2018\/09\/Ku-Klux-Klan-3c.jpg 661w, https:\/\/jumelage.org\/francais\/wp-content\/uploads\/2018\/09\/Ku-Klux-Klan-3c-300x167.jpg 300w, https:\/\/jumelage.org\/francais\/wp-content\/uploads\/2018\/09\/Ku-Klux-Klan-3c-600x335.jpg 600w, https:\/\/jumelage.org\/francais\/wp-content\/uploads\/2018\/09\/Ku-Klux-Klan-3c-230x128.jpg 230w, https:\/\/jumelage.org\/francais\/wp-content\/uploads\/2018\/09\/Ku-Klux-Klan-3c-350x195.jpg 350w, https:\/\/jumelage.org\/francais\/wp-content\/uploads\/2018\/09\/Ku-Klux-Klan-3c-480x268.jpg 480w\" sizes=\"(max-width: 661px) 100vw, 661px\" \/><\/em><\/span><\/p>\n<p style=\"text-align: center;\"><span style=\"color: #993300; font-size: 14px;\"><em>Le Figaro - Guillaume Descours \u2013 17 ao\u00fbt 2017<\/em><\/span><\/p>\n<\/div>\n<\/div><\/div><\/div><\/div><\/div><\/div><\/div>","protected":false},"excerpt":{"rendered":"<p>Le Ku Klux Klan D&rsquo;apr\u00e8s : National geographic\u2013HS jun-jul 2018 \/ Herodote.net \u2013 Andr\u00e9 Laran\u00e9 \u2013 18 mar 2019 \/ Geo.fr &#8211; Marine Jeannin \u2013 [&hellip;]<\/p>\n","protected":false},"author":34,"featured_media":10918,"comment_status":"open","ping_status":"open","sticky":false,"template":"post-templates\/post_full.php","format":"standard","meta":{"two_page_speed":[],"footnotes":""},"categories":[8],"tags":[],"class_list":["post-10905","post","type-post","status-publish","format-standard","has-post-thumbnail","hentry","category-only-in-the-usa"],"yoast_head":"<!-- This site is optimized with the Yoast SEO plugin v27.5 - https:\/\/yoast.com\/product\/yoast-seo-wordpress\/ -->\n<title>Le Ku Klux Klan Jumelage<\/title>\n<meta name=\"description\" content=\"Pendant la Reconstruction, le cauchemar des Conf\u00e9d\u00e9r\u00e9s devient r\u00e9alit\u00e9 : leurs anciens esclaves peuvent d\u00e9sormais voter.\" \/>\n<meta name=\"robots\" content=\"index, follow, max-snippet:-1, max-image-preview:large, max-video-preview:-1\" \/>\n<link rel=\"canonical\" href=\"http:\/\/jumelage.org\/francais\/le-ku-klux-klan\/\" \/>\n<meta property=\"og:locale\" content=\"fr_FR\" \/>\n<meta property=\"og:type\" content=\"article\" \/>\n<meta property=\"og:title\" content=\"Le Ku Klux Klan Jumelage\" \/>\n<meta property=\"og:description\" content=\"Pendant la Reconstruction, le cauchemar des Conf\u00e9d\u00e9r\u00e9s devient r\u00e9alit\u00e9 : leurs anciens esclaves peuvent d\u00e9sormais voter.\" \/>\n<meta property=\"og:url\" content=\"http:\/\/jumelage.org\/francais\/le-ku-klux-klan\/\" \/>\n<meta property=\"og:site_name\" content=\"Jumelage\" \/>\n<meta property=\"article:publisher\" content=\"http:\/\/www.facebook.com\/jumelagew.sgl\/\" \/>\n<meta property=\"article:published_time\" content=\"2021-01-14T09:34:22+00:00\" \/>\n<meta property=\"article:modified_time\" content=\"2022-01-15T20:10:45+00:00\" \/>\n<meta property=\"og:image\" content=\"https:\/\/jumelage.org\/francais\/wp-content\/uploads\/2018\/09\/Ku-Klux-Klan.jpg\" \/>\n\t<meta property=\"og:image:width\" content=\"445\" \/>\n\t<meta property=\"og:image:height\" content=\"445\" \/>\n\t<meta property=\"og:image:type\" content=\"image\/jpeg\" \/>\n<meta name=\"author\" content=\"Didier Briffaud\" \/>\n<meta name=\"twitter:card\" content=\"summary_large_image\" \/>\n<meta name=\"twitter:label1\" content=\"\u00c9crit par\" \/>\n\t<meta name=\"twitter:data1\" content=\"Didier Briffaud\" \/>\n\t<meta name=\"twitter:label2\" content=\"Dur\u00e9e de lecture estim\u00e9e\" \/>\n\t<meta name=\"twitter:data2\" content=\"34 minutes\" \/>\n<script type=\"application\/ld+json\" class=\"yoast-schema-graph\">{\"@context\":\"https:\\\/\\\/schema.org\",\"@graph\":[{\"@type\":\"Article\",\"@id\":\"http:\\\/\\\/jumelage.org\\\/francais\\\/le-ku-klux-klan\\\/#article\",\"isPartOf\":{\"@id\":\"http:\\\/\\\/jumelage.org\\\/francais\\\/le-ku-klux-klan\\\/\"},\"author\":{\"name\":\"Didier Briffaud\",\"@id\":\"https:\\\/\\\/jumelage.org\\\/francais\\\/#\\\/schema\\\/person\\\/705d0280ac94e984bd90af9a68f12beb\"},\"headline\":\"Le Ku Klux Klan\",\"datePublished\":\"2021-01-14T09:34:22+00:00\",\"dateModified\":\"2022-01-15T20:10:45+00:00\",\"mainEntityOfPage\":{\"@id\":\"http:\\\/\\\/jumelage.org\\\/francais\\\/le-ku-klux-klan\\\/\"},\"wordCount\":6631,\"commentCount\":0,\"image\":{\"@id\":\"http:\\\/\\\/jumelage.org\\\/francais\\\/le-ku-klux-klan\\\/#primaryimage\"},\"thumbnailUrl\":\"https:\\\/\\\/jumelage.org\\\/francais\\\/wp-content\\\/uploads\\\/2018\\\/09\\\/Ku-Klux-Klan.jpg\",\"articleSection\":[\"Only in the USA\"],\"inLanguage\":\"fr-FR\",\"potentialAction\":[{\"@type\":\"CommentAction\",\"name\":\"Comment\",\"target\":[\"http:\\\/\\\/jumelage.org\\\/francais\\\/le-ku-klux-klan\\\/#respond\"]}]},{\"@type\":\"WebPage\",\"@id\":\"http:\\\/\\\/jumelage.org\\\/francais\\\/le-ku-klux-klan\\\/\",\"url\":\"http:\\\/\\\/jumelage.org\\\/francais\\\/le-ku-klux-klan\\\/\",\"name\":\"Le Ku Klux Klan Jumelage\",\"isPartOf\":{\"@id\":\"https:\\\/\\\/jumelage.org\\\/francais\\\/#website\"},\"primaryImageOfPage\":{\"@id\":\"http:\\\/\\\/jumelage.org\\\/francais\\\/le-ku-klux-klan\\\/#primaryimage\"},\"image\":{\"@id\":\"http:\\\/\\\/jumelage.org\\\/francais\\\/le-ku-klux-klan\\\/#primaryimage\"},\"thumbnailUrl\":\"https:\\\/\\\/jumelage.org\\\/francais\\\/wp-content\\\/uploads\\\/2018\\\/09\\\/Ku-Klux-Klan.jpg\",\"datePublished\":\"2021-01-14T09:34:22+00:00\",\"dateModified\":\"2022-01-15T20:10:45+00:00\",\"author\":{\"@id\":\"https:\\\/\\\/jumelage.org\\\/francais\\\/#\\\/schema\\\/person\\\/705d0280ac94e984bd90af9a68f12beb\"},\"description\":\"Pendant la Reconstruction, le cauchemar des Conf\u00e9d\u00e9r\u00e9s devient r\u00e9alit\u00e9 : leurs anciens esclaves peuvent d\u00e9sormais voter.\",\"breadcrumb\":{\"@id\":\"http:\\\/\\\/jumelage.org\\\/francais\\\/le-ku-klux-klan\\\/#breadcrumb\"},\"inLanguage\":\"fr-FR\",\"potentialAction\":[{\"@type\":\"ReadAction\",\"target\":[\"http:\\\/\\\/jumelage.org\\\/francais\\\/le-ku-klux-klan\\\/\"]}]},{\"@type\":\"ImageObject\",\"inLanguage\":\"fr-FR\",\"@id\":\"http:\\\/\\\/jumelage.org\\\/francais\\\/le-ku-klux-klan\\\/#primaryimage\",\"url\":\"https:\\\/\\\/jumelage.org\\\/francais\\\/wp-content\\\/uploads\\\/2018\\\/09\\\/Ku-Klux-Klan.jpg\",\"contentUrl\":\"https:\\\/\\\/jumelage.org\\\/francais\\\/wp-content\\\/uploads\\\/2018\\\/09\\\/Ku-Klux-Klan.jpg\",\"width\":445,\"height\":445},{\"@type\":\"BreadcrumbList\",\"@id\":\"http:\\\/\\\/jumelage.org\\\/francais\\\/le-ku-klux-klan\\\/#breadcrumb\",\"itemListElement\":[{\"@type\":\"ListItem\",\"position\":1,\"name\":\"Accueil\",\"item\":\"https:\\\/\\\/jumelage.org\\\/francais\\\/\"},{\"@type\":\"ListItem\",\"position\":2,\"name\":\"Le Ku Klux Klan\"}]},{\"@type\":\"WebSite\",\"@id\":\"https:\\\/\\\/jumelage.org\\\/francais\\\/#website\",\"url\":\"https:\\\/\\\/jumelage.org\\\/francais\\\/\",\"name\":\"Jumelage\",\"description\":\"Saint-Germain-en-Laye &amp; Winchester (MA)\",\"potentialAction\":[{\"@type\":\"SearchAction\",\"target\":{\"@type\":\"EntryPoint\",\"urlTemplate\":\"https:\\\/\\\/jumelage.org\\\/francais\\\/?s={search_term_string}\"},\"query-input\":{\"@type\":\"PropertyValueSpecification\",\"valueRequired\":true,\"valueName\":\"search_term_string\"}}],\"inLanguage\":\"fr-FR\"},{\"@type\":\"Person\",\"@id\":\"https:\\\/\\\/jumelage.org\\\/francais\\\/#\\\/schema\\\/person\\\/705d0280ac94e984bd90af9a68f12beb\",\"name\":\"Didier Briffaud\",\"image\":{\"@type\":\"ImageObject\",\"inLanguage\":\"fr-FR\",\"@id\":\"https:\\\/\\\/secure.gravatar.com\\\/avatar\\\/610579cadcb937a2d0e4791428c0266e174bf06f1c4c225a2f3f25d9e31aa08d?s=96&d=mm&r=g\",\"url\":\"https:\\\/\\\/secure.gravatar.com\\\/avatar\\\/610579cadcb937a2d0e4791428c0266e174bf06f1c4c225a2f3f25d9e31aa08d?s=96&d=mm&r=g\",\"contentUrl\":\"https:\\\/\\\/secure.gravatar.com\\\/avatar\\\/610579cadcb937a2d0e4791428c0266e174bf06f1c4c225a2f3f25d9e31aa08d?s=96&d=mm&r=g\",\"caption\":\"Didier Briffaud\"},\"sameAs\":[\"https:\\\/\\\/histochronum.com\\\/\"],\"url\":\"http:\\\/\\\/jumelage.org\\\/francais\\\/author\\\/didbri\\\/\"}]}<\/script>\n<!-- \/ Yoast SEO plugin. -->","yoast_head_json":{"title":"Le Ku Klux Klan Jumelage","description":"Pendant la Reconstruction, le cauchemar des Conf\u00e9d\u00e9r\u00e9s devient r\u00e9alit\u00e9 : leurs anciens esclaves peuvent d\u00e9sormais voter.","robots":{"index":"index","follow":"follow","max-snippet":"max-snippet:-1","max-image-preview":"max-image-preview:large","max-video-preview":"max-video-preview:-1"},"canonical":"http:\/\/jumelage.org\/francais\/le-ku-klux-klan\/","og_locale":"fr_FR","og_type":"article","og_title":"Le Ku Klux Klan Jumelage","og_description":"Pendant la Reconstruction, le cauchemar des Conf\u00e9d\u00e9r\u00e9s devient r\u00e9alit\u00e9 : leurs anciens esclaves peuvent d\u00e9sormais voter.","og_url":"http:\/\/jumelage.org\/francais\/le-ku-klux-klan\/","og_site_name":"Jumelage","article_publisher":"http:\/\/www.facebook.com\/jumelagew.sgl\/","article_published_time":"2021-01-14T09:34:22+00:00","article_modified_time":"2022-01-15T20:10:45+00:00","og_image":[{"width":445,"height":445,"url":"https:\/\/jumelage.org\/francais\/wp-content\/uploads\/2018\/09\/Ku-Klux-Klan.jpg","type":"image\/jpeg"}],"author":"Didier Briffaud","twitter_card":"summary_large_image","twitter_misc":{"\u00c9crit par":"Didier Briffaud","Dur\u00e9e de lecture estim\u00e9e":"34 minutes"},"schema":{"@context":"https:\/\/schema.org","@graph":[{"@type":"Article","@id":"http:\/\/jumelage.org\/francais\/le-ku-klux-klan\/#article","isPartOf":{"@id":"http:\/\/jumelage.org\/francais\/le-ku-klux-klan\/"},"author":{"name":"Didier Briffaud","@id":"https:\/\/jumelage.org\/francais\/#\/schema\/person\/705d0280ac94e984bd90af9a68f12beb"},"headline":"Le Ku Klux Klan","datePublished":"2021-01-14T09:34:22+00:00","dateModified":"2022-01-15T20:10:45+00:00","mainEntityOfPage":{"@id":"http:\/\/jumelage.org\/francais\/le-ku-klux-klan\/"},"wordCount":6631,"commentCount":0,"image":{"@id":"http:\/\/jumelage.org\/francais\/le-ku-klux-klan\/#primaryimage"},"thumbnailUrl":"https:\/\/jumelage.org\/francais\/wp-content\/uploads\/2018\/09\/Ku-Klux-Klan.jpg","articleSection":["Only in the USA"],"inLanguage":"fr-FR","potentialAction":[{"@type":"CommentAction","name":"Comment","target":["http:\/\/jumelage.org\/francais\/le-ku-klux-klan\/#respond"]}]},{"@type":"WebPage","@id":"http:\/\/jumelage.org\/francais\/le-ku-klux-klan\/","url":"http:\/\/jumelage.org\/francais\/le-ku-klux-klan\/","name":"Le Ku Klux Klan Jumelage","isPartOf":{"@id":"https:\/\/jumelage.org\/francais\/#website"},"primaryImageOfPage":{"@id":"http:\/\/jumelage.org\/francais\/le-ku-klux-klan\/#primaryimage"},"image":{"@id":"http:\/\/jumelage.org\/francais\/le-ku-klux-klan\/#primaryimage"},"thumbnailUrl":"https:\/\/jumelage.org\/francais\/wp-content\/uploads\/2018\/09\/Ku-Klux-Klan.jpg","datePublished":"2021-01-14T09:34:22+00:00","dateModified":"2022-01-15T20:10:45+00:00","author":{"@id":"https:\/\/jumelage.org\/francais\/#\/schema\/person\/705d0280ac94e984bd90af9a68f12beb"},"description":"Pendant la Reconstruction, le cauchemar des Conf\u00e9d\u00e9r\u00e9s devient r\u00e9alit\u00e9 : leurs anciens esclaves peuvent d\u00e9sormais voter.","breadcrumb":{"@id":"http:\/\/jumelage.org\/francais\/le-ku-klux-klan\/#breadcrumb"},"inLanguage":"fr-FR","potentialAction":[{"@type":"ReadAction","target":["http:\/\/jumelage.org\/francais\/le-ku-klux-klan\/"]}]},{"@type":"ImageObject","inLanguage":"fr-FR","@id":"http:\/\/jumelage.org\/francais\/le-ku-klux-klan\/#primaryimage","url":"https:\/\/jumelage.org\/francais\/wp-content\/uploads\/2018\/09\/Ku-Klux-Klan.jpg","contentUrl":"https:\/\/jumelage.org\/francais\/wp-content\/uploads\/2018\/09\/Ku-Klux-Klan.jpg","width":445,"height":445},{"@type":"BreadcrumbList","@id":"http:\/\/jumelage.org\/francais\/le-ku-klux-klan\/#breadcrumb","itemListElement":[{"@type":"ListItem","position":1,"name":"Accueil","item":"https:\/\/jumelage.org\/francais\/"},{"@type":"ListItem","position":2,"name":"Le Ku Klux Klan"}]},{"@type":"WebSite","@id":"https:\/\/jumelage.org\/francais\/#website","url":"https:\/\/jumelage.org\/francais\/","name":"Jumelage","description":"Saint-Germain-en-Laye &amp; Winchester (MA)","potentialAction":[{"@type":"SearchAction","target":{"@type":"EntryPoint","urlTemplate":"https:\/\/jumelage.org\/francais\/?s={search_term_string}"},"query-input":{"@type":"PropertyValueSpecification","valueRequired":true,"valueName":"search_term_string"}}],"inLanguage":"fr-FR"},{"@type":"Person","@id":"https:\/\/jumelage.org\/francais\/#\/schema\/person\/705d0280ac94e984bd90af9a68f12beb","name":"Didier Briffaud","image":{"@type":"ImageObject","inLanguage":"fr-FR","@id":"https:\/\/secure.gravatar.com\/avatar\/610579cadcb937a2d0e4791428c0266e174bf06f1c4c225a2f3f25d9e31aa08d?s=96&d=mm&r=g","url":"https:\/\/secure.gravatar.com\/avatar\/610579cadcb937a2d0e4791428c0266e174bf06f1c4c225a2f3f25d9e31aa08d?s=96&d=mm&r=g","contentUrl":"https:\/\/secure.gravatar.com\/avatar\/610579cadcb937a2d0e4791428c0266e174bf06f1c4c225a2f3f25d9e31aa08d?s=96&d=mm&r=g","caption":"Didier Briffaud"},"sameAs":["https:\/\/histochronum.com\/"],"url":"http:\/\/jumelage.org\/francais\/author\/didbri\/"}]}},"_links":{"self":[{"href":"http:\/\/jumelage.org\/francais\/wp-json\/wp\/v2\/posts\/10905","targetHints":{"allow":["GET"]}}],"collection":[{"href":"http:\/\/jumelage.org\/francais\/wp-json\/wp\/v2\/posts"}],"about":[{"href":"http:\/\/jumelage.org\/francais\/wp-json\/wp\/v2\/types\/post"}],"author":[{"embeddable":true,"href":"http:\/\/jumelage.org\/francais\/wp-json\/wp\/v2\/users\/34"}],"replies":[{"embeddable":true,"href":"http:\/\/jumelage.org\/francais\/wp-json\/wp\/v2\/comments?post=10905"}],"version-history":[{"count":0,"href":"http:\/\/jumelage.org\/francais\/wp-json\/wp\/v2\/posts\/10905\/revisions"}],"wp:featuredmedia":[{"embeddable":true,"href":"http:\/\/jumelage.org\/francais\/wp-json\/wp\/v2\/media\/10918"}],"wp:attachment":[{"href":"http:\/\/jumelage.org\/francais\/wp-json\/wp\/v2\/media?parent=10905"}],"wp:term":[{"taxonomy":"category","embeddable":true,"href":"http:\/\/jumelage.org\/francais\/wp-json\/wp\/v2\/categories?post=10905"},{"taxonomy":"post_tag","embeddable":true,"href":"http:\/\/jumelage.org\/francais\/wp-json\/wp\/v2\/tags?post=10905"}],"curies":[{"name":"wp","href":"https:\/\/api.w.org\/{rel}","templated":true}]}}